{"id":30648,"date":"2022-06-24T07:35:52","date_gmt":"2022-06-24T12:35:52","guid":{"rendered":"http:\/\/losperiodistas.com.mx\/portal\/?p=30648"},"modified":"2022-06-24T07:35:54","modified_gmt":"2022-06-24T12:35:54","slug":"el-senado-de-ee-uu-dio-luz-verde-a-un-proyecto-de-ley-para-controlar-el-porte-de-armas-france-24","status":"publish","type":"post","link":"https:\/\/losperiodistas.com.mx\/portal\/el-senado-de-ee-uu-dio-luz-verde-a-un-proyecto-de-ley-para-controlar-el-porte-de-armas-france-24\/","title":{"rendered":"El Senado de EE. UU. dio luz verde a un proyecto de ley para controlar el porte de armas | France 24"},"content":{"rendered":"\n<p><\/p>\n\n\n\n<figure class=\"wp-block-image size-large\"><img fetchpriority=\"high\" decoding=\"async\" width=\"1024\" height=\"576\" src=\"https:\/\/losperiodistas.com.mx\/portal\/wp-content\/uploads\/2022\/06\/AP22174726048271-1024x576.jpg\" alt=\"\" class=\"wp-image-30649\" srcset=\"https:\/\/losperiodistas.com.mx\/portal\/wp-content\/uploads\/2022\/06\/AP22174726048271-1024x576.jpg 1024w, https:\/\/losperiodistas.com.mx\/portal\/wp-content\/uploads\/2022\/06\/AP22174726048271-300x169.jpg 300w, https:\/\/losperiodistas.com.mx\/portal\/wp-content\/uploads\/2022\/06\/AP22174726048271-768x432.jpg 768w, https:\/\/losperiodistas.com.mx\/portal\/wp-content\/uploads\/2022\/06\/AP22174726048271.jpg 1280w\" sizes=\"(max-width: 1024px) 100vw, 1024px\" \/><figcaption>Pistolas de mano para la venta se muestran en las armas de fuego SP el jueves 23 de junio de 2022, en Hempstead, Nueva York.\u00a0AP &#8211; Brittainy Newman<\/figcaption><\/figure>\n\n\n\n<p><\/p>\n\n\n\n<p class=\"has-vivid-cyan-blue-color has-text-color has-medium-font-size\">FRANCE 24<\/p>\n\n\n\n<p>El Senado de Estados Unidos aprob\u00f3 a \u00faltima hora de este jueves un proyecto de ley bipartidista para llevar a cabo una mayor regulaci\u00f3n sobre el porte de armas en la naci\u00f3n norteamericana. Esto se dio en el mismo d\u00eda en el que el Tribunal Supremo, de mayor\u00eda conservadora, tumb\u00f3\u00a0una ley centenaria en el estado de Nueva York en la\u00a0que se prohib\u00eda la tenencia\u00a0de armas en el espacio p\u00fablico, legitimando\u00a0as\u00ed su uso en pos de la \u00ableg\u00edtima defensa\u00bb fuera del hogar.<\/p>\n\n\n\n<p>Por 65 votos contra 33. As\u00ed fue el resultado en el Senado estadounidense, que a \u00faltima hora del jueves aprob\u00f3 un proyecto de ley bipartidista sobre la violencia armada, algo que parec\u00eda impensable hace un mes.&nbsp;<\/p>\n\n\n\n<p>Los senadores estadounidenses presentaron el proyecto legislativo,&nbsp;que da luz verde a un paquete limitado de nuevas restricciones de armas de fuego as\u00ed como el desembolso de&nbsp;miles de millones de d\u00f3lares en fondos para salud mental y seguridad escolar.<\/p>\n\n\n\n<p>\u201cEsta noche,\u00a0el Senado de los Estados Unidos est\u00e1 haciendo algo que muchos cre\u00edan que era imposible incluso hace unas semanas: estamos aprobando el primer proyecto de ley significativo sobre la seguridad de las armas en casi 30 a\u00f1os\u201d, dijo el l\u00edder de la mayor\u00eda dem\u00f3crata en el Senado, Chuck Schumer, despu\u00e9s de que se aprobara la legislaci\u00f3n.<\/p>\n\n\n\n<p><strong>La reforma<\/strong><\/p>\n\n\n\n<p>As\u00ed las cosas, la Ley bipartidista de comunidades m\u00e1s seguras,&nbsp;respaldada por los 50 senadores dem\u00f3cratas y otros 15 republicanos, consta de verificaciones de antecedentes mejoradas para compradores menores de 21 a\u00f1os, 11.000 millones de d\u00f3lares en fondos para salud mental y &nbsp;2.000 millones para programas de seguridad escolar.<\/p>\n\n\n\n<p>En la misma l\u00ednea de prevenci\u00f3n, destinar\u00eda fondos para promover la implementaci\u00f3n de leyes \u00abbandera roja\u00bb por parte de los estados, que tuvieran por objeto el retiro de armas de fuego de personas consideradas una amenaza.&nbsp;<\/p>\n\n\n\n<p>Este viernes es probable que lo acordado en el Senado sea asimismo validado por la C\u00e1mara de Representantes, de mayor\u00eda dem\u00f3crata. Aunque lo deliberado por la C\u00e1mara Alta estadounidense est\u00e1 lejos de cumplir con las expectativas de quienes apuestan por un control mayor de las armas en el pa\u00eds y del propio presidente, Joe Biden,&nbsp;s\u00ed se observa como un avance n\u00edtido en la materia luego de cerca de 30 a\u00f1os de inacci\u00f3n por parte del Legislativo.<\/p>\n\n\n\n<p>\u00abEsto no es una cura para todas las formas en que la violencia con armas afecta a nuestra naci\u00f3n\u00bb, apostill\u00f3&nbsp;Schumer, cuyo partido ha hecho del control de&nbsp;armas un objetivo durante d\u00e9cadas. \u00abPero es un paso largamente esperado en la direcci\u00f3n correcta\u00bb.<\/p>\n\n\n\n<p>Por su parte, el&nbsp;l\u00edder republicano en el Senado, Mitch McConnell, dijo que \u00abel pueblo estadounidense quiere que se protejan sus derechos constitucionales y que sus hijos est\u00e9n seguros en la escuela\u00bb, en un gui\u00f1o a la c\u00e9lebre Segunda Enmienda de la Constituci\u00f3n, que aprueba el porte de armas. As\u00ed mismo, a\u00f1adi\u00f3 que&nbsp;\u00abquieren ambas cosas a la vez, y eso es justo lo que el proyecto de ley que tiene el Senado habr\u00e1 logrado\u00bb.<\/p>\n\n\n\n<p><strong>Jornada agridulce<\/strong><\/p>\n\n\n\n<p>Aunque el proyecto de ley se pudo sacar adelante tras semanas de reuniones de puerta cerrada, no contempla los extremos m\u00e1s estrictos como&nbsp;la prohibici\u00f3n de armas de asalto y cargadores de munici\u00f3n de alta capacidad,&nbsp; utilizados entre otros tiroteos masivos, en las recientes masacres&nbsp;de Buffalo, en Nueva York,&nbsp;y en la escuela de primaria de Uvalde, en Texas, donde fallecieron 19 menores.&nbsp;<\/p>\n\n\n\n<p>No obstante, las reformas planteadas en el proyecto de ley sirven para reforzar las posiciones y el relato tanto de los dem\u00f3cratas como de los republicanos de cara a las elecciones de mitad de mandato, que tendr\u00e1n lugar el pr\u00f3ximo 8 de noviembre, donde el partido de Biden&nbsp;aspira&nbsp;a conservar sus mayor\u00edas y el Partido Republicano&nbsp;a arrebat\u00e1rselas.&nbsp;<\/p>\n\n\n\n<p>A pesar de los avances en el Senado, que se espera se confirmen el viernes en la C\u00e1mara Baja, la jornada de este jueves&nbsp;fue agridulce para los defensores del control de armas en Estados Unidos.&nbsp;<\/p>\n\n\n\n<p>En horas de la ma\u00f1ana, el Tribunal Supremo, de mayor\u00eda conservadora, emiti\u00f3 un&nbsp;fallo que ampl\u00eda el derecho de la ciudadan\u00eda estadounidense&nbsp;a portar armas en p\u00fablico, tras tumbar una ley centenaria del estado de&nbsp;Nueva York que obligaba a demostrar la necesidad de llevar un arma fuera de casa&nbsp;antes de obtener una licencia para hacerlo.<\/p>\n\n\n\n<p>El l\u00edder republicano, McConnell, recibi\u00f3 con agrado tanto la decisi\u00f3n de los jueces del Supremo como&nbsp;la aprobaci\u00f3n del proyecto de ley de armas en el Senado como \u00abvictorias complementarias que har\u00e1n que nuestro pa\u00eds sea m\u00e1s libre y m\u00e1s seguro al mismo tiempo.\u00bb<\/p>\n\n\n\n<p>Con informaci\u00f3n de AP y medios locales<\/p>\n\n\n\n<p>Fuente: https:\/\/www.france24.com\/es\/ee-uu-y-canad%C3%A1\/20220624-senado-eeuu-luz-verde-proyecto-ley-control-porte-armas<\/p>\n","protected":false},"excerpt":{"rendered":"<p>FRANCE 24 El Senado de Estados Unidos aprob\u00f3 a \u00faltima hora de este jueves un proyecto de ley bipartidista para [&hellip;]<\/p>\n","protected":false},"author":1,"featured_media":30649,"comment_status":"open","ping_status":"open","sticky":false,"template":"","format":"standard","meta":{"site-sidebar-layout":"default","site-content-layout":"","ast-site-content-layout":"default","site-content-style":"default","site-sidebar-style":"default","ast-global-header-display":"","ast-banner-title-visibility":"","ast-main-header-display":"","ast-hfb-above-header-display":"","ast-hfb-below-header-display":"","ast-hfb-mobile-header-display":"","site-post-title":"","ast-breadcrumbs-content":"","ast-featured-img":"","footer-sml-layout":"","theme-transparent-header-meta":"","adv-header-id-meta":"","stick-header-meta":"","header-above-stick-meta":"","header-main-stick-meta":"","header-below-stick-meta":"","astra-migrate-meta-layouts":"default","ast-page-background-enabled":"default","ast-page-background-meta":{"desktop":{"background-color":"var(--ast-global-color-4)","background-image":"","background-repeat":"repeat","background-position":"center center","background-size":"auto","background-attachment":"scroll","background-type":"","background-media":"","overlay-type":"","overlay-color":"","overlay-opacity":"","overlay-gradient":""},"tablet":{"background-color":"","background-image":"","background-repeat":"repeat","background-position":"center center","background-size":"auto","background-attachment":"scroll","background-type":"","background-media":"","overlay-type":"","overlay-color":"","overlay-opacity":"","overlay-gradient":""},"mobile":{"background-color":"","background-image":"","background-repeat":"repeat","background-position":"center center","background-size":"auto","background-attachment":"scroll","background-type":"","background-media":"","overlay-type":"","overlay-color":"","overlay-opacity":"","overlay-gradient":""}},"ast-content-background-meta":{"desktop":{"background-color":"var(--ast-global-color-5)","background-image":"","background-repeat":"repeat","background-position":"center center","background-size":"auto","background-attachment":"scroll","background-type":"","background-media":"","overlay-type":"","overlay-color":"","overlay-opacity":"","overlay-gradient":""},"tablet":{"background-color":"var(--ast-global-color-5)","background-image":"","background-repeat":"repeat","background-position":"center center","background-size":"auto","background-attachment":"scroll","background-type":"","background-media":"","overlay-type":"","overlay-color":"","overlay-opacity":"","overlay-gradient":""},"mobile":{"background-color":"var(--ast-global-color-5)","background-image":"","background-repeat":"repeat","background-position":"center center","background-size":"auto","background-attachment":"scroll","background-type":"","background-media":"","overlay-type":"","overlay-color":"","overlay-opacity":"","overlay-gradient":""}},"footnotes":""},"categories":[8],"tags":[10951,4025,4293,10952],"class_list":["post-30648","post","type-post","status-publish","format-standard","has-post-thumbnail","hentry","category-noticias","tag-asociacion-nacional-el-rifle","tag-estados-unidos","tag-senado","tag-venta-de-armas"],"_links":{"self":[{"href":"https:\/\/losperiodistas.com.mx\/portal\/wp-json\/wp\/v2\/posts\/30648","targetHints":{"allow":["GET"]}}],"collection":[{"href":"https:\/\/losperiodistas.com.mx\/portal\/wp-json\/wp\/v2\/posts"}],"about":[{"href":"https:\/\/losperiodistas.com.mx\/portal\/wp-json\/wp\/v2\/types\/post"}],"author":[{"embeddable":true,"href":"https:\/\/losperiodistas.com.mx\/portal\/wp-json\/wp\/v2\/users\/1"}],"replies":[{"embeddable":true,"href":"https:\/\/losperiodistas.com.mx\/portal\/wp-json\/wp\/v2\/comments?post=30648"}],"version-history":[{"count":1,"href":"https:\/\/losperiodistas.com.mx\/portal\/wp-json\/wp\/v2\/posts\/30648\/revisions"}],"predecessor-version":[{"id":30650,"href":"https:\/\/losperiodistas.com.mx\/portal\/wp-json\/wp\/v2\/posts\/30648\/revisions\/30650"}],"wp:featuredmedia":[{"embeddable":true,"href":"https:\/\/losperiodistas.com.mx\/portal\/wp-json\/wp\/v2\/media\/30649"}],"wp:attachment":[{"href":"https:\/\/losperiodistas.com.mx\/portal\/wp-json\/wp\/v2\/media?parent=30648"}],"wp:term":[{"taxonomy":"category","embeddable":true,"href":"https:\/\/losperiodistas.com.mx\/portal\/wp-json\/wp\/v2\/categories?post=30648"},{"taxonomy":"post_tag","embeddable":true,"href":"https:\/\/losperiodistas.com.mx\/portal\/wp-json\/wp\/v2\/tags?post=30648"}],"curies":[{"name":"wp","href":"https:\/\/api.w.org\/{rel}","templated":true}]}}