{"id":30645,"date":"2022-06-24T07:25:01","date_gmt":"2022-06-24T12:25:01","guid":{"rendered":"http:\/\/losperiodistas.com.mx\/portal\/?p=30645"},"modified":"2022-06-24T07:25:03","modified_gmt":"2022-06-24T12:25:03","slug":"audios-filtrados-exhiben-la-colaboracion-entre-gertz-manero-y-el-padre-de-emilio-lozoya-proceso","status":"publish","type":"post","link":"https:\/\/losperiodistas.com.mx\/portal\/audios-filtrados-exhiben-la-colaboracion-entre-gertz-manero-y-el-padre-de-emilio-lozoya-proceso\/","title":{"rendered":"Audios filtrados exhiben la colaboraci\u00f3n entre Gertz Manero y el padre de Emilio Lozoya | Proceso"},"content":{"rendered":"\n<p><em>Tres audios filtrados este jueves exhiben las negociaciones entre el titular de la FGR, Alejandro Gertz Manero, y el padre de Emilio Lozoya para allanar el camino al exdirector de Pemex en los procesos penales que enfrenta.<\/em><\/p>\n\n\n\n<p><\/p>\n\n\n\n<figure class=\"wp-block-image size-full\"><img fetchpriority=\"high\" decoding=\"async\" width=\"800\" height=\"450\" src=\"https:\/\/losperiodistas.com.mx\/portal\/wp-content\/uploads\/2022\/06\/f800x450-152951_204397_4128.jpeg\" alt=\"\" class=\"wp-image-30646\" srcset=\"https:\/\/losperiodistas.com.mx\/portal\/wp-content\/uploads\/2022\/06\/f800x450-152951_204397_4128.jpeg 800w, https:\/\/losperiodistas.com.mx\/portal\/wp-content\/uploads\/2022\/06\/f800x450-152951_204397_4128-300x169.jpeg 300w, https:\/\/losperiodistas.com.mx\/portal\/wp-content\/uploads\/2022\/06\/f800x450-152951_204397_4128-768x432.jpeg 768w\" sizes=\"(max-width: 800px) 100vw, 800px\" \/><figcaption>El fiscal Alejandro Gertz Manero. Foto: Benjam\u00edn Flores<\/figcaption><\/figure>\n\n\n\n<p class=\"has-vivid-cyan-blue-color has-text-color has-medium-font-size\">DIANA LASTIRI \/ PROCESO<\/p>\n\n\n\n<p>CIUDAD DE M\u00c9XICO (apro).\u2013 Este jueves fueron dados a conocer en redes sociales nuevos audios de conversaciones telef\u00f3nicas entre el titular de la Fiscal\u00eda General de la Rep\u00fablica (FGR), Alejandro Gertz Manero, el subprocurador, Juan Ramos, y Emilio Lozoya Thalmann, padre del exdirector de Petr\u00f3leos Mexicanos (Pemex), Emilio Lozoya, sobre las negociaciones realizadas para allanar el camino al exfuncionario en los procesos penales que enfrenta.<\/p>\n\n\n\n<p>En uno de los audios se escucha una conversaci\u00f3n sostenida supuestamente entre el Gertz Manero y Lozoya Thalmann, en la que el primero reclama la tramitaci\u00f3n de un amparo por parte de la defensa del exdirector de Pemex.<\/p>\n\n\n\n<h5 class=\"wp-block-heading\">NOTICIAS RELACIONADAS<\/h5>\n\n\n\n<ul class=\"wp-block-list\"><li><a href=\"https:\/\/www.proceso.com.mx\/nacional\/2022\/6\/23\/fgr-extorsiono-para-hacerse-del-cheque-de-mil-mdp-que-gertz-entrego-amlo-confirma-elias-sacar-video-288271.html\">FGR extorsion\u00f3 para hacerse del cheque de 2 mil mdp que Gertz entreg\u00f3 a AMLO, confirma El\u00edas Sacar (Video)<\/a><\/li><li><a href=\"https:\/\/www.proceso.com.mx\/reportajes\/2022\/6\/20\/una-bomba-de-tiempo-del-fiscal-gertz-acecha-claudia-sheinbaum-288033.html\">Una bomba de tiempo del fiscal Gertz acecha a Claudia Sheinbaum<\/a><\/li><li><a href=\"https:\/\/www.proceso.com.mx\/reportajes\/2022\/5\/21\/se-derrumba-otra-venganza-del-fiscal-gertz-286307.html\">Se derrumba otra venganza del fiscal Gertz<\/a><\/li><li><a href=\"https:\/\/www.proceso.com.mx\/reportajes\/2022\/4\/25\/en-la-mira-los-bienes-que-gertz-posee-en-eu-284847.html\">En la mira, los bienes que Gertz posee en EU<\/a><\/li><\/ul>\n\n\n\n<p>En la conversaci\u00f3n, el fiscal le exige al padre de Emilio Lozoya sacar al abogado del caso, por lo que es posible que se trate del jurista Javier Coello Trejo, quien asumi\u00f3 la defensa del exfuncionario antes de su extradici\u00f3n.<\/p>\n\n\n\n<p>Alejandro Gertz Manero (AGM): \u2013Me acaban de notificar que t\u00fa y tu hijo se ampararon en contra de\u2026<\/p>\n\n\n\n<p>Emilio Lozoya Thalmann (ELT): \u2013No, no, no.<\/p>\n\n\n\n<p>\u2013Bueno, me acaban de notificar.<\/p>\n\n\n\n<p>\u2013Es un error, se adelantaron, no tiene nada que ver, no lo hicieron ni con la autorizaci\u00f3n nuestra.<\/p>\n\n\n\n<p>\u2013Nada m\u00e1s para que no vaya a haber un\u2026 yo no acepto dobles lenguajes, \u00bfeh?<\/p>\n\n\n\n<p>\u2013Para nada.<\/p>\n\n\n\n<p>\u2013Ni las jugadas de ese pinche bandido del abogadete ese.<\/p>\n\n\n\n<p>\u2013Por eso lo puse en orden ayer, le pido una alt\u00edsima disculpa y lo voy a reparar ahora en unos minutos.<\/p>\n\n\n\n<p>\u2013Que se desista de inmediato porque as\u00ed yo no juego, \u00bfeh?<\/p>\n\n\n\n<p>\u2013Est\u00e1 muy claro, te pido nuevamente una disculpa y voy a meter orden ac\u00e1, estamos muy agradecidos de ayer, trabajando sobre lo que la orientaci\u00f3n que nos indicaste<\/p>\n\n\n\n<p>\u2013Que se desista del amparo y ya no metas a ese cabr\u00f3n, por favor, en frente, porque las cosas las va a echar a perder.<\/p>\n\n\n\n<p>\u2013Te voy a pedir tu consejo, vamos a buscar una salida.<\/p>\n\n\n\n<p>\u2013Una gente decente que te defienda.<\/p>\n\n\n\n<p>\u2013Lo vamos a buscar para que salga lo m\u00e1s pronto posible. Un abrazo y una disculpa, fiscal.<\/p>\n\n\n\n<p>Antes de que ambos personajes inicien el di\u00e1logo, se escucha a una persona present\u00e1ndose con Lozoya Thalmann e inform\u00e1ndole que Gertz Manero era quien le estaba realizando la llamada.<\/p>\n\n\n\n<p>En un segundo audio, es el padre de Emilio Lozoya quien se comunica directamente a la FGR y pide hablar con el subprocurador Juan Ramos, mano derecha de Gertz Manero.<\/p>\n\n\n\n<p>Juan Ramos L\u00f3pez (JRL): \u2013El fiscal ya me hizo ah\u00ed algunos cuestionamientos los cuales he estado revisando para que se los entreg\u00e1ramos, no s\u00e9 si pudiera venir ma\u00f1ana.<\/p>\n\n\n\n<p>Emilio Lozoya Thalmann (ELT): \u2013El viernes, \u00bfel viernes le parece bien, licenciado?<\/p>\n\n\n\n<p>\u2013Claro, a las 11<\/p>\n\n\n\n<p>\u2013A las 11 ah\u00ed estaremos sin falta y desde luego muy agradecido, le comento que ya tambi\u00e9n para que luego no nos digan en M\u00e9xico, ya en Espa\u00f1a ya empezaron con casos de coronavirus en prisiones, pero a las 11 ah\u00ed estaremos y los atenderemos los cuestionamientos de inmediato.<\/p>\n\n\n\n<p>\u2013Perfecto, nos vemos el viernes a las 11.<\/p>\n\n\n\n<p>Emilio Lozoya est\u00e1 vinculado a proceso por asociaci\u00f3n delictuosa y lavado de dinero en los casos Odebrecht y Agro Nitrogenados.<\/p>\n\n\n\n<p>A su arribo a M\u00e9xico, en el a\u00f1o 2020, la FGR no solicit\u00f3 sujetarlo a prisi\u00f3n preventiva ni a prisi\u00f3n domiciliaria, y acept\u00f3 que se le mantuviera en libertad condicional pese a que permaneci\u00f3 pr\u00f3fugo de la justicia por m\u00e1s de un a\u00f1o.<\/p>\n\n\n\n<p>Desde entonces, su defensa, encabezada por Miguel Ontiveros, comenz\u00f3 a negociar el otorgamiento de un criterio de oportunidad a trav\u00e9s del cual Lozoya denunci\u00f3 a 70 personas que durante sexenios pasados supuestamente cometieron actos de corrupci\u00f3n, incluido el expresidente Enrique Pe\u00f1a Nieto y el exsecretario de Hacienda, Luis Videgaray.<\/p>\n\n\n\n<p>Sin embargo, esto cambi\u00f3 luego de que en redes sociales fueron dadas a conocer im\u00e1genes de Lozoya cenando en un lujoso restaurante en Lomas de Chapultepec, en la Ciudad de M\u00e9xico, algo que no le estaba prohibido, por lo que la FGR solicit\u00f3 el cambio de la medida cautelar y desde finales de 2021 permanece en el Reclusorio Norte.<\/p>\n\n\n\n<p>Un tercer audio es sobre una conversaci\u00f3n en la que el pap\u00e1 de Emilio Lozoya se comunica a la oficina de Juan Ramos para aportarle informaci\u00f3n y consultar detalles sobre la extradici\u00f3n de su esposa, Gilda Margarita Austin y Sol\u00eds.<\/p>\n\n\n\n<p>\u2013Se\u00f1or licenciado, muy amable primero por aguantarnos en la ma\u00f1ana tanto tiempo.<\/p>\n\n\n\n<p>\u2013No se preocupe.<\/p>\n\n\n\n<p>\u2013Cumplo lo indicado, ya empec\u00e9 a localizar lo que est\u00e1 en el registro, el acta de nacimiento, matrimonio; del certificado m\u00e9dico, habl\u00e9 con su cardi\u00f3logo, me lo van a elaborar, lo tendr\u00e9 m\u00e1ximo ma\u00f1ana en la ma\u00f1ana y el comprobante de domicilio que fue lo que me pidi\u00f3, y consultarle si ya hay alguna noticia de cu\u00e1ndo llegar\u00eda (\u2026) de lo que ustedes ordenen, el se\u00f1or fiscal y usted, para cancelar el boleto para que me alcance el tiempo y como dijo \u00e9l atinadamente y la aerol\u00ednea que no nos vayamos a cruzar.<\/p>\n\n\n\n<p>\u2013Yo no tengo ahorita noticias, y pues lo que dijo el fiscal fue algo muy claro, no sea que se vayan a cruzar<\/p>\n\n\n\n<p>\u2013Entonces m\u00e1s vale.<\/p>\n\n\n\n<p>Gilda Margarita Austin y Sol\u00eds est\u00e1 acusada por supuestamente recibir en sus cuentas bancarias dinero proveniente de los sobornos entregados por Odebrecht a Emilio Lozoya cuando era director de Pemex a cambio de la adjudicaci\u00f3n de contratos de obra p\u00fablica.<\/p>\n\n\n\n<p>Actualmente ella permanece vinculada a proceso y sujeta a prisi\u00f3n domiciliaria.<\/p>\n\n\n\n<p>Fuente: https:\/\/www.proceso.com.mx\/nacional\/2022\/6\/23\/audios-filtrados-exhiben-la-colaboracion-entre-gertz-manero-el-padre-de-emilio-lozoya-288298.html<\/p>\n","protected":false},"excerpt":{"rendered":"<p>Tres audios filtrados este jueves exhiben las negociaciones entre el titular de la FGR, Alejandro Gertz Manero, y el padre [&hellip;]<\/p>\n","protected":false},"author":1,"featured_media":30646,"comment_status":"open","ping_status":"open","sticky":false,"template":"","format":"standard","meta":{"site-sidebar-layout":"default","site-content-layout":"","ast-site-content-layout":"default","site-content-style":"default","site-sidebar-style":"default","ast-global-header-display":"","ast-banner-title-visibility":"","ast-main-header-display":"","ast-hfb-above-header-display":"","ast-hfb-below-header-display":"","ast-hfb-mobile-header-display":"","site-post-title":"","ast-breadcrumbs-content":"","ast-featured-img":"","footer-sml-layout":"","theme-transparent-header-meta":"","adv-header-id-meta":"","stick-header-meta":"","header-above-stick-meta":"","header-main-stick-meta":"","header-below-stick-meta":"","astra-migrate-meta-layouts":"default","ast-page-background-enabled":"default","ast-page-background-meta":{"desktop":{"background-color":"var(--ast-global-color-4)","background-image":"","background-repeat":"repeat","background-position":"center center","background-size":"auto","background-attachment":"scroll","background-type":"","background-media":"","overlay-type":"","overlay-color":"","overlay-opacity":"","overlay-gradient":""},"tablet":{"background-color":"","background-image":"","background-repeat":"repeat","background-position":"center center","background-size":"auto","background-attachment":"scroll","background-type":"","background-media":"","overlay-type":"","overlay-color":"","overlay-opacity":"","overlay-gradient":""},"mobile":{"background-color":"","background-image":"","background-repeat":"repeat","background-position":"center center","background-size":"auto","background-attachment":"scroll","background-type":"","background-media":"","overlay-type":"","overlay-color":"","overlay-opacity":"","overlay-gradient":""}},"ast-content-background-meta":{"desktop":{"background-color":"var(--ast-global-color-5)","background-image":"","background-repeat":"repeat","background-position":"center center","background-size":"auto","background-attachment":"scroll","background-type":"","background-media":"","overlay-type":"","overlay-color":"","overlay-opacity":"","overlay-gradient":""},"tablet":{"background-color":"var(--ast-global-color-5)","background-image":"","background-repeat":"repeat","background-position":"center center","background-size":"auto","background-attachment":"scroll","background-type":"","background-media":"","overlay-type":"","overlay-color":"","overlay-opacity":"","overlay-gradient":""},"mobile":{"background-color":"var(--ast-global-color-5)","background-image":"","background-repeat":"repeat","background-position":"center center","background-size":"auto","background-attachment":"scroll","background-type":"","background-media":"","overlay-type":"","overlay-color":"","overlay-opacity":"","overlay-gradient":""}},"footnotes":""},"categories":[8],"tags":[762,3547,10950,1706],"class_list":["post-30645","post","type-post","status-publish","format-standard","has-post-thumbnail","hentry","category-noticias","tag-alejandro-gertz-manero","tag-emilio-lozoya","tag-lozoya-thalmann","tag-pemex"],"_links":{"self":[{"href":"https:\/\/losperiodistas.com.mx\/portal\/wp-json\/wp\/v2\/posts\/30645","targetHints":{"allow":["GET"]}}],"collection":[{"href":"https:\/\/losperiodistas.com.mx\/portal\/wp-json\/wp\/v2\/posts"}],"about":[{"href":"https:\/\/losperiodistas.com.mx\/portal\/wp-json\/wp\/v2\/types\/post"}],"author":[{"embeddable":true,"href":"https:\/\/losperiodistas.com.mx\/portal\/wp-json\/wp\/v2\/users\/1"}],"replies":[{"embeddable":true,"href":"https:\/\/losperiodistas.com.mx\/portal\/wp-json\/wp\/v2\/comments?post=30645"}],"version-history":[{"count":1,"href":"https:\/\/losperiodistas.com.mx\/portal\/wp-json\/wp\/v2\/posts\/30645\/revisions"}],"predecessor-version":[{"id":30647,"href":"https:\/\/losperiodistas.com.mx\/portal\/wp-json\/wp\/v2\/posts\/30645\/revisions\/30647"}],"wp:featuredmedia":[{"embeddable":true,"href":"https:\/\/losperiodistas.com.mx\/portal\/wp-json\/wp\/v2\/media\/30646"}],"wp:attachment":[{"href":"https:\/\/losperiodistas.com.mx\/portal\/wp-json\/wp\/v2\/media?parent=30645"}],"wp:term":[{"taxonomy":"category","embeddable":true,"href":"https:\/\/losperiodistas.com.mx\/portal\/wp-json\/wp\/v2\/categories?post=30645"},{"taxonomy":"post_tag","embeddable":true,"href":"https:\/\/losperiodistas.com.mx\/portal\/wp-json\/wp\/v2\/tags?post=30645"}],"curies":[{"name":"wp","href":"https:\/\/api.w.org\/{rel}","templated":true}]}}