{"id":30642,"date":"2022-06-24T07:18:44","date_gmt":"2022-06-24T12:18:44","guid":{"rendered":"http:\/\/losperiodistas.com.mx\/portal\/?p=30642"},"modified":"2022-06-24T07:18:46","modified_gmt":"2022-06-24T12:18:46","slug":"detectan-30-mil-ninos-fantasma-en-programa-de-estancias-infantiles-el-heraldo-de-mexico","status":"publish","type":"post","link":"https:\/\/losperiodistas.com.mx\/portal\/detectan-30-mil-ninos-fantasma-en-programa-de-estancias-infantiles-el-heraldo-de-mexico\/","title":{"rendered":"Detectan 30 mil ni\u00f1os &#8216;fantasma&#8217; en programa de Estancias Infantiles | El Heraldo de M\u00e9xico"},"content":{"rendered":"\n<p><em>Secretar\u00eda de Bienestar decide entregar apoyos directos a padres de familia<\/em><\/p>\n\n\n\n<p><\/p>\n\n\n\n<figure class=\"wp-block-image size-full\"><img fetchpriority=\"high\" decoding=\"async\" width=\"960\" height=\"540\" src=\"https:\/\/losperiodistas.com.mx\/portal\/wp-content\/uploads\/2022\/06\/f960x540-445700_519775_0.jpeg\" alt=\"\" class=\"wp-image-30643\" srcset=\"https:\/\/losperiodistas.com.mx\/portal\/wp-content\/uploads\/2022\/06\/f960x540-445700_519775_0.jpeg 960w, https:\/\/losperiodistas.com.mx\/portal\/wp-content\/uploads\/2022\/06\/f960x540-445700_519775_0-300x169.jpeg 300w, https:\/\/losperiodistas.com.mx\/portal\/wp-content\/uploads\/2022\/06\/f960x540-445700_519775_0-768x432.jpeg 768w\" sizes=\"(max-width: 960px) 100vw, 960px\" \/><figcaption><strong>ENTREVISTA. Adriana Delgado recibi\u00f3 en su programa El dedo en la llaga a Ariadna Montiel Cr\u00e9ditos: Twitter\/ @A_MontielR<\/strong><\/figcaption><\/figure>\n\n\n\n<p><\/p>\n\n\n\n<p class=\"has-vivid-cyan-blue-color has-text-color has-medium-font-size\">PAR\u00cdS ALEJANDRO SALAZAR \/ EL HERALDO DE M\u00c9XICO<\/p>\n\n\n\n<p>Tras una revisi\u00f3n del programa de&nbsp;<strong>Estancias Infantiles<\/strong>&nbsp;\u2014del sexenio anterior\u2014, la<strong>&nbsp;Secretar\u00eda de Bienestar detect\u00f3 30 mil ni\u00f1as y ni\u00f1os&nbsp;<em>fantasmas&nbsp;<\/em>que estaban en el padr\u00f3n de beneficiarios<\/strong>, pero que no se les logr\u00f3 ubicar en su domicilio.<\/p>\n\n\n\n<p>En entrevista en el programa\u00a0<strong>El dedo en la llaga, en Heraldo TV<\/strong>, que conduce\u00a0<strong>Adriana Delgado<\/strong>, la\u00a0<strong>secretaria de Bienestar, Ariadna Montiel<\/strong>, se\u00f1al\u00f3 que esa cifra representa 10 por ciento de los menores inscritos en el programa federal.\u00a0<\/p>\n\n\n\n<p><strong>\u201cVerificamos el padr\u00f3n, como verificamos todos los padrones, y de 300 mil ni\u00f1os localizamos a 200 mil, los otros 100 mil no estaban, y los fuimos a ver a su casa, uno por uno hacer el censo de verificaci\u00f3n de ese programa y 30 por ciento no estaba\u201d, afirm\u00f3.<\/strong><\/p>\n\n\n\n<p>La funcionaria federal revel\u00f3 que por eso se tom\u00f3 la decisi\u00f3n de entregar de manera directa y sin intermediarios los apoyos a las madres y padres de familia.https:\/\/d-2479819164223885193.ampproject.net\/2206101637000\/frame.html<\/p>\n\n\n\n<p>Expuso que los menores fueron registrados sin el consentimiento de las madres y padres de familia, y se pagaba a las estancias infantiles a pesar de que no estaban los menores en las instalaciones.<\/p>\n\n\n\n<blockquote class=\"wp-block-quote is-layout-flow wp-block-quote-is-layout-flow\"><p>\u201cEntonces \u00bfde qu\u00e9 nos dimos cuenta? Que hab\u00eda ni\u00f1os que los registraban como si estuvieran ah\u00ed, pero no acud\u00edan a la estancia, mam\u00e1s que nos dec\u00edan \u2018yo no sab\u00eda que mi hijo estaba registrado en una estancia\u2019; llegamos a un domicilio y era un taller mec\u00e1nico donde no vive ning\u00fan ni\u00f1o, etc\u00e9tera. Entonces cuando hicimos esa verificaci\u00f3n, se toma la decisi\u00f3n de cambiar el programa a uno de entrega directa\u201d, se\u00f1al\u00f3.<\/p><\/blockquote>\n\n\n\n<p>Explic\u00f3 que las estancias infantiles \u201ceran entes privados, no eran entes p\u00fablicos\u201d, el gobierno le pagaba el servicio a las estancias para que las mam\u00e1s llevaran a sus hijos para ser cuidados, pero ahora se entregan los recursos a la madre para que ella decida en qu\u00e9 estancia va a tener a los ni\u00f1os o ni\u00f1as en cuidado, o bajo qu\u00e9 esquema.<\/p>\n\n\n\n<p>CAR<\/p>\n\n\n\n<p>Fuente: https:\/\/heraldodemexico.com.mx\/nacional\/2022\/6\/24\/detectan-30-mil-ninos-fantasma-en-programa-de-estancias-infantiles-416316.html<\/p>\n","protected":false},"excerpt":{"rendered":"<p>Secretar\u00eda de Bienestar decide entregar apoyos directos a padres de familia PAR\u00cdS ALEJANDRO SALAZAR \/ EL HERALDO DE M\u00c9XICO Tras [&hellip;]<\/p>\n","protected":false},"author":1,"featured_media":30643,"comment_status":"open","ping_status":"open","sticky":false,"template":"","format":"standard","meta":{"site-sidebar-layout":"default","site-content-layout":"","ast-site-content-layout":"default","site-content-style":"default","site-sidebar-style":"default","ast-global-header-display":"","ast-banner-title-visibility":"","ast-main-header-display":"","ast-hfb-above-header-display":"","ast-hfb-below-header-display":"","ast-hfb-mobile-header-display":"","site-post-title":"","ast-breadcrumbs-content":"","ast-featured-img":"","footer-sml-layout":"","theme-transparent-header-meta":"","adv-header-id-meta":"","stick-header-meta":"","header-above-stick-meta":"","header-main-stick-meta":"","header-below-stick-meta":"","astra-migrate-meta-layouts":"default","ast-page-background-enabled":"default","ast-page-background-meta":{"desktop":{"background-color":"var(--ast-global-color-4)","background-image":"","background-repeat":"repeat","background-position":"center center","background-size":"auto","background-attachment":"scroll","background-type":"","background-media":"","overlay-type":"","overlay-color":"","overlay-opacity":"","overlay-gradient":""},"tablet":{"background-color":"","background-image":"","background-repeat":"repeat","background-position":"center center","background-size":"auto","background-attachment":"scroll","background-type":"","background-media":"","overlay-type":"","overlay-color":"","overlay-opacity":"","overlay-gradient":""},"mobile":{"background-color":"","background-image":"","background-repeat":"repeat","background-position":"center center","background-size":"auto","background-attachment":"scroll","background-type":"","background-media":"","overlay-type":"","overlay-color":"","overlay-opacity":"","overlay-gradient":""}},"ast-content-background-meta":{"desktop":{"background-color":"var(--ast-global-color-5)","background-image":"","background-repeat":"repeat","background-position":"center center","background-size":"auto","background-attachment":"scroll","background-type":"","background-media":"","overlay-type":"","overlay-color":"","overlay-opacity":"","overlay-gradient":""},"tablet":{"background-color":"var(--ast-global-color-5)","background-image":"","background-repeat":"repeat","background-position":"center center","background-size":"auto","background-attachment":"scroll","background-type":"","background-media":"","overlay-type":"","overlay-color":"","overlay-opacity":"","overlay-gradient":""},"mobile":{"background-color":"var(--ast-global-color-5)","background-image":"","background-repeat":"repeat","background-position":"center center","background-size":"auto","background-attachment":"scroll","background-type":"","background-media":"","overlay-type":"","overlay-color":"","overlay-opacity":"","overlay-gradient":""}},"footnotes":""},"categories":[8],"tags":[10946,10947,10948,10945],"class_list":["post-30642","post","type-post","status-publish","format-standard","has-post-thumbnail","hentry","category-noticias","tag-ariadna-montiel","tag-estancias-infantiles","tag-ninos-fantasma","tag-secretaria-de-bienestar"],"_links":{"self":[{"href":"https:\/\/losperiodistas.com.mx\/portal\/wp-json\/wp\/v2\/posts\/30642","targetHints":{"allow":["GET"]}}],"collection":[{"href":"https:\/\/losperiodistas.com.mx\/portal\/wp-json\/wp\/v2\/posts"}],"about":[{"href":"https:\/\/losperiodistas.com.mx\/portal\/wp-json\/wp\/v2\/types\/post"}],"author":[{"embeddable":true,"href":"https:\/\/losperiodistas.com.mx\/portal\/wp-json\/wp\/v2\/users\/1"}],"replies":[{"embeddable":true,"href":"https:\/\/losperiodistas.com.mx\/portal\/wp-json\/wp\/v2\/comments?post=30642"}],"version-history":[{"count":1,"href":"https:\/\/losperiodistas.com.mx\/portal\/wp-json\/wp\/v2\/posts\/30642\/revisions"}],"predecessor-version":[{"id":30644,"href":"https:\/\/losperiodistas.com.mx\/portal\/wp-json\/wp\/v2\/posts\/30642\/revisions\/30644"}],"wp:featuredmedia":[{"embeddable":true,"href":"https:\/\/losperiodistas.com.mx\/portal\/wp-json\/wp\/v2\/media\/30643"}],"wp:attachment":[{"href":"https:\/\/losperiodistas.com.mx\/portal\/wp-json\/wp\/v2\/media?parent=30642"}],"wp:term":[{"taxonomy":"category","embeddable":true,"href":"https:\/\/losperiodistas.com.mx\/portal\/wp-json\/wp\/v2\/categories?post=30642"},{"taxonomy":"post_tag","embeddable":true,"href":"https:\/\/losperiodistas.com.mx\/portal\/wp-json\/wp\/v2\/tags?post=30642"}],"curies":[{"name":"wp","href":"https:\/\/api.w.org\/{rel}","templated":true}]}}