{"id":3064,"date":"2021-01-06T20:31:41","date_gmt":"2021-01-07T02:31:41","guid":{"rendered":"http:\/\/losperiodistas.com.mx\/portal\/?p=3064"},"modified":"2021-01-06T20:31:41","modified_gmt":"2021-01-07T02:31:41","slug":"universidad-pontificia-patenta-cerveza-con-el-sabor-de-la-edad-media-aci","status":"publish","type":"post","link":"https:\/\/losperiodistas.com.mx\/portal\/universidad-pontificia-patenta-cerveza-con-el-sabor-de-la-edad-media-aci\/","title":{"rendered":"Universidad pontificia patenta cerveza con \u201cel sabor de la Edad Media\u201d | ACI"},"content":{"rendered":"\n<p class=\"has-vivid-cyan-blue-color has-text-color has-medium-font-size\">ACI PRENSA<\/p>\n\n\n\n<p>La Pontificia Universidad Juan Pablo II en Cracovia (Polonia) est\u00e1 patentando una cerveza que promete a sus consumidores \u201cun sabor proveniente de la Edad Media\u201d.<\/p>\n\n\n\n<p>S\u0142awomir Dryja, profesor de dicha casa de estudios, cre\u00f3 la receta que considera que es un 90% similar a la cerveza blanca que bebieron los habitantes medievales de la ciudad,&nbsp;<a href=\"http:\/\/www.radiokrakow.pl\/wiadomosci\/krakow\/odtworzono-recepture-sredniowiecznego-piwa\/\">inform\u00f3<\/a>&nbsp;Radio Krak\u00f3w.<\/p>\n\n\n\n<p>Los consumidores podr\u00e1n probar esta cerveza, conocida como Krak\u00f3w White Beer (Piwo Krakowskie Bia\u0142e, en polaco), a partir del mes de abril de 2021.&nbsp;<\/p>\n\n\n\n<p>Dryja, arque\u00f3logo de 56 a\u00f1os y experto en la historia de la elaboraci\u00f3n de la cerveza, pudo identificar la levadura original al estudiar las paredes del s\u00f3tano del Palacio Lubomirski de Cracovia. Asimismo, explic\u00f3 que la cerveza se har\u00eda de manera similar a la original.&nbsp;<\/p>\n\n\n\n<p>\u201cConocemos la tecnolog\u00eda de producci\u00f3n de malta. Podemos suponer que las maltas de trigo ligero modernas no difieren significativamente en sus caracter\u00edsticas de las que se usaban en ese momento\u201d, dijo.<\/p>\n\n\n\n<p>\u201cTenemos la levadura original y conocemos m\u00e1s o menos el procedimiento tecnol\u00f3gico, es decir, c\u00f3mo se tritura, se hierve, en qu\u00e9 proporciones se deben agregar los l\u00fapulos y c\u00f3mo se maneja\u201d, agreg\u00f3.&nbsp;<\/p>\n\n\n\n<p>Seg\u00fan el&nbsp;<a href=\"https:\/\/upjp2.edu.pl\/aktualnosci\/dr-hab-slawomir-dryja--odtwarza-bogactwo-smaku-sredniowiecznego-krakowskiego-bialego-piwa-1635.html\">sitio web de<\/a>&nbsp;la universidad pontificia, Dryja ha sido cervecero casero durante casi 20 a\u00f1os y es miembro fundador de la&nbsp;<a href=\"https:\/\/pspd.org.pl\/english\/\">Asociaci\u00f3n Polaca de Cerveceros Caseros<\/a>.&nbsp;<\/p>\n\n\n\n<p>En 2019 complet\u00f3 un curso de elaboraci\u00f3n de cerveza en el Instituto de Investigaci\u00f3n de Elaboraci\u00f3n de Cerveza y Malteado de Praga y ha realizado varias pasant\u00edas en cervecer\u00edas de la Rep\u00fablica Checa, que cuenta con el mayor consumo de cerveza per c\u00e1pita del mundo.&nbsp;<\/p>\n\n\n\n<p>\u201cAs\u00ed que he explorado el tema de la cerveza de muchas formas. El resultado de combinar el conocimiento del historiador y el cervecero es el programa de revivir la cerveza blanca tradicional de Cracovia\u201d, coment\u00f3.<\/p>\n\n\n\n<p>\u201cLa tradici\u00f3n de elaboraci\u00f3n de la cerveza se remonta al siglo XIII, y a principios del siglo XIX desapareci\u00f3 por completo. Gracias a la participaci\u00f3n de muchas personas, incluidos acad\u00e9micos de la Universidad de Agricultura [en Cracovia], pronto conoceremos su sabor\u201d, a\u00f1adi\u00f3.<\/p>\n\n\n\n<p>Dryja es empleado del Instituto de Historia del Arte y la Cultura de la Universidad Pontificia Juan Pablo II desde 2012. La universidad pontificia adquiri\u00f3 su t\u00edtulo actual en 2009, pero sus ra\u00edces se remontan a la facultad de teolog\u00eda de la Universidad Jaguel\u00f3nica fundada en 1397.<\/p>\n\n\n\n<p>La cerveza patentada se producir\u00e1 en cooperaci\u00f3n con una cervecer\u00eda artesanal local. Dryja dijo que cuando se vierte en un vaso tendr\u00e1 \u201cuna hermosa cabeza blanca\u201d.<\/p>\n\n\n\n<p>\u201cEstas cervezas de trigo hacen espuma fant\u00e1sticamente y la espuma es duradera\u201d, dijo entusiasmado. \u201cEspero que podamos conseguirlo. Y el color distintivo al que debe su nombre no es completamente blanco, sino muy brillante y transparente\u201d, concluy\u00f3.<\/p>\n\n\n\n<p><em>Traducido y adaptado por Diego L\u00f3pez Marina. Publicado originalmente en\u00a0<\/em><a href=\"https:\/\/www.catholicnewsagency.com\/news\/pontifical-university-patents-beer-giving-drinkers-taste-of-the-middle-ages-57603\"><em>CNA<\/em><\/a><em>.\u00a0<\/em><\/p>\n\n\n\n<p>Fuente: https:\/\/www.aciprensa.com\/noticias\/universidad-pontificia-patenta-cerveza-con-el-sabor-de-la-edad-media-19799<\/p>\n","protected":false},"excerpt":{"rendered":"<p>ACI PRENSA La Pontificia Universidad Juan Pablo II en Cracovia (Polonia) est\u00e1 patentando una cerveza que promete a sus consumidores [&hellip;]<\/p>\n","protected":false},"author":1,"featured_media":3065,"comment_status":"open","ping_status":"open","sticky":false,"template":"","format":"standard","meta":{"site-sidebar-layout":"default","site-content-layout":"","ast-site-content-layout":"default","site-content-style":"default","site-sidebar-style":"default","ast-global-header-display":"","ast-banner-title-visibility":"","ast-main-header-display":"","ast-hfb-above-header-display":"","ast-hfb-below-header-display":"","ast-hfb-mobile-header-display":"","site-post-title":"","ast-breadcrumbs-content":"","ast-featured-img":"","footer-sml-layout":"","theme-transparent-header-meta":"","adv-header-id-meta":"","stick-header-meta":"","header-above-stick-meta":"","header-main-stick-meta":"","header-below-stick-meta":"","astra-migrate-meta-layouts":"default","ast-page-background-enabled":"default","ast-page-background-meta":{"desktop":{"background-color":"var(--ast-global-color-4)","background-image":"","background-repeat":"repeat","background-position":"center center","background-size":"auto","background-attachment":"scroll","background-type":"","background-media":"","overlay-type":"","overlay-color":"","overlay-opacity":"","overlay-gradient":""},"tablet":{"background-color":"","background-image":"","background-repeat":"repeat","background-position":"center center","background-size":"auto","background-attachment":"scroll","background-type":"","background-media":"","overlay-type":"","overlay-color":"","overlay-opacity":"","overlay-gradient":""},"mobile":{"background-color":"","background-image":"","background-repeat":"repeat","background-position":"center center","background-size":"auto","background-attachment":"scroll","background-type":"","background-media":"","overlay-type":"","overlay-color":"","overlay-opacity":"","overlay-gradient":""}},"ast-content-background-meta":{"desktop":{"background-color":"var(--ast-global-color-5)","background-image":"","background-repeat":"repeat","background-position":"center center","background-size":"auto","background-attachment":"scroll","background-type":"","background-media":"","overlay-type":"","overlay-color":"","overlay-opacity":"","overlay-gradient":""},"tablet":{"background-color":"var(--ast-global-color-5)","background-image":"","background-repeat":"repeat","background-position":"center center","background-size":"auto","background-attachment":"scroll","background-type":"","background-media":"","overlay-type":"","overlay-color":"","overlay-opacity":"","overlay-gradient":""},"mobile":{"background-color":"var(--ast-global-color-5)","background-image":"","background-repeat":"repeat","background-position":"center center","background-size":"auto","background-attachment":"scroll","background-type":"","background-media":"","overlay-type":"","overlay-color":"","overlay-opacity":"","overlay-gradient":""}},"footnotes":""},"categories":[8],"tags":[],"class_list":["post-3064","post","type-post","status-publish","format-standard","has-post-thumbnail","hentry","category-noticias"],"_links":{"self":[{"href":"https:\/\/losperiodistas.com.mx\/portal\/wp-json\/wp\/v2\/posts\/3064","targetHints":{"allow":["GET"]}}],"collection":[{"href":"https:\/\/losperiodistas.com.mx\/portal\/wp-json\/wp\/v2\/posts"}],"about":[{"href":"https:\/\/losperiodistas.com.mx\/portal\/wp-json\/wp\/v2\/types\/post"}],"author":[{"embeddable":true,"href":"https:\/\/losperiodistas.com.mx\/portal\/wp-json\/wp\/v2\/users\/1"}],"replies":[{"embeddable":true,"href":"https:\/\/losperiodistas.com.mx\/portal\/wp-json\/wp\/v2\/comments?post=3064"}],"version-history":[{"count":1,"href":"https:\/\/losperiodistas.com.mx\/portal\/wp-json\/wp\/v2\/posts\/3064\/revisions"}],"predecessor-version":[{"id":3066,"href":"https:\/\/losperiodistas.com.mx\/portal\/wp-json\/wp\/v2\/posts\/3064\/revisions\/3066"}],"wp:featuredmedia":[{"embeddable":true,"href":"https:\/\/losperiodistas.com.mx\/portal\/wp-json\/wp\/v2\/media\/3065"}],"wp:attachment":[{"href":"https:\/\/losperiodistas.com.mx\/portal\/wp-json\/wp\/v2\/media?parent=3064"}],"wp:term":[{"taxonomy":"category","embeddable":true,"href":"https:\/\/losperiodistas.com.mx\/portal\/wp-json\/wp\/v2\/categories?post=3064"},{"taxonomy":"post_tag","embeddable":true,"href":"https:\/\/losperiodistas.com.mx\/portal\/wp-json\/wp\/v2\/tags?post=3064"}],"curies":[{"name":"wp","href":"https:\/\/api.w.org\/{rel}","templated":true}]}}