{"id":30636,"date":"2022-06-24T06:51:24","date_gmt":"2022-06-24T11:51:24","guid":{"rendered":"http:\/\/losperiodistas.com.mx\/portal\/?p=30636"},"modified":"2022-06-24T06:51:26","modified_gmt":"2022-06-24T11:51:26","slug":"tras-muerte-de-jesuitas-en-un-solo-dia-91-ejecutados-mural","status":"publish","type":"post","link":"https:\/\/losperiodistas.com.mx\/portal\/tras-muerte-de-jesuitas-en-un-solo-dia-91-ejecutados-mural\/","title":{"rendered":"Tras muerte de jesuitas: en un s\u00f3lo d\u00eda 91 ejecutados | Mural"},"content":{"rendered":"\n<figure class=\"wp-block-image size-full\"><img fetchpriority=\"high\" decoding=\"async\" width=\"660\" height=\"440\" src=\"https:\/\/losperiodistas.com.mx\/portal\/wp-content\/uploads\/2022\/06\/10148296.jpeg\" alt=\"\" class=\"wp-image-30637\" srcset=\"https:\/\/losperiodistas.com.mx\/portal\/wp-content\/uploads\/2022\/06\/10148296.jpeg 660w, https:\/\/losperiodistas.com.mx\/portal\/wp-content\/uploads\/2022\/06\/10148296-300x200.jpeg 300w\" sizes=\"(max-width: 660px) 100vw, 660px\" \/><figcaption>De acuerdo con conteos oficiales, en M\u00e9xico fueron asesinadas 91 personas \u00fanicamente el mi\u00e9rcoles, uno de los d\u00edas m\u00e1s violentos del a\u00f1o. Foto: Alberto Neri<\/figcaption><\/figure>\n\n\n\n<p><\/p>\n\n\n\n<p class=\"has-vivid-cyan-blue-color has-text-color has-medium-font-size\">ANTONIO BARANDA \/ MURAL<\/p>\n\n\n\n<p><strong>Cd. de M\u00e9xico&nbsp;(24 junio 2022).-&nbsp;<\/strong>M\u00e9xico sigue registrando d\u00edas violentos. Tan s\u00f3lo el mi\u00e9rcoles hubo al menos 91 homicidios, de acuerdo con el conteo diario que realiza la Secretar\u00eda de Seguridad y Protecci\u00f3n Ciudadana (SSPC).<\/p>\n\n\n\n<h2 class=\"wp-block-heading\">Notas Relacionadas<\/h2>\n\n\n\n<figure class=\"wp-block-image\"><img decoding=\"async\" src=\"https:\/\/img.gruporeforma.com\/imagenes\/elementorelacionado\/11\/147\/10146608.jpg\" alt=\"\"\/><\/figure>\n\n\n\n<p><a href=\"https:\/\/www.mural.com.mx\/suman-12-muertos-por-enfrentamiento-en-jalisco\/ar2424995\">Suman 12 muertos por enfrentamiento en Jalisco<\/a><\/p>\n\n\n\n<figure class=\"wp-block-image\"><img decoding=\"async\" src=\"https:\/\/img.gruporeforma.com\/imagenes\/elementorelacionado\/11\/148\/10147052.jpg\" alt=\"\"\/><\/figure>\n\n\n\n<p><a href=\"https:\/\/www.mural.com.mx\/la-lucha-de-los-jesuitas-en-la-sierra-tarahumara\/ar2425245\">La lucha de los jesuitas en la Sierra Tarahumara<\/a><\/p>\n\n\n\n<p>Se trat\u00f3 de uno de los d\u00edas m\u00e1s violentos del mes y tambi\u00e9n en lo que va del a\u00f1o.<\/p>\n\n\n\n<p>Las entidades con m\u00e1s asesinatos fueron: Jalisco, con 19; NL, con 12; Guanajuato, con 10, y Morelos, con 6.<\/p>\n\n\n\n<p>Un enfrentamiento entre polic\u00edas de El Salto, Jalisco, con presuntos secuestradores dej\u00f3 un saldo de 12 muertos la noche del mi\u00e9rcoles; 8 eran presuntos delincuentes y 4 polic\u00edas municipales.<\/p>\n\n\n\n<p>Nuevo Le\u00f3n enfrent\u00f3 ese d\u00eda una jornada de balaceras y asesinatos en 6 municipios.<\/p>\n\n\n\n<p>En junio, los d\u00edas m\u00e1s violentos, seg\u00fan reportes oficiales, han sido el d\u00eda 13, con 96 homicidios; el 6, con 94, y el 22 y el 11, con 91 cada uno.<\/p>\n\n\n\n<p>Esta semana creci\u00f3 la indignaci\u00f3n por la inseguridad en el Pa\u00eds, tras la muerte de dos sacerdotes jesuitas el pasado lunes en la Sierra Tarahumara, en Chihuahua.<\/p>\n\n\n\n<p>\u00abNo vamos a cambiar la estrategia. Que sigan con sus campa\u00f1as de desprestigio\u00bb, dijo ayer el Presidente Andr\u00e9s Manuel L\u00f3pez Obrador.<\/p>\n\n\n\n<p>Fuente: https:\/\/www.mural.com.mx\/tras-muerte-de-jesuitas-en-un-solo-dia-91-ejecutados\/ar2425568<\/p>\n","protected":false},"excerpt":{"rendered":"<p>ANTONIO BARANDA \/ MURAL Cd. de M\u00e9xico&nbsp;(24 junio 2022).-&nbsp;M\u00e9xico sigue registrando d\u00edas violentos. Tan s\u00f3lo el mi\u00e9rcoles hubo al menos [&hellip;]<\/p>\n","protected":false},"author":1,"featured_media":30637,"comment_status":"open","ping_status":"open","sticky":false,"template":"","format":"standard","meta":{"site-sidebar-layout":"default","site-content-layout":"","ast-site-content-layout":"default","site-content-style":"default","site-sidebar-style":"default","ast-global-header-display":"","ast-banner-title-visibility":"","ast-main-header-display":"","ast-hfb-above-header-display":"","ast-hfb-below-header-display":"","ast-hfb-mobile-header-display":"","site-post-title":"","ast-breadcrumbs-content":"","ast-featured-img":"","footer-sml-layout":"","theme-transparent-header-meta":"","adv-header-id-meta":"","stick-header-meta":"","header-above-stick-meta":"","header-main-stick-meta":"","header-below-stick-meta":"","astra-migrate-meta-layouts":"default","ast-page-background-enabled":"default","ast-page-background-meta":{"desktop":{"background-color":"var(--ast-global-color-4)","background-image":"","background-repeat":"repeat","background-position":"center center","background-size":"auto","background-attachment":"scroll","background-type":"","background-media":"","overlay-type":"","overlay-color":"","overlay-opacity":"","overlay-gradient":""},"tablet":{"background-color":"","background-image":"","background-repeat":"repeat","background-position":"center center","background-size":"auto","background-attachment":"scroll","background-type":"","background-media":"","overlay-type":"","overlay-color":"","overlay-opacity":"","overlay-gradient":""},"mobile":{"background-color":"","background-image":"","background-repeat":"repeat","background-position":"center center","background-size":"auto","background-attachment":"scroll","background-type":"","background-media":"","overlay-type":"","overlay-color":"","overlay-opacity":"","overlay-gradient":""}},"ast-content-background-meta":{"desktop":{"background-color":"var(--ast-global-color-5)","background-image":"","background-repeat":"repeat","background-position":"center center","background-size":"auto","background-attachment":"scroll","background-type":"","background-media":"","overlay-type":"","overlay-color":"","overlay-opacity":"","overlay-gradient":""},"tablet":{"background-color":"var(--ast-global-color-5)","background-image":"","background-repeat":"repeat","background-position":"center center","background-size":"auto","background-attachment":"scroll","background-type":"","background-media":"","overlay-type":"","overlay-color":"","overlay-opacity":"","overlay-gradient":""},"mobile":{"background-color":"var(--ast-global-color-5)","background-image":"","background-repeat":"repeat","background-position":"center center","background-size":"auto","background-attachment":"scroll","background-type":"","background-media":"","overlay-type":"","overlay-color":"","overlay-opacity":"","overlay-gradient":""}},"footnotes":""},"categories":[8],"tags":[6698,10905,7461],"class_list":["post-30636","post","type-post","status-publish","format-standard","has-post-thumbnail","hentry","category-noticias","tag-asesinatos-dolosos","tag-jesuitas-asesinados","tag-mexico-violencia"],"_links":{"self":[{"href":"https:\/\/losperiodistas.com.mx\/portal\/wp-json\/wp\/v2\/posts\/30636","targetHints":{"allow":["GET"]}}],"collection":[{"href":"https:\/\/losperiodistas.com.mx\/portal\/wp-json\/wp\/v2\/posts"}],"about":[{"href":"https:\/\/losperiodistas.com.mx\/portal\/wp-json\/wp\/v2\/types\/post"}],"author":[{"embeddable":true,"href":"https:\/\/losperiodistas.com.mx\/portal\/wp-json\/wp\/v2\/users\/1"}],"replies":[{"embeddable":true,"href":"https:\/\/losperiodistas.com.mx\/portal\/wp-json\/wp\/v2\/comments?post=30636"}],"version-history":[{"count":1,"href":"https:\/\/losperiodistas.com.mx\/portal\/wp-json\/wp\/v2\/posts\/30636\/revisions"}],"predecessor-version":[{"id":30638,"href":"https:\/\/losperiodistas.com.mx\/portal\/wp-json\/wp\/v2\/posts\/30636\/revisions\/30638"}],"wp:featuredmedia":[{"embeddable":true,"href":"https:\/\/losperiodistas.com.mx\/portal\/wp-json\/wp\/v2\/media\/30637"}],"wp:attachment":[{"href":"https:\/\/losperiodistas.com.mx\/portal\/wp-json\/wp\/v2\/media?parent=30636"}],"wp:term":[{"taxonomy":"category","embeddable":true,"href":"https:\/\/losperiodistas.com.mx\/portal\/wp-json\/wp\/v2\/categories?post=30636"},{"taxonomy":"post_tag","embeddable":true,"href":"https:\/\/losperiodistas.com.mx\/portal\/wp-json\/wp\/v2\/tags?post=30636"}],"curies":[{"name":"wp","href":"https:\/\/api.w.org\/{rel}","templated":true}]}}