{"id":30617,"date":"2022-06-24T06:36:28","date_gmt":"2022-06-24T11:36:28","guid":{"rendered":"http:\/\/losperiodistas.com.mx\/portal\/?p=30617"},"modified":"2022-06-24T06:36:30","modified_gmt":"2022-06-24T11:36:30","slug":"ricardo-monreal-desliza-su-posible-salida-de-morena-para-pelear-por-una-candidatura-presidencial-el-pais","status":"publish","type":"post","link":"https:\/\/losperiodistas.com.mx\/portal\/ricardo-monreal-desliza-su-posible-salida-de-morena-para-pelear-por-una-candidatura-presidencial-el-pais\/","title":{"rendered":"Ricardo Monreal desliza su posible salida de Morena para pelear por una candidatura presidencial | El Pa\u00eds"},"content":{"rendered":"\n<p><em>El jefe de la bancada del partido oficialista en el Senado redobla sus cr\u00edticas contra la campa\u00f1a interna de la formaci\u00f3n de L\u00f3pez Obrador: \u201cSi se me sigue excluyendo nada tengo que hacer\u201d<\/em><\/p>\n\n\n\n<p><\/p>\n\n\n\n<figure class=\"wp-block-image size-large\"><img fetchpriority=\"high\" decoding=\"async\" width=\"1024\" height=\"683\" src=\"https:\/\/losperiodistas.com.mx\/portal\/wp-content\/uploads\/2022\/06\/4SBWL3UG6JDYJG2PXX5A4MIPRE-1024x683.jpg\" alt=\"\" class=\"wp-image-30634\" srcset=\"https:\/\/losperiodistas.com.mx\/portal\/wp-content\/uploads\/2022\/06\/4SBWL3UG6JDYJG2PXX5A4MIPRE-1024x683.jpg 1024w, https:\/\/losperiodistas.com.mx\/portal\/wp-content\/uploads\/2022\/06\/4SBWL3UG6JDYJG2PXX5A4MIPRE-300x200.jpg 300w, https:\/\/losperiodistas.com.mx\/portal\/wp-content\/uploads\/2022\/06\/4SBWL3UG6JDYJG2PXX5A4MIPRE-768x512.jpg 768w, https:\/\/losperiodistas.com.mx\/portal\/wp-content\/uploads\/2022\/06\/4SBWL3UG6JDYJG2PXX5A4MIPRE-1536x1024.jpg 1536w, https:\/\/losperiodistas.com.mx\/portal\/wp-content\/uploads\/2022\/06\/4SBWL3UG6JDYJG2PXX5A4MIPRE.jpg 1960w\" sizes=\"(max-width: 1024px) 100vw, 1024px\" \/><figcaption>Ricardo Monreal, senador y coordinador de Morena. GALO CA\u00d1AS (CUARTOSCURO)<\/figcaption><\/figure>\n\n\n\n<p class=\"has-vivid-cyan-blue-color has-text-color has-medium-font-size\">DAVID MARCIAL P\u00c9REZ \/ EL PA\u00cdS<\/p>\n\n\n\n<p>No es la primera ocasi\u00f3n que&nbsp;<a href=\"https:\/\/elpais.com\/mexico\/2022-06-13\/ricardo-monreal-critica-la-campana-interna-de-morena-es-un-timbre-de-orgullo-que-me-excluyan.html\">Ricardo Monreal<\/a>&nbsp;alza la voz contra la selecci\u00f3n de candidatos de Morena de cara a las elecciones presidenciales de 2024, pero sus cr\u00edticas son cada vez m\u00e1s insistentes y profundas. Esta semana, durante una gira por Guanajuato, el jefe de la bancada del partido oficialista en el Senado escal\u00f3 un pelda\u00f1o m\u00e1s al insinuar que podr\u00eda incluso abandonar el partido para pelear por su cuenta por una candidatura presidencial: \u201cSi se me sigue excluyendo nada tengo que hacer\u201d. Desde que el a\u00f1o pasado el presidente Andr\u00e9s Manuel L\u00f3pez Obrador decidi\u00f3<a href=\"https:\/\/elpais.com\/mexico\/2021-07-18\/sheinbaum-contra-ebrard-la-carrera-presidencial-mas-larga-de-la-historia-de-mexico.html\">&nbsp;abrir la veda de una anticipad\u00edsima campa\u00f1a interna&nbsp;<\/a>con dos aspirantes punteros, el canciller, Marcelo Ebrard, y la jefa capitalina, Claudia Sheinbaum, el veterano cuadro morenista comenz\u00f3 tambi\u00e9n a sacar los codos reclamando su lugar en la carrera presidencial. Monreal se siente marginado por la estructura del partido y sus coqueteos con una posible salida de la formaci\u00f3n, pese a ser uno de los hombres de fuertes del presidente tras m\u00e1s de 20 a\u00f1os a su lado, parecen ir m\u00e1s all\u00e1 de una simple medida de presi\u00f3n.<\/p>\n\n\n\n<p>Durante el \u00faltimo a\u00f1o, Monreal ha compaginado su cargo de operador y ariete de L\u00f3pez Obrador en el parlamento con<a href=\"https:\/\/elpais.com\/mexico\/2022-06-13\/ricardo-monreal-critica-la-campana-interna-de-morena-es-un-timbre-de-orgullo-que-me-excluyan.html\">&nbsp;duras criticas a los tiempos de la campa\u00f1a interna<\/a>, que considera excesivamente adelantada, descalificaciones contra las encuestas como m\u00e9todo de selecci\u00f3n final de los candidatos y acusaciones de favoritismo y batallas internas en su contra. Esta semana insisti\u00f3 en que est\u00e1 \u201cluchando dentro de Morena a pesar de las exclusiones, de no ser del club de los se\u00f1alados. Estoy firme, soy un aspirante normal, legitimado por la historia. No quiero pleitos, quiero luchar limpiamente y ganar a la limpia dentro de Morena por m\u00e1s que hay un sector que quisiera que estuviera fuera de Morena\u201d.<\/p>\n\n\n\n<p>Monreal se sinti\u00f3 especialmente desplazado tras no participar hace dos semanas en el acto organizado por el partido como puesta en escena de los<a href=\"https:\/\/elpais.com\/mexico\/2022-06-12\/ya-no-hay-tapado-sheinbaum-ebrard-y-adan-augusto-lopez-se-lanzan-a-la-carrera-presidencial-con-un-llamado-a-la-unidad-de-morena.html\">&nbsp;principales aspirantes para relevar a L\u00f3pez Obrador<\/a>. Era la fotograf\u00eda que todos esperaban: los precandidatos juntos. La puesta en escena de la salida a la carrera reuni\u00f3 a Claudia Sheinbaum, Marcelo Ebrard y Ad\u00e1n Augusto L\u00f3pez en Toluca, capital del Estado de M\u00e9xico. El acto estaba pensado como un mensaje de unidad, pero la ausencia de Monreal volvi\u00f3 a poner sobre la mesa las fricciones internas. El senador acus\u00f3 a la dirigencia del partido de no haberlo invitado, pese a que el presidente de la formaci\u00f3n, Mario Delgado, mantuvo lo contrario, prolongando unas diferencias entre ambos que se remontan a la turbulentas elecciones internas de hace dos a\u00f1os que coronaron a Delgado como presidente.<\/p>\n\n\n\n<p>\u201cEspero que la dirigencia de Morena corrija y en el futuro no me excluya de la participaci\u00f3n. Pese a que no sea mencionado en el club de los se\u00f1alados, no sea incluido en el club de los elegidos desde las ma\u00f1aneras, a\u00fan as\u00ed he decidido participar\u201d, remarc\u00f3 este mi\u00e9rcoles Monreal, que se\u00f1al\u00f3 tambi\u00e9n que Delgado s\u00ed le ha llamado formalmente para invitarlo al acto del pr\u00f3ximo fin de semana en Coahuila.<\/p>\n\n\n\n<p>Otra de las cr\u00edticas repetidas por Monreal es que la selecci\u00f3n del candidato de Morena se haga a trav\u00e9s de unas elecciones primarias en lugar de dos encuestas, como ya ha confirmado el propio Delgado. L\u00f3pez Obrador tambi\u00e9n se ha opuesto sin matices al m\u00e9todo de las primarias abiertas con el argumento de que sus adversarios podr\u00edan influir en el proceso. Dentro de un a\u00f1o la direcci\u00f3n del movimiento se dirigir\u00e1 a sus simpatizantes para definir al sucesor o a la sucesora del mandatario y mientras tanto se prepara para renovar su organizaci\u00f3n con un congreso nacional previsto para septiembre. Aunque en los nuevos comicios internos no estar\u00e1n en juego los cargos principales, la presidencia y la secretar\u00eda general, cuyos plazos terminan el a\u00f1o que viene, en v\u00edsperas de la cita electoral por la presidencia del Gobierno.<\/p>\n\n\n\n<p><a href=\"https:\/\/plus.elpais.com\/newsletters\/lnp\/1\/348\"><strong>Suscr\u00edbase aqu\u00ed<\/strong><\/a>a la\u00a0<em>newsletter<\/em>\u00a0de EL PA\u00cdS M\u00e9xico y reciba todas las claves informativas de la actualidad de este pa\u00eds<\/p>\n\n\n\n<p>Fuente: https:\/\/elpais.com\/mexico\/2022-06-24\/ricardo-monreal-desliza-su-posible-salida-de-morena-para-pelear-por-una-candidatura-presidencial.html<\/p>\n","protected":false},"excerpt":{"rendered":"<p>El jefe de la bancada del partido oficialista en el Senado redobla sus cr\u00edticas contra la campa\u00f1a interna de la [&hellip;]<\/p>\n","protected":false},"author":1,"featured_media":30634,"comment_status":"open","ping_status":"open","sticky":false,"template":"","format":"standard","meta":{"site-sidebar-layout":"default","site-content-layout":"","ast-site-content-layout":"default","site-content-style":"default","site-sidebar-style":"default","ast-global-header-display":"","ast-banner-title-visibility":"","ast-main-header-display":"","ast-hfb-above-header-display":"","ast-hfb-below-header-display":"","ast-hfb-mobile-header-display":"","site-post-title":"","ast-breadcrumbs-content":"","ast-featured-img":"","footer-sml-layout":"","theme-transparent-header-meta":"","adv-header-id-meta":"","stick-header-meta":"","header-above-stick-meta":"","header-main-stick-meta":"","header-below-stick-meta":"","astra-migrate-meta-layouts":"default","ast-page-background-enabled":"default","ast-page-background-meta":{"desktop":{"background-color":"var(--ast-global-color-4)","background-image":"","background-repeat":"repeat","background-position":"center center","background-size":"auto","background-attachment":"scroll","background-type":"","background-media":"","overlay-type":"","overlay-color":"","overlay-opacity":"","overlay-gradient":""},"tablet":{"background-color":"","background-image":"","background-repeat":"repeat","background-position":"center center","background-size":"auto","background-attachment":"scroll","background-type":"","background-media":"","overlay-type":"","overlay-color":"","overlay-opacity":"","overlay-gradient":""},"mobile":{"background-color":"","background-image":"","background-repeat":"repeat","background-position":"center center","background-size":"auto","background-attachment":"scroll","background-type":"","background-media":"","overlay-type":"","overlay-color":"","overlay-opacity":"","overlay-gradient":""}},"ast-content-background-meta":{"desktop":{"background-color":"var(--ast-global-color-5)","background-image":"","background-repeat":"repeat","background-position":"center center","background-size":"auto","background-attachment":"scroll","background-type":"","background-media":"","overlay-type":"","overlay-color":"","overlay-opacity":"","overlay-gradient":""},"tablet":{"background-color":"var(--ast-global-color-5)","background-image":"","background-repeat":"repeat","background-position":"center center","background-size":"auto","background-attachment":"scroll","background-type":"","background-media":"","overlay-type":"","overlay-color":"","overlay-opacity":"","overlay-gradient":""},"mobile":{"background-color":"var(--ast-global-color-5)","background-image":"","background-repeat":"repeat","background-position":"center center","background-size":"auto","background-attachment":"scroll","background-type":"","background-media":"","overlay-type":"","overlay-color":"","overlay-opacity":"","overlay-gradient":""}},"footnotes":""},"categories":[8],"tags":[5743,2098],"class_list":["post-30617","post","type-post","status-publish","format-standard","has-post-thumbnail","hentry","category-noticias","tag-elecciones-mexico-2024","tag-ricardo-monreal"],"_links":{"self":[{"href":"https:\/\/losperiodistas.com.mx\/portal\/wp-json\/wp\/v2\/posts\/30617","targetHints":{"allow":["GET"]}}],"collection":[{"href":"https:\/\/losperiodistas.com.mx\/portal\/wp-json\/wp\/v2\/posts"}],"about":[{"href":"https:\/\/losperiodistas.com.mx\/portal\/wp-json\/wp\/v2\/types\/post"}],"author":[{"embeddable":true,"href":"https:\/\/losperiodistas.com.mx\/portal\/wp-json\/wp\/v2\/users\/1"}],"replies":[{"embeddable":true,"href":"https:\/\/losperiodistas.com.mx\/portal\/wp-json\/wp\/v2\/comments?post=30617"}],"version-history":[{"count":1,"href":"https:\/\/losperiodistas.com.mx\/portal\/wp-json\/wp\/v2\/posts\/30617\/revisions"}],"predecessor-version":[{"id":30635,"href":"https:\/\/losperiodistas.com.mx\/portal\/wp-json\/wp\/v2\/posts\/30617\/revisions\/30635"}],"wp:featuredmedia":[{"embeddable":true,"href":"https:\/\/losperiodistas.com.mx\/portal\/wp-json\/wp\/v2\/media\/30634"}],"wp:attachment":[{"href":"https:\/\/losperiodistas.com.mx\/portal\/wp-json\/wp\/v2\/media?parent=30617"}],"wp:term":[{"taxonomy":"category","embeddable":true,"href":"https:\/\/losperiodistas.com.mx\/portal\/wp-json\/wp\/v2\/categories?post=30617"},{"taxonomy":"post_tag","embeddable":true,"href":"https:\/\/losperiodistas.com.mx\/portal\/wp-json\/wp\/v2\/tags?post=30617"}],"curies":[{"name":"wp","href":"https:\/\/api.w.org\/{rel}","templated":true}]}}