{"id":3061,"date":"2021-01-06T20:24:36","date_gmt":"2021-01-07T02:24:36","guid":{"rendered":"http:\/\/losperiodistas.com.mx\/portal\/?p=3061"},"modified":"2021-01-06T20:24:36","modified_gmt":"2021-01-07T02:24:36","slug":"mexico-rebasa-las-129-mil-muertes-por-covid-19-excelsior","status":"publish","type":"post","link":"https:\/\/losperiodistas.com.mx\/portal\/mexico-rebasa-las-129-mil-muertes-por-covid-19-excelsior\/","title":{"rendered":"M\u00e9xico rebasa las 129 mil muertes por covid-19 | Exc\u00e9lsior"},"content":{"rendered":"\n<p style=\"font-size:18px\"><em>Ricardo Cort\u00e9s Alcal\u00e1, director general de Promoci\u00f3n de la Salud, detall\u00f3 que los casos confirmados llegaron a 1 mill\u00f3n 479 mil 835<\/em><\/p>\n\n\n\n<p class=\"has-vivid-cyan-blue-color has-text-color has-medium-font-size\">REDACCI\u00d3N \/ EXC\u00c9LSIOR<\/p>\n\n\n\n<p>CIUDAD DE M\u00c9XICO. Autoridades de la Secretar\u00eda de Salud informaron este d\u00eda que el n\u00famero de muertos por coronavirus en M\u00e9xico lleg\u00f3 a 129 mil 987, con el registro de mil 116 defunciones m\u00e1s,\u00a0mientras que los casos confirmados alcanzan 1 mill\u00f3n 479 mil 835.<\/p>\n\n\n\n<p>Ricardo Cort\u00e9s Alcal\u00e1, director general de Promoci\u00f3n de la Salud, detall\u00f3 que los casos negativos llegaron a 1 mill\u00f3n 858 mil 324; mientras que los estimados sumaron 1 mill\u00f3n 667 mil 100 y hasta el momento 1 mill\u00f3n 119 mil 968 personas se han recuperado.<\/p>\n\n\n\n<p>Adem\u00e1s, se contabilizan 3 millones 747 mil 317 casos notificados.<\/p>\n\n\n\n<p>En un momento m\u00e1s informaci\u00f3n\u2026<\/p>\n\n\n\n<figure class=\"wp-block-embed-youtube wp-block-embed is-type-video is-provider-youtube wp-embed-aspect-16-9 wp-has-aspect-ratio\"><div class=\"wp-block-embed__wrapper\">\n<iframe title=\"Conferencia de Prensa #COVID19 | 6 de enero de 2021 #GraciasPorCuidarnos\" width=\"500\" height=\"281\" src=\"https:\/\/www.youtube.com\/embed\/3glmMP4OpEw?feature=oembed\" frameborder=\"0\" allow=\"accelerometer; autoplay; clipboard-write; encrypted-media; gyroscope; picture-in-picture; web-share\" referrerpolicy=\"strict-origin-when-cross-origin\" allowfullscreen><\/iframe>\n<\/div><\/figure>\n\n\n\n<p>Fuente: https:\/\/www.excelsior.com.mx\/nacional\/mexico-rebasa-las-129-mil-muertes-por-covid-19\/1425694<\/p>\n","protected":false},"excerpt":{"rendered":"<p>Ricardo Cort\u00e9s Alcal\u00e1, director general de Promoci\u00f3n de la Salud, detall\u00f3 que los casos confirmados llegaron a 1 mill\u00f3n 479 [&hellip;]<\/p>\n","protected":false},"author":1,"featured_media":3062,"comment_status":"open","ping_status":"open","sticky":false,"template":"","format":"standard","meta":{"site-sidebar-layout":"default","site-content-layout":"","ast-site-content-layout":"default","site-content-style":"default","site-sidebar-style":"default","ast-global-header-display":"","ast-banner-title-visibility":"","ast-main-header-display":"","ast-hfb-above-header-display":"","ast-hfb-below-header-display":"","ast-hfb-mobile-header-display":"","site-post-title":"","ast-breadcrumbs-content":"","ast-featured-img":"","footer-sml-layout":"","theme-transparent-header-meta":"","adv-header-id-meta":"","stick-header-meta":"","header-above-stick-meta":"","header-main-stick-meta":"","header-below-stick-meta":"","astra-migrate-meta-layouts":"default","ast-page-background-enabled":"default","ast-page-background-meta":{"desktop":{"background-color":"var(--ast-global-color-4)","background-image":"","background-repeat":"repeat","background-position":"center center","background-size":"auto","background-attachment":"scroll","background-type":"","background-media":"","overlay-type":"","overlay-color":"","overlay-opacity":"","overlay-gradient":""},"tablet":{"background-color":"","background-image":"","background-repeat":"repeat","background-position":"center center","background-size":"auto","background-attachment":"scroll","background-type":"","background-media":"","overlay-type":"","overlay-color":"","overlay-opacity":"","overlay-gradient":""},"mobile":{"background-color":"","background-image":"","background-repeat":"repeat","background-position":"center center","background-size":"auto","background-attachment":"scroll","background-type":"","background-media":"","overlay-type":"","overlay-color":"","overlay-opacity":"","overlay-gradient":""}},"ast-content-background-meta":{"desktop":{"background-color":"var(--ast-global-color-5)","background-image":"","background-repeat":"repeat","background-position":"center center","background-size":"auto","background-attachment":"scroll","background-type":"","background-media":"","overlay-type":"","overlay-color":"","overlay-opacity":"","overlay-gradient":""},"tablet":{"background-color":"var(--ast-global-color-5)","background-image":"","background-repeat":"repeat","background-position":"center center","background-size":"auto","background-attachment":"scroll","background-type":"","background-media":"","overlay-type":"","overlay-color":"","overlay-opacity":"","overlay-gradient":""},"mobile":{"background-color":"var(--ast-global-color-5)","background-image":"","background-repeat":"repeat","background-position":"center center","background-size":"auto","background-attachment":"scroll","background-type":"","background-media":"","overlay-type":"","overlay-color":"","overlay-opacity":"","overlay-gradient":""}},"footnotes":""},"categories":[8],"tags":[],"class_list":["post-3061","post","type-post","status-publish","format-standard","has-post-thumbnail","hentry","category-noticias"],"_links":{"self":[{"href":"https:\/\/losperiodistas.com.mx\/portal\/wp-json\/wp\/v2\/posts\/3061","targetHints":{"allow":["GET"]}}],"collection":[{"href":"https:\/\/losperiodistas.com.mx\/portal\/wp-json\/wp\/v2\/posts"}],"about":[{"href":"https:\/\/losperiodistas.com.mx\/portal\/wp-json\/wp\/v2\/types\/post"}],"author":[{"embeddable":true,"href":"https:\/\/losperiodistas.com.mx\/portal\/wp-json\/wp\/v2\/users\/1"}],"replies":[{"embeddable":true,"href":"https:\/\/losperiodistas.com.mx\/portal\/wp-json\/wp\/v2\/comments?post=3061"}],"version-history":[{"count":1,"href":"https:\/\/losperiodistas.com.mx\/portal\/wp-json\/wp\/v2\/posts\/3061\/revisions"}],"predecessor-version":[{"id":3063,"href":"https:\/\/losperiodistas.com.mx\/portal\/wp-json\/wp\/v2\/posts\/3061\/revisions\/3063"}],"wp:featuredmedia":[{"embeddable":true,"href":"https:\/\/losperiodistas.com.mx\/portal\/wp-json\/wp\/v2\/media\/3062"}],"wp:attachment":[{"href":"https:\/\/losperiodistas.com.mx\/portal\/wp-json\/wp\/v2\/media?parent=3061"}],"wp:term":[{"taxonomy":"category","embeddable":true,"href":"https:\/\/losperiodistas.com.mx\/portal\/wp-json\/wp\/v2\/categories?post=3061"},{"taxonomy":"post_tag","embeddable":true,"href":"https:\/\/losperiodistas.com.mx\/portal\/wp-json\/wp\/v2\/tags?post=3061"}],"curies":[{"name":"wp","href":"https:\/\/api.w.org\/{rel}","templated":true}]}}