{"id":30592,"date":"2022-06-23T10:04:47","date_gmt":"2022-06-23T15:04:47","guid":{"rendered":"http:\/\/losperiodistas.com.mx\/portal\/?p=30592"},"modified":"2022-06-23T10:04:49","modified_gmt":"2022-06-23T15:04:49","slug":"crea-ayuntamiento-de-puebla-expediente-unico-notarial-para-reducir-tiempos-en-tramites","status":"publish","type":"post","link":"https:\/\/losperiodistas.com.mx\/portal\/crea-ayuntamiento-de-puebla-expediente-unico-notarial-para-reducir-tiempos-en-tramites\/","title":{"rendered":"Crea Ayuntamiento de Puebla expediente \u00fanico notarial para reducir tiempos en tr\u00e1mites"},"content":{"rendered":"\n<ul class=\"wp-block-list\"><li><em>Ahora se tienen mejores tiempos de respuesta, 50 por ciento menos requisitos y una reducci\u00f3n importante de interacciones forzosas en el CAM.<\/em><\/li><\/ul>\n\n\n\n<p><\/p>\n\n\n\n<figure class=\"wp-block-image size-large\"><img fetchpriority=\"high\" decoding=\"async\" width=\"1024\" height=\"682\" src=\"https:\/\/losperiodistas.com.mx\/portal\/wp-content\/uploads\/2022\/06\/WhatsApp-Image-2022-06-23-at-9.57.13-AM-1024x682.jpeg\" alt=\"\" class=\"wp-image-30593\" srcset=\"https:\/\/losperiodistas.com.mx\/portal\/wp-content\/uploads\/2022\/06\/WhatsApp-Image-2022-06-23-at-9.57.13-AM-1024x682.jpeg 1024w, https:\/\/losperiodistas.com.mx\/portal\/wp-content\/uploads\/2022\/06\/WhatsApp-Image-2022-06-23-at-9.57.13-AM-300x200.jpeg 300w, https:\/\/losperiodistas.com.mx\/portal\/wp-content\/uploads\/2022\/06\/WhatsApp-Image-2022-06-23-at-9.57.13-AM-768x512.jpeg 768w, https:\/\/losperiodistas.com.mx\/portal\/wp-content\/uploads\/2022\/06\/WhatsApp-Image-2022-06-23-at-9.57.13-AM.jpeg 1280w\" sizes=\"(max-width: 1024px) 100vw, 1024px\" \/><figcaption>Ayuntamiento Puebla<\/figcaption><\/figure>\n\n\n\n<p><\/p>\n\n\n\n<p class=\"has-vivid-cyan-blue-color has-text-color has-medium-font-size\">REDACCI\u00d3N<\/p>\n\n\n\n<p>Cada vez hay menos \u201ccuellos de botella\u201d en la realizaci\u00f3n de tr\u00e1mites ante el Gobierno Municipal, pues para facilitarle las cosas a la ciudadan\u00eda, ahora existe el Expediente \u00danico para Tr\u00e1mites Notariales en el cat\u00e1logo de facilidades administrativas del Ayuntamiento de Puebla, donde se fusionan tres diligencias en un s\u00f3lo lugar para reducir tiempos de gesti\u00f3n.<\/p>\n\n\n\n<p>Ahora, solicitar las Constancias de Alineamiento y N\u00famero Oficial, el Uso de Suelo y la Construcci\u00f3n Preexistente dejar\u00e1 de ser engorroso, pues tal y como lo anunci\u00f3 Eduardo Rivera P\u00e9rez, Presidente Municipal, se pasa de tener 20 interacciones forzosas a s\u00f3lo seis en el Centro de Atenci\u00f3n Municipal (CAM), as\u00ed como de un periodo de respuesta de 20 d\u00edas h\u00e1biles a tan s\u00f3lo siete, y a reducir los requisitos en un 50 por ciento, pasando de 47 a 23.<\/p>\n\n\n\n<p>\u00abEl mejor Gobierno es el que no le quita tiempo a las poblanas y los poblanos para hacer sus tr\u00e1mites, para hacer inversiones\u00bb, destac\u00f3 el alcalde sobre esta medida que se impulsa gracias al trabajo coordinado con el Colegio de Notarios, donde su Presidente Humberto Jim\u00e9nez Jim\u00e9nez reconoci\u00f3 la gran sensibilidad de dise\u00f1o que tiene para hacer m\u00e1s eficiente el acceso a esta documentaci\u00f3n.<\/p>\n\n\n\n<p>Ejemplo de ellos es que actualmente la ciudadan\u00eda se tarda cerca de dos meses para realizar un traslado de dominio, pero con el nuevo Expediente lo podr\u00e1n hacer en menos de 10 d\u00edas, acto que para Susana Riestra Pi\u00f1a, Regidora Presidenta de la Comisi\u00f3n de Desarrollo Urbano, Gesti\u00f3n y Medio Ambiente, es reflejo de un proyecto de Mejora Regulatoria que apuesta por disminuir la brecha administrativa de tiempos, atenci\u00f3n y calidad para toda la ciudadan\u00eda, pero en especial de los gremios que hacen posible la reactivaci\u00f3n econ\u00f3mica.<\/p>\n\n\n\n<p>Es por ello que en la presentaci\u00f3n de Expediente \u00danico para Tr\u00e1mites Notariales se cont\u00f3 con la presencia de H\u00e9ctor S\u00e1nchez Morales, Presidente de la C\u00e1mara Mexicana de la Industria de la Construcci\u00f3n (CMIC), as\u00ed como de Jos\u00e9 Felipe Vel\u00e1zquez Guti\u00e9rrez, Secretario de Gesti\u00f3n y Desarrollo Urbano; Guadalupe Arrubarrena Garc\u00eda, S\u00edndica Municipal; y de Mar\u00eda Isabel Garc\u00eda Ramos, Tesorera Municipal.<\/p>\n","protected":false},"excerpt":{"rendered":"<p>Ahora se tienen mejores tiempos de respuesta, 50 por ciento menos requisitos y una reducci\u00f3n importante de interacciones forzosas en [&hellip;]<\/p>\n","protected":false},"author":1,"featured_media":30593,"comment_status":"open","ping_status":"open","sticky":false,"template":"","format":"standard","meta":{"site-sidebar-layout":"default","site-content-layout":"","ast-site-content-layout":"default","site-content-style":"default","site-sidebar-style":"default","ast-global-header-display":"","ast-banner-title-visibility":"","ast-main-header-display":"","ast-hfb-above-header-display":"","ast-hfb-below-header-display":"","ast-hfb-mobile-header-display":"","site-post-title":"","ast-breadcrumbs-content":"","ast-featured-img":"","footer-sml-layout":"","theme-transparent-header-meta":"","adv-header-id-meta":"","stick-header-meta":"","header-above-stick-meta":"","header-main-stick-meta":"","header-below-stick-meta":"","astra-migrate-meta-layouts":"default","ast-page-background-enabled":"default","ast-page-background-meta":{"desktop":{"background-color":"var(--ast-global-color-4)","background-image":"","background-repeat":"repeat","background-position":"center center","background-size":"auto","background-attachment":"scroll","background-type":"","background-media":"","overlay-type":"","overlay-color":"","overlay-opacity":"","overlay-gradient":""},"tablet":{"background-color":"","background-image":"","background-repeat":"repeat","background-position":"center center","background-size":"auto","background-attachment":"scroll","background-type":"","background-media":"","overlay-type":"","overlay-color":"","overlay-opacity":"","overlay-gradient":""},"mobile":{"background-color":"","background-image":"","background-repeat":"repeat","background-position":"center center","background-size":"auto","background-attachment":"scroll","background-type":"","background-media":"","overlay-type":"","overlay-color":"","overlay-opacity":"","overlay-gradient":""}},"ast-content-background-meta":{"desktop":{"background-color":"var(--ast-global-color-5)","background-image":"","background-repeat":"repeat","background-position":"center center","background-size":"auto","background-attachment":"scroll","background-type":"","background-media":"","overlay-type":"","overlay-color":"","overlay-opacity":"","overlay-gradient":""},"tablet":{"background-color":"var(--ast-global-color-5)","background-image":"","background-repeat":"repeat","background-position":"center center","background-size":"auto","background-attachment":"scroll","background-type":"","background-media":"","overlay-type":"","overlay-color":"","overlay-opacity":"","overlay-gradient":""},"mobile":{"background-color":"var(--ast-global-color-5)","background-image":"","background-repeat":"repeat","background-position":"center center","background-size":"auto","background-attachment":"scroll","background-type":"","background-media":"","overlay-type":"","overlay-color":"","overlay-opacity":"","overlay-gradient":""}},"footnotes":""},"categories":[8],"tags":[7279,10940],"class_list":["post-30592","post","type-post","status-publish","format-standard","has-post-thumbnail","hentry","category-noticias","tag-contigoyconrumbo","tag-tramites-notariales"],"_links":{"self":[{"href":"https:\/\/losperiodistas.com.mx\/portal\/wp-json\/wp\/v2\/posts\/30592","targetHints":{"allow":["GET"]}}],"collection":[{"href":"https:\/\/losperiodistas.com.mx\/portal\/wp-json\/wp\/v2\/posts"}],"about":[{"href":"https:\/\/losperiodistas.com.mx\/portal\/wp-json\/wp\/v2\/types\/post"}],"author":[{"embeddable":true,"href":"https:\/\/losperiodistas.com.mx\/portal\/wp-json\/wp\/v2\/users\/1"}],"replies":[{"embeddable":true,"href":"https:\/\/losperiodistas.com.mx\/portal\/wp-json\/wp\/v2\/comments?post=30592"}],"version-history":[{"count":1,"href":"https:\/\/losperiodistas.com.mx\/portal\/wp-json\/wp\/v2\/posts\/30592\/revisions"}],"predecessor-version":[{"id":30596,"href":"https:\/\/losperiodistas.com.mx\/portal\/wp-json\/wp\/v2\/posts\/30592\/revisions\/30596"}],"wp:featuredmedia":[{"embeddable":true,"href":"https:\/\/losperiodistas.com.mx\/portal\/wp-json\/wp\/v2\/media\/30593"}],"wp:attachment":[{"href":"https:\/\/losperiodistas.com.mx\/portal\/wp-json\/wp\/v2\/media?parent=30592"}],"wp:term":[{"taxonomy":"category","embeddable":true,"href":"https:\/\/losperiodistas.com.mx\/portal\/wp-json\/wp\/v2\/categories?post=30592"},{"taxonomy":"post_tag","embeddable":true,"href":"https:\/\/losperiodistas.com.mx\/portal\/wp-json\/wp\/v2\/tags?post=30592"}],"curies":[{"name":"wp","href":"https:\/\/api.w.org\/{rel}","templated":true}]}}