{"id":30589,"date":"2022-06-23T10:00:19","date_gmt":"2022-06-23T15:00:19","guid":{"rendered":"http:\/\/losperiodistas.com.mx\/portal\/?p=30589"},"modified":"2022-06-23T10:00:20","modified_gmt":"2022-06-23T15:00:20","slug":"opinion-tendra-la-inseguridad-un-costo-politico-para-lopez-obrador-el-pais","status":"publish","type":"post","link":"https:\/\/losperiodistas.com.mx\/portal\/opinion-tendra-la-inseguridad-un-costo-politico-para-lopez-obrador-el-pais\/","title":{"rendered":"Opini\u00f3n | \u00bfTendr\u00e1 la inseguridad un costo pol\u00edtico para L\u00f3pez Obrador? | El Pa\u00eds"},"content":{"rendered":"\n<p><em>En la cuidadosa estrategia pol\u00edtica impulsada por el presidente, hay una variable que ha comenzado a salirse de control: el crimen organizado<\/em><\/p>\n\n\n\n<p><\/p>\n\n\n\n<figure class=\"wp-block-image size-large\"><img fetchpriority=\"high\" decoding=\"async\" width=\"1024\" height=\"683\" src=\"https:\/\/losperiodistas.com.mx\/portal\/wp-content\/uploads\/2022\/06\/R5YUOYVFAK5LXV3JR6YO6GXKQI-1024x683.jpeg\" alt=\"\" class=\"wp-image-30590\" srcset=\"https:\/\/losperiodistas.com.mx\/portal\/wp-content\/uploads\/2022\/06\/R5YUOYVFAK5LXV3JR6YO6GXKQI-1024x683.jpeg 1024w, https:\/\/losperiodistas.com.mx\/portal\/wp-content\/uploads\/2022\/06\/R5YUOYVFAK5LXV3JR6YO6GXKQI-300x200.jpeg 300w, https:\/\/losperiodistas.com.mx\/portal\/wp-content\/uploads\/2022\/06\/R5YUOYVFAK5LXV3JR6YO6GXKQI-768x512.jpeg 768w, https:\/\/losperiodistas.com.mx\/portal\/wp-content\/uploads\/2022\/06\/R5YUOYVFAK5LXV3JR6YO6GXKQI-1536x1024.jpeg 1536w, https:\/\/losperiodistas.com.mx\/portal\/wp-content\/uploads\/2022\/06\/R5YUOYVFAK5LXV3JR6YO6GXKQI.jpeg 1960w\" sizes=\"(max-width: 1024px) 100vw, 1024px\" \/><figcaption>Este mi\u00e9rcoles, un soldado afuera de la iglesia en de Cerocahui, Chihuahua, en la que fueron asesinados los padres jesuitas. CHRISTIAN CHAVEZ (AP)<br><\/figcaption><\/figure>\n\n\n\n<p class=\"has-vivid-cyan-blue-color has-text-color has-medium-font-size\">JORGE ZEPEDA PATTERSON \/ Pens\u00e1ndolo Bien \/ Opini\u00f3n \/ EL PA\u00cdS<\/p>\n\n\n\n<p>El infame&nbsp;<a href=\"https:\/\/elpais.com\/mexico\/2022-06-22\/los-jesuitas-javier-campos-y-joaquin-mora-dos-defensores-de-los-raramuris-asesinados-por-el-narco.html\">asesinato de dos jesuitas misioneros&nbsp;<\/a>en la sierra Tarahumara, de manera gratuita y salvaje, ha indignado a la opini\u00f3n p\u00fablica con sobrada raz\u00f3n. Una cuenta m\u00e1s de un largo rosario de incidentes que muestra que la poblaci\u00f3n en amplios territorios se encuentra indefensa ante la barbarie de estos poderes salvajes. Cabr\u00eda preguntarse en qu\u00e9 momento esta percepci\u00f3n podr\u00eda tener un costo pol\u00edtico para el gobierno federal, responsable de la seguridad en \u00faltima instancia.<\/p>\n\n\n\n<p>El obradorismo ha copado de tal manera los espacios pol\u00edticos que parecer\u00eda que los partidos de oposici\u00f3n han dejado de ser, al menos por el momento, una amenaza para su hegemon\u00eda. Los niveles de aprobaci\u00f3n de&nbsp;<a href=\"https:\/\/elpais.com\/mexico\/2022-06-21\/lopez-obrador-se-vuelca-con-assange-y-pedira-a-biden-exonerar-al-fundador-de-wikileaks.html\">Andr\u00e9s Manuel L\u00f3pez Obrador<\/a>, el dominio del partido oficial, Morena, en las elecciones locales, el control de dos tercios del territorio y el desdibujamiento de otros factores de poder frente al presidencialismo, hacen suponer que este movimiento lleg\u00f3 para quedarse en Palacio Nacional. Sin embargo, en la cuidadosa estrategia pol\u00edtica impulsada por el presidente, hay una variable que ha comenzado a salirse de control: el crimen organizado.<\/p>\n\n\n\n<p>A primera vista, parecer\u00eda que incluso este factor no operar\u00eda en contra del obradorismo. La estrategia de \u201cabrazos no balazos\u201d impulsada por AMLO, sus reiteradas consideraciones a los c\u00e1rteles menos salvajes como el de Sinaloa, la renuencia a la confrontaci\u00f3n directa por parte del ej\u00e9rcito y la Guardia Nacional, han llevado incluso a acusar, sin pruebas, de una especie de pacto entre el gobierno y los c\u00e1rteles.<\/p>\n\n\n\n<p>Como lo han se\u00f1alado expertos independientes, los datos no avalan la noci\u00f3n de un supuesto pacto, por m\u00e1s que el morbo pol\u00edtico y medi\u00e1tico lo sugiera. El ej\u00e9rcito sigue incautando cargamentos, reventando laboratorios clandestinos, deteniendo narcomenudistas y erradicando cultivos en magnitudes incluso mayores que en el pasado. Lo que no est\u00e1 haciendo es enfrentar de manera directa a las numerosas milicias que han brotado de las bandas criminales. Una y otra vez nos enteramos de casos en los que los efectivos de la Guardia Nacional o del Ej\u00e9rcito&nbsp;<a href=\"https:\/\/elpais.com\/mexico\/2022-05-13\/el-secretario-de-defensa-sobre-la-huida-del-ejercito-en-nueva-italia-no-habia-por-que-responder-a-la-fuerza.html\">optaron por no intervenir en el acoso contra un poblado<\/a>&nbsp;perpetrado por varias decenas de sicarios, pese a la presencia de un cuartel cercano a los hechos. Son tolerados los retenes ilegales perfectamente detectados por la autoridad.<\/p>\n\n\n\n<p>\u00bfPor qu\u00e9 esta pasividad? \u00bfPor qu\u00e9 la estrategia de abrazos no balazos? A mi juicio, obedece a dos razonamientos mutuamente reforzantes en la mente del presidente. Primero, la idea de que, frente al enorme desaf\u00edo de remontar la pobreza y la desigualdad social, el gobierno carec\u00eda de los recursos para afrontar simult\u00e1neamente la batalla contra el crimen organizado. Y habr\u00eda que partir del hecho de que L\u00f3pez Obrador, quien preside una reuni\u00f3n sobre seguridad todos los d\u00edas, es quiz\u00e1 el presidente mejor informado sobre este tema en muchos sexenios. Sabiendo lo que sabe, determin\u00f3 que el Estado mexicano no estaba en condiciones de ganar ese enfrentamiento.<\/p>\n\n\n\n<p>Segundo, la noci\u00f3n de que hab\u00eda narcos salvajes y narcos \u201cinstitucionales\u201d, por as\u00ed decirlo. Estos \u00faltimos ser\u00edan los c\u00e1rteles tradicionales, dedicados al trasiego de la droga y no tanto a las actividades delincuenciales y de expoliaci\u00f3n contra la sociedad. Si no hab\u00eda condiciones para abatirlos, el escenario menos malo consist\u00eda en que esos c\u00e1rteles de anta\u00f1o controlaran su territorio. Es decir, se part\u00eda de la base de que, si no hay manera de abatir al crimen, es preferible el crimen organizado que el crimen desorganizado. El n\u00famero de asesinatos disminuye cuando una sola fuerza domina la plaza, dijo el presidente hace poco.<\/p>\n\n\n\n<p>Con estas dos premisas se desarroll\u00f3 una estrategia a dos tiempos. En lo inmediato, pasar el mensaje de suspensi\u00f3n de la guerra, con la esperanza de que constituyese una especie de tregua mientras el Estado preparaba al mediano plazo: una reforma judicial, por un lado, y el desarrollo de una fuerza territorial capaz de, en su momento, enfrentar con \u00e9xito al adversario. Con sus m\u00e1s de 200 cuarteles y m\u00e1s de 100 mil efectivos, la Guardia Nacional est\u00e1 intentando la recuperaci\u00f3n del territorio. Pero es un proceso en marcha. Por ahora, de manera pasiva y solo presencial y, se asume que, cuando el despliegue sea completo pase a modo activo.<\/p>\n\n\n\n<p>Se puede estar en desacuerdo con la militarizaci\u00f3n, pero tiene una l\u00f3gica interna. Iniciar la batalla cuando se pueda tener \u00e9xito y mientras tanto buscar ganar tiempo.<\/p>\n\n\n\n<p>Tengo la impresi\u00f3n de que L\u00f3pez Obrador hab\u00eda calculado que con esta l\u00f3gica podr\u00eda terminar su sexenio sin que el problema de la inseguridad se saliera de las manos. Hab\u00eda la expectativa, incluso, de reducir las estad\u00edsticas delincuenciales gracias a la presencia de la GN, y, al mismo tiempo, estar en condiciones de entregar a su sucesor la fuerza f\u00edsica instalada y las mejoras judiciales para, ahora s\u00ed, emprender una confrontaci\u00f3n con mayores posibilidades de \u00e9xito. Basta decir que el n\u00famero de elementos de seguridad p\u00fablica se ha quintuplicado con respecto al sexenio pasado.<\/p>\n\n\n\n<p>El problema es que las dos premisas sobre la que se basa esta estrategia fueron desbordadas. Lejos de aceptar una tregua, las bandas asumieron la pasividad de las fuerzas federales como<a href=\"https:\/\/elpais.com\/mexico\/2022-06-20\/la-violencia-rompe-el-oasis-de-chiapas.html\">&nbsp;temporada de caza&nbsp;<\/a>para expandirse y aumentar las formas de orde\u00f1a en contra de la poblaci\u00f3n. El aumento del delito de extorsi\u00f3n ejemplifica el creciente control territorial por parte de la delincuencia.<\/p>\n\n\n\n<p>Y, por otro lado, result\u00f3 equ\u00edvoca la tesis del narco malo y el narco menos malo o la capacidad de los c\u00e1rteles grandes para abatir a las bandas salvajes. Los c\u00e1rteles han incorporado a su agenda otros rubros, adem\u00e1s de la droga. Por otro lado, lejos de disminuir, ya hay cientos de bandas en el pa\u00eds, muchas de ellas producto de la propia fragmentaci\u00f3n y rivalidad al interior de esos c\u00e1rteles.<\/p>\n\n\n\n<p>El hecho es que el acoso en contra de la poblaci\u00f3n ha comenzado a resultar insoportable en muchas regiones. Si hoy fueran las elecciones presidenciales, AMLO habr\u00eda logrado su objetivo. Pero la aceleraci\u00f3n en la presencia del crimen organizado y desorganizado, y los dos a\u00f1os que faltan, introducen la duda de si esto terminar\u00e1 por impactar el aparente blindaje pol\u00edtico que hoy posee el obradorismo.<\/p>\n\n\n\n<p>Pero incluso si lo hace, no est\u00e1 claro que la oposici\u00f3n est\u00e9 en condiciones de cosechar; PRI, PAN o Movimiento Ciudadano no se han caracterizado por una estrategia eficaz en contra de la inseguridad. El riesgo es que esto haga un vac\u00edo que se preste al surgimiento de candidatos tipo el brasile\u00f1o Bolsonaro, el h\u00fangaro Viktor Orban o el salvadore\u00f1o Bukele, aupados por un discurso autoritario y fascista.<\/p>\n\n\n\n<p>Frente a esto, me parece que el obradorismo tiene mejores argumentos, pero tendr\u00eda que empezar a usarlos. Tras&nbsp;<a href=\"https:\/\/elpais.com\/mexico\/2022-06-22\/el-papa-francisco-condena-el-crimen-de-los-sacerdotes-jesuitascuantos-asesinatos-en-mexico.html\" target=\"_blank\" rel=\"noreferrer noopener\">el crimen infame<\/a>&nbsp;de los jesuitas, uno pensar\u00eda que ya no sirve la explicaci\u00f3n de L\u00f3pez Obrador, de que el problema remite a la gesti\u00f3n de Felipe Calder\u00f3n, quien dej\u00f3 el poder hace diez a\u00f1os.<\/p>\n\n\n\n<p><strong>@jorgezepedap<\/strong><\/p>\n\n\n\n<p><a href=\"https:\/\/plus.elpais.com\/newsletters\/lnp\/1\/348\"><strong>Suscr\u00edbase aqu\u00ed<\/strong><\/a>a la\u00a0<em>newsletter<\/em>\u00a0de EL PA\u00cdS M\u00e9xico y reciba todas las claves informativas de la actualidad de este pa\u00eds<\/p>\n\n\n\n<p>Fuente: https:\/\/elpais.com\/mexico\/opinion\/2022-06-23\/tendra-la-inseguridad-un-costo-politico-para-lopez-obrador.html<\/p>\n","protected":false},"excerpt":{"rendered":"<p>En la cuidadosa estrategia pol\u00edtica impulsada por el presidente, hay una variable que ha comenzado a salirse de control: el [&hellip;]<\/p>\n","protected":false},"author":1,"featured_media":30590,"comment_status":"open","ping_status":"open","sticky":false,"template":"","format":"standard","meta":{"site-sidebar-layout":"default","site-content-layout":"","ast-site-content-layout":"default","site-content-style":"default","site-sidebar-style":"default","ast-global-header-display":"","ast-banner-title-visibility":"","ast-main-header-display":"","ast-hfb-above-header-display":"","ast-hfb-below-header-display":"","ast-hfb-mobile-header-display":"","site-post-title":"","ast-breadcrumbs-content":"","ast-featured-img":"","footer-sml-layout":"","theme-transparent-header-meta":"","adv-header-id-meta":"","stick-header-meta":"","header-above-stick-meta":"","header-main-stick-meta":"","header-below-stick-meta":"","astra-migrate-meta-layouts":"default","ast-page-background-enabled":"default","ast-page-background-meta":{"desktop":{"background-color":"var(--ast-global-color-4)","background-image":"","background-repeat":"repeat","background-position":"center center","background-size":"auto","background-attachment":"scroll","background-type":"","background-media":"","overlay-type":"","overlay-color":"","overlay-opacity":"","overlay-gradient":""},"tablet":{"background-color":"","background-image":"","background-repeat":"repeat","background-position":"center center","background-size":"auto","background-attachment":"scroll","background-type":"","background-media":"","overlay-type":"","overlay-color":"","overlay-opacity":"","overlay-gradient":""},"mobile":{"background-color":"","background-image":"","background-repeat":"repeat","background-position":"center center","background-size":"auto","background-attachment":"scroll","background-type":"","background-media":"","overlay-type":"","overlay-color":"","overlay-opacity":"","overlay-gradient":""}},"ast-content-background-meta":{"desktop":{"background-color":"var(--ast-global-color-5)","background-image":"","background-repeat":"repeat","background-position":"center center","background-size":"auto","background-attachment":"scroll","background-type":"","background-media":"","overlay-type":"","overlay-color":"","overlay-opacity":"","overlay-gradient":""},"tablet":{"background-color":"var(--ast-global-color-5)","background-image":"","background-repeat":"repeat","background-position":"center center","background-size":"auto","background-attachment":"scroll","background-type":"","background-media":"","overlay-type":"","overlay-color":"","overlay-opacity":"","overlay-gradient":""},"mobile":{"background-color":"var(--ast-global-color-5)","background-image":"","background-repeat":"repeat","background-position":"center center","background-size":"auto","background-attachment":"scroll","background-type":"","background-media":"","overlay-type":"","overlay-color":"","overlay-opacity":"","overlay-gradient":""}},"footnotes":""},"categories":[8],"tags":[10921,199,2127,10905,10939,4120],"class_list":["post-30589","post","type-post","status-publish","format-standard","has-post-thumbnail","hentry","category-noticias","tag-abrazos-y-balazos","tag-amlo","tag-guardia-nacional","tag-jesuitas-asesinados","tag-jorge-zepeda-p","tag-mexico-2024"],"_links":{"self":[{"href":"https:\/\/losperiodistas.com.mx\/portal\/wp-json\/wp\/v2\/posts\/30589","targetHints":{"allow":["GET"]}}],"collection":[{"href":"https:\/\/losperiodistas.com.mx\/portal\/wp-json\/wp\/v2\/posts"}],"about":[{"href":"https:\/\/losperiodistas.com.mx\/portal\/wp-json\/wp\/v2\/types\/post"}],"author":[{"embeddable":true,"href":"https:\/\/losperiodistas.com.mx\/portal\/wp-json\/wp\/v2\/users\/1"}],"replies":[{"embeddable":true,"href":"https:\/\/losperiodistas.com.mx\/portal\/wp-json\/wp\/v2\/comments?post=30589"}],"version-history":[{"count":1,"href":"https:\/\/losperiodistas.com.mx\/portal\/wp-json\/wp\/v2\/posts\/30589\/revisions"}],"predecessor-version":[{"id":30591,"href":"https:\/\/losperiodistas.com.mx\/portal\/wp-json\/wp\/v2\/posts\/30589\/revisions\/30591"}],"wp:featuredmedia":[{"embeddable":true,"href":"https:\/\/losperiodistas.com.mx\/portal\/wp-json\/wp\/v2\/media\/30590"}],"wp:attachment":[{"href":"https:\/\/losperiodistas.com.mx\/portal\/wp-json\/wp\/v2\/media?parent=30589"}],"wp:term":[{"taxonomy":"category","embeddable":true,"href":"https:\/\/losperiodistas.com.mx\/portal\/wp-json\/wp\/v2\/categories?post=30589"},{"taxonomy":"post_tag","embeddable":true,"href":"https:\/\/losperiodistas.com.mx\/portal\/wp-json\/wp\/v2\/tags?post=30589"}],"curies":[{"name":"wp","href":"https:\/\/api.w.org\/{rel}","templated":true}]}}