{"id":30583,"date":"2022-06-23T09:00:03","date_gmt":"2022-06-23T14:00:03","guid":{"rendered":"http:\/\/losperiodistas.com.mx\/portal\/?p=30583"},"modified":"2022-06-23T09:00:05","modified_gmt":"2022-06-23T14:00:05","slug":"jose-merce-lloro-en-el-escenario-pero-me-gusta-hacerlo-porque-creo-que-es-algo-que-yo-queria-sacar-de-adentro-y-decirselo-a-mi-gente-metropoli","status":"publish","type":"post","link":"https:\/\/losperiodistas.com.mx\/portal\/jose-merce-lloro-en-el-escenario-pero-me-gusta-hacerlo-porque-creo-que-es-algo-que-yo-queria-sacar-de-adentro-y-decirselo-a-mi-gente-metropoli\/","title":{"rendered":"Jos\u00e9 Merc\u00e9: \u00abLloro en el escenario, pero me gusta hacerlo porque creo que es algo que yo quer\u00eda sacar de adentro y dec\u00edrselo a mi gente\u00bb | Metr\u00f3poli"},"content":{"rendered":"\n<p><em><strong>El cantaor presenta\u00a0<\/strong>El Oripand\u00f3<strong>, la obra \u00abm\u00e1s importante y arriesgada\u00bb de su carrera, en la que comparte el dolor por la p\u00e9rdida, hace 28 a\u00f1os, de su hijo Curro<\/strong><\/em><\/p>\n\n\n\n<p><\/p>\n\n\n\n<figure class=\"wp-block-image size-full\"><img fetchpriority=\"high\" decoding=\"async\" width=\"746\" height=\"497\" src=\"https:\/\/losperiodistas.com.mx\/portal\/wp-content\/uploads\/2022\/06\/16558129318043.jpg\" alt=\"\" class=\"wp-image-30584\" srcset=\"https:\/\/losperiodistas.com.mx\/portal\/wp-content\/uploads\/2022\/06\/16558129318043.jpg 746w, https:\/\/losperiodistas.com.mx\/portal\/wp-content\/uploads\/2022\/06\/16558129318043-300x200.jpg 300w\" sizes=\"(max-width: 746px) 100vw, 746px\" \/><figcaption>El artista jerezano Jos\u00e9 Merc\u00e9. <strong>Gogo Lobato<\/strong><\/figcaption><\/figure>\n\n\n\n<p class=\"has-vivid-cyan-blue-color has-text-color has-medium-font-size\">ANACLARA TRENGRONE BRACCO \/ METR\u00d3POLI \/ EL MUNDO<\/p>\n\n\n\n<p>Jos\u00e9 Merc\u00e9 (Jer\u00e9z de la Frontera, 1955) aprendi\u00f3 a vivir el d\u00eda a d\u00eda. No se trata, en este caso, de una frase hecha: la vida le dio un golpe tan duro -su hijo Curro falleci\u00f3 hace 28 a\u00f1os con tan s\u00f3lo 14- que sinti\u00f3 que se quedaba sin aire. Tuvo que pasar mucho tiempo para que el cantaor convirtiera en m\u00fasica su dolor, pero tambi\u00e9n su amor, en su nueva \u00abobra\u00bb, que decidi\u00f3 titular&nbsp;<em>El Oripand\u00f3<\/em>. En cal\u00e9, significa amanecer. Aquellos que tanto le gusta ver en su casa de Chipiona.<\/p>\n\n\n\n<p>Para \u00e9l, este es un nuevo comienzo: el salto m\u00e1s arriesgado que ha dado en su carrera. Lo dice, pero no es necesario, porque la ilusi\u00f3n y las ganas de subirse a los escenarios las lleva en la sangre. \u00abAhora mismo estoy con&nbsp;<em>El Oripand\u00f3<\/em>&nbsp;como cuando a los ni\u00f1os les traen los obsequios Los Reyes\u00bb, admite. Su mejor regalo hoy es poder sacar para fuera, y cantarle a su p\u00fablico, lo que guard\u00f3 tanto tiempo dentro. El 10 de julio pisar\u00e1 las tablas del Teatro Real, en el Universal Music Festival, y sin dudarlo, asegura: \u00abEl p\u00fablico ver\u00e1 a un Jos\u00e9 Merc\u00e9 que nunca ha visto\u00bb.<\/p>\n\n\n\n<p><strong>PREGUNTA<\/strong>.<strong>&nbsp;\u00bfQu\u00e9 significa para usted su nueva obra&nbsp;<\/strong><em><strong>El Oripand\u00f3<\/strong><\/em><strong>?<\/strong><\/p>\n\n\n\n<p><strong>RESPUESTA.<\/strong><em>El Oripand\u00f3,<\/em>&nbsp;para m\u00ed<em>,&nbsp;<\/em>es una autobiograf\u00eda. Lo que hago es contar mi vida, lo que he vivido desde que empec\u00e9 con esto. Con Antonio Orozco, que es el productor, trabajamos casi tres a\u00f1os. Creo que ha merecido la pena. Es muy emotivo, hay mucha sensibilidad dentro de todo eso y yo disfruto much\u00edsimo haci\u00e9ndolo. Para m\u00ed es el proyecto m\u00e1s importante que he hecho hasta ahora.<\/p>\n\n\n\n<p><strong>P. Tiene colaboraciones de artistas como Mala Rodr\u00edguez o Lang Lang. \u00bfEs su obra m\u00e1s vanguardista tambi\u00e9n?<\/strong><\/p>\n\n\n\n<p><strong>R.&nbsp;<\/strong>Sin lugar a dudas. A m\u00ed siempre me ha gustado que el flamenco sea muy abierto, que no nos quedemos estancados en lo mismo. Y en este caso, creo que es el trabajo m\u00e1s arriesgado que he hecho. El estar ah\u00ed con uno de los mejores pianistas, como es Lang Lang, con Mala Rodr\u00edguez rapeando, Pablo L\u00f3pez con la taranta o Tomatito y Dorantes toc\u00e1ndome temas maravilloso. Hay mucha m\u00fasica dentro de esta obra y, la verdad, creo que es algo que va a ser un antes y un despu\u00e9s de mi carrera.<\/p>\n\n\n\n<p><strong>P. En este nuevo proyecto, como ha dicho, canta su vida. \u00bfDesnudar el alma sana?<\/strong><\/p>\n\n\n\n<p><strong>R.&nbsp;<\/strong>Creo que s\u00ed, que es una terapia buen\u00edsima. Siempre digo que la m\u00fasica cura a las personas. Eso que yo ten\u00eda dentro de m\u00ed quer\u00eda sacarlo para fuera. Antonio tiene una sensibilidad muy parecida a la m\u00eda y creo que era la \u00fanica persona que pod\u00eda sacar eso de m\u00ed. Afortunadamente se dio, porque estas cosas surgen. Cuando es as\u00ed es m\u00e1s bonito, tiene otro sabor.<\/p>\n\n\n\n<p><strong>P. \u00bf Y cu\u00e1nto tuvo que desnudar su alma para que Antonio Orozco pudiera componer estas ocho canciones?<\/strong><\/p>\n\n\n\n<p><strong>R.<\/strong>&nbsp;Much\u00edsimo. Antonio ha tenido que indagar en mi vida, pregunt\u00e1ndome a m\u00ed, a mi mujer, a mis hijas, a mis nietos, a todo el mundo. Era la \u00fanica manera de poder hacer esta obra y de conseguir lo que hemos conseguido.<\/p>\n\n\n\n<p><strong>P.&nbsp;<\/strong><em><strong>Jam\u00e1s desaparece lo que nunca parte&nbsp;<\/strong><\/em><strong>es una canci\u00f3n dedicada a su hijo Curro. \u00bfQu\u00e9 siente cuando la canta?<\/strong><\/p>\n\n\n\n<p><strong>R.<\/strong>&nbsp;Siento mucho dolor y alegr\u00eda a la vez. El t\u00edtulo ya lo dice: jam\u00e1s desaparece lo que nunca parte. Eso lo digo por mi hijo, que no se ha ido nunca. Mi hijo est\u00e1 con nosotros desde que nos levantamos hasta que nos acostamos. Es una frase que yo le digo a Antonio y la agarra con mucha fuerza. A partir de ah\u00ed empez\u00f3 a escribir y a hacer esta letra, que es muy dura. A veces me ahogo cant\u00e1ndola. Lloro en el escenario, pero me gusta hacerlo porque creo que es algo que yo quer\u00eda sacar de adentro y dec\u00edrselo a mi gente, contarle un poquito de mi intimidad, de mi vida. Es tan grandioso lo que expresa. Yo entiendo que es muy dura pero es verdad lo que dice.<\/p>\n\n\n\n<p><strong>P. \u00bfC\u00f3mo ha sido esa conexi\u00f3n con el p\u00fablico en estos casos, en estas canciones que son tan autobiogr\u00e1ficas?<\/strong><\/p>\n\n\n\n<p><strong>R.<\/strong>&nbsp;Es una conexi\u00f3n que yo qu\u00e9 s\u00e9&#8230; [piensa]. Me parece que en vez de camisetas, voy a tener que llevar cl\u00ednex. Cuando encienden las luces del teatro veo que la gente llora, se emociona mucho. Lo siente as\u00ed. La obra&nbsp;<em>El Oripand\u00f3,<\/em>&nbsp;de verdad, es para verla en el escenario. Tiene mucha sensibilidad y eso te llega.<\/p>\n\n\n\n<p><strong>P. \u00bfPor qu\u00e9 tard\u00f3 tanto en cantar lo que usted ha vivido?<\/strong><\/p>\n\n\n\n<p><strong>R.<\/strong>&nbsp;Porque ya tengo la edad que tengo y es cuando ten\u00eda que hacerlo. Creo que que cada cosa tiene su sitio y que era el momento de poder echar pa&#8217; fuera todo lo que ten\u00eda dentro.<\/p>\n\n\n\n<p><strong>P. \u00bfEn qu\u00e9 piensa por \u00faltima vez antes de salir al escenario?<\/strong><\/p>\n\n\n\n<p><strong>R.<\/strong>&nbsp;No pienso, sino que me encomiendo a mi hijo Curro. Siempre que salgo a un escenario me encomiendo a \u00e9l y \u00e9l es el que me hace sentir bien. Antes de salir me persigno y le pido que me ayude y ya est\u00e1. Ese es mi ritual de cada concierto.<\/p>\n\n\n\n<p><strong>P. Oripand\u00f3 significa amanecer en cal\u00e9. \u00bfC\u00f3mo son sus amaneceres favoritos?<\/strong><\/p>\n\n\n\n<p><strong>R.<\/strong>&nbsp;Si me pilla en mi casa de Chipiona, esos amaneceres no se ven en otro lado, son una maravilla. Esa zona de San Lucas, es algo incre\u00edble. Eso es para vivirlo, \u00bfno? Y la verdad que muy tranquilo, porque adem\u00e1s ahora ya me gusta, me levanto temprano. \u00bf Y sabe lo m\u00e1s grande que hay de eso? Que no cuesta dinero.<\/p>\n\n\n\n<p><strong>P. \u00bfCree que muchas veces vivimos sin vivir?<\/strong><\/p>\n\n\n\n<p><strong>R.<\/strong>&nbsp;S\u00ed, yo creo que s\u00ed. M\u00e1s de muchas veces. La vida ya es complicada de por s\u00ed, pero la complicamos m\u00e1s. Yo tengo que decirte que vivo el d\u00eda a d\u00eda. Es mi forma ya de ser despu\u00e9s de ocurrirme lo que me ocurri\u00f3. No pienso m\u00e1s all\u00e1 porque creo que es una forma de vivir bonita y agradable. Levantarse hoy, ma\u00f1ana y ya est\u00e1, no pensar m\u00e1s all\u00e1, porque no creo que merezca la pena.<\/p>\n\n\n\n<p><strong>P. \u00bfCu\u00e1ntas veces ha tenido que volver a empezar?<\/strong><\/p>\n\n\n\n<p><strong>R.<\/strong>&nbsp;Muchas, porque, como yo digo, se vive el momento. Seguramente que cuando pasen un par de a\u00f1os voy a volver a empezar otra vez, porque lo que haga ser\u00e1 totalmente distinto a&nbsp;<em>El Oripand\u00f3<\/em>. Y eso es as\u00ed, lo que no puede uno es dormirse en los laureles y decir que ya est\u00e1 todo hecho. Cada vez que hago algo nuevo creo que estoy empezando. Ahora mismo estoy con&nbsp;<em>El Oripand\u00f3<\/em>&nbsp;como cuando a los ni\u00f1os les traen los regalos Los Reyes. A mi edad, despu\u00e9s de tantos a\u00f1os, tengo una ilusi\u00f3n y unas ganas de hacerlo; de estar en el escenario, de transmitir a la gente eso que llevo dentro, que me hace ser una persona nueva y me hace volver a empezar.<\/p>\n\n\n\n<p><strong>P.<\/strong><em><strong>&nbsp;Cincuenta primaveras y otras mil que yo quisiera<\/strong><\/em><strong>&nbsp;es una canci\u00f3n dedicada a su mujer. \u00bfCu\u00e1ntas primaveras hicieron falta para que se enamorara de ella?<\/strong><\/p>\n\n\n\n<p><strong>R.<\/strong>&nbsp;No hicieron falta muchas primaveras. Realmente s\u00ed que fue en primavera la primera vez que la vi y me qued\u00e9&#8230; fue un flechazo [risas ]. Nos conocimos en los a\u00f1os setenta, \u00e9ramos muy j\u00f3venes y a m\u00ed ya cuando me preguntan si estoy casado, digo que nac\u00ed casado. Llevamos toda la vida juntos. Son cincuenta primaveras y otras mil que yo quisiera, porque realmente es as\u00ed. Incluso son m\u00e1s porque llevamos 48 a\u00f1os de casados y cinco de novios. Es una mujer encantadora, una madre maravillosa, una abuela s\u00faper abuela y y la verdad que si hoy en d\u00eda soy algo -poco, mucho o lo que sea- realmente se lo debo a ella.<\/p>\n\n\n\n<p><strong>P. Ya van 54 a\u00f1os de trayectoria. \u00bfEsto es como el vino, cuantos m\u00e1s a\u00f1os mejor?<\/strong><\/p>\n\n\n\n<p><strong>R.<\/strong>&nbsp;Creo que s\u00ed, que uno va madurando y va teniendo m\u00e1s solera, como los vinos. Yo me siento ahora mismo en un momento muy feliz, con muchas ganas. Cuando yo iba creciendo e iba cantando, mi padre ya dec\u00eda: &#8216;Mi hijo Jos\u00e9 est\u00e1 m\u00e1s asentado&#8217;. Y creo que s\u00ed, que los a\u00f1os te dan esa veteran\u00eda, esa experiencia, pero no te puedes dormir en los laureles, tienes que estar viviendo en el siglo que est\u00e1s viviendo y constantemente aprendiendo, sin lugar a dudas.<\/p>\n\n\n\n<p><strong>P. Lleg\u00f3 a Madrid en 1968. \u00bfEn qu\u00e9 sigue identific\u00e1ndose con ese ni\u00f1o de 13 a\u00f1os?<\/strong><\/p>\n\n\n\n<p><strong>R.<\/strong>&nbsp;En todo, hasta en la ilusi\u00f3n y en las ganas de subir a un escenario a cantar. Con mucha m\u00e1s responsabilidad, por supuesto. Pero creo que sigo siendo el mismo ni\u00f1o que lleg\u00f3 a Madrid.<\/p>\n\n\n\n<p><strong>P. \u00bfCree que usted podr\u00eda haber desarrollado la carrera de igual forma en otro lugar que no hubiese sido Madrid?<\/strong><\/p>\n\n\n\n<p><strong>R.&nbsp;<\/strong>Creo que no. Yo soy mucho de creer en lo que te ocurre. Si no hubiera venido a Madrid no s\u00e9 si me hubiera dedicado a esto.<\/p>\n\n\n\n<p><strong>P. \u00bfPor qu\u00e9 el flamenco no est\u00e1 de moda pero tampoco pasa de moda?<\/strong><\/p>\n\n\n\n<p><strong>R.<\/strong>&nbsp;La m\u00fasica de ra\u00edz nunca est\u00e1 de moda. Algunas veces estaremos m\u00e1s alto, otras veces menos. Pero la m\u00fasica de ra\u00edz es eterna. El flamenco ser\u00e1 eterno, pero tiene derecho a evolucionar como toda la m\u00fasica y no te puedes quedar en el siglo XX porque estamos en el siglo XXI. Hay que refrescarlo, hay que hacer que la gente joven entienda las letras. Y yo empec\u00e9 haciendo eso en<em>&nbsp;Del amanecer<\/em>, despu\u00e9s con&nbsp;<em>Aire<\/em>. Todos esos discos metieron a mucha gente en el canasto del flamenco, a j\u00f3venes e, incluso, a gente mayor que no lo hab\u00eda escuchado nunca. Eso es importante. Yo lo que no puedo es estar siempre haciendo sota, caballo y rey. No, yo me hubiese aburrido.<\/p>\n\n\n\n<p><strong>P. \u00bfPor qu\u00e9 para usted es importante que lo escuchen los j\u00f3venes tambi\u00e9n?<\/strong><\/p>\n\n\n\n<p><strong>R.<\/strong>&nbsp;Porque son el futuro de toda la m\u00fasica. A m\u00ed me gusta mucho que la gente joven acuda a escuchar todo tipo de m\u00fasica. La que m\u00e1s sienta, la que m\u00e1s le guste. A m\u00ed los que saben de todo no me gustan. Me gustan las personas que se sientan y si les sienta, les llega y les llena, se van a preocupar luego por saber qu\u00e9 es esa m\u00fasica.<\/p>\n\n\n\n<p><strong>P. \u00bfCon qu\u00e9 Jos\u00e9 Merc\u00e9 se encontrar\u00e1 el p\u00fablico el pr\u00f3ximo 10 de julio?<\/strong><\/p>\n\n\n\n<p><strong>R.<\/strong>\u00a0El p\u00fablico se va a encontrar con un Jos\u00e9 Merc\u00e9 totalmente nuevo pero siendo tambi\u00e9n el de siempre. Tengo que decir que esta obra es una maravillosa: la puesta en escena, los audiovisuales, las luces, todo. Ver\u00e1 a un Jos\u00e9 Merc\u00e9 que nunca ha visto, as\u00ed de claro. Y va a ver una obra que no se ha visto nunca, que es algo muy nuevo y muy vanguardista, en la que est\u00e1n todos los palos del flamenco pero en otra onda. \u00bfQu\u00e9 aconsejo yo a la gente? Que compre el disco de\u00a0<em>El Oripand\u00f3.<\/em>\u00a0Entiendo que hay que escucharlo mucho y que es un disco de larga duraci\u00f3n, que no s\u00e9 si se va a entender hoy, dentro de seis meses o dos a\u00f1os.<\/p>\n\n\n\n<p>M\u00e1s en El Mundo<\/p>\n\n\n\n<p><a href=\"https:\/\/www.elmundo.es\/internacional\/2022\/06\/22\/62b30fbbfdddffe0138b457f.html\">Acusan de violaci\u00f3n a una secretaria de Estado francesa que es ginec\u00f3loga<\/a><\/p>\n\n\n\n<p><a href=\"https:\/\/www.elmundo.es\/loc\/celebrities\/2022\/06\/23\/62b306f3fc6c83aa298b45f9.html\">Juanes: \u00abSiempre va a haber alguien que te diga que eres una mierda, pero esa es la realidad de la vida\u00bb<\/a><\/p>\n\n\n\n<p><strong>P. \u00bfQu\u00e9 ense\u00f1anzas le deja este nuevo amanecer?<\/strong><\/p>\n\n\n\n<p><strong>R.\u00a0<\/strong>La ense\u00f1anza que me deja el nuevo amanecer es que hay que ser muy positivo en la vida, que uno nunca se tiene que venir abajo y que la familia es lo m\u00e1s importante que hay. La familia es la que a uno le llena. Es la que deja que veas muchos m\u00e1s amaneceres juntos. Porque yo creo que si uno no tiene una familia que lo apoye nada de esto ocurrir\u00eda.<\/p>\n\n\n\n<p>Fuente: https:\/\/www.elmundo.es\/metropoli\/musica\/2022\/06\/23\/62b1b15de4d4d835538b458e.html<\/p>\n","protected":false},"excerpt":{"rendered":"<p>El cantaor presenta\u00a0El Oripand\u00f3, la obra \u00abm\u00e1s importante y arriesgada\u00bb de su carrera, en la que comparte el dolor por [&hellip;]<\/p>\n","protected":false},"author":1,"featured_media":30584,"comment_status":"open","ping_status":"open","sticky":false,"template":"","format":"standard","meta":{"site-sidebar-layout":"default","site-content-layout":"","ast-site-content-layout":"default","site-content-style":"default","site-sidebar-style":"default","ast-global-header-display":"","ast-banner-title-visibility":"","ast-main-header-display":"","ast-hfb-above-header-display":"","ast-hfb-below-header-display":"","ast-hfb-mobile-header-display":"","site-post-title":"","ast-breadcrumbs-content":"","ast-featured-img":"","footer-sml-layout":"","theme-transparent-header-meta":"","adv-header-id-meta":"","stick-header-meta":"","header-above-stick-meta":"","header-main-stick-meta":"","header-below-stick-meta":"","astra-migrate-meta-layouts":"default","ast-page-background-enabled":"default","ast-page-background-meta":{"desktop":{"background-color":"var(--ast-global-color-4)","background-image":"","background-repeat":"repeat","background-position":"center center","background-size":"auto","background-attachment":"scroll","background-type":"","background-media":"","overlay-type":"","overlay-color":"","overlay-opacity":"","overlay-gradient":""},"tablet":{"background-color":"","background-image":"","background-repeat":"repeat","background-position":"center center","background-size":"auto","background-attachment":"scroll","background-type":"","background-media":"","overlay-type":"","overlay-color":"","overlay-opacity":"","overlay-gradient":""},"mobile":{"background-color":"","background-image":"","background-repeat":"repeat","background-position":"center center","background-size":"auto","background-attachment":"scroll","background-type":"","background-media":"","overlay-type":"","overlay-color":"","overlay-opacity":"","overlay-gradient":""}},"ast-content-background-meta":{"desktop":{"background-color":"var(--ast-global-color-5)","background-image":"","background-repeat":"repeat","background-position":"center center","background-size":"auto","background-attachment":"scroll","background-type":"","background-media":"","overlay-type":"","overlay-color":"","overlay-opacity":"","overlay-gradient":""},"tablet":{"background-color":"var(--ast-global-color-5)","background-image":"","background-repeat":"repeat","background-position":"center center","background-size":"auto","background-attachment":"scroll","background-type":"","background-media":"","overlay-type":"","overlay-color":"","overlay-opacity":"","overlay-gradient":""},"mobile":{"background-color":"var(--ast-global-color-5)","background-image":"","background-repeat":"repeat","background-position":"center center","background-size":"auto","background-attachment":"scroll","background-type":"","background-media":"","overlay-type":"","overlay-color":"","overlay-opacity":"","overlay-gradient":""}},"footnotes":""},"categories":[8],"tags":[10933,10934,10932],"class_list":["post-30583","post","type-post","status-publish","format-standard","has-post-thumbnail","hentry","category-noticias","tag-el-oripando","tag-flamenco","tag-jose-merce"],"_links":{"self":[{"href":"https:\/\/losperiodistas.com.mx\/portal\/wp-json\/wp\/v2\/posts\/30583","targetHints":{"allow":["GET"]}}],"collection":[{"href":"https:\/\/losperiodistas.com.mx\/portal\/wp-json\/wp\/v2\/posts"}],"about":[{"href":"https:\/\/losperiodistas.com.mx\/portal\/wp-json\/wp\/v2\/types\/post"}],"author":[{"embeddable":true,"href":"https:\/\/losperiodistas.com.mx\/portal\/wp-json\/wp\/v2\/users\/1"}],"replies":[{"embeddable":true,"href":"https:\/\/losperiodistas.com.mx\/portal\/wp-json\/wp\/v2\/comments?post=30583"}],"version-history":[{"count":1,"href":"https:\/\/losperiodistas.com.mx\/portal\/wp-json\/wp\/v2\/posts\/30583\/revisions"}],"predecessor-version":[{"id":30585,"href":"https:\/\/losperiodistas.com.mx\/portal\/wp-json\/wp\/v2\/posts\/30583\/revisions\/30585"}],"wp:featuredmedia":[{"embeddable":true,"href":"https:\/\/losperiodistas.com.mx\/portal\/wp-json\/wp\/v2\/media\/30584"}],"wp:attachment":[{"href":"https:\/\/losperiodistas.com.mx\/portal\/wp-json\/wp\/v2\/media?parent=30583"}],"wp:term":[{"taxonomy":"category","embeddable":true,"href":"https:\/\/losperiodistas.com.mx\/portal\/wp-json\/wp\/v2\/categories?post=30583"},{"taxonomy":"post_tag","embeddable":true,"href":"https:\/\/losperiodistas.com.mx\/portal\/wp-json\/wp\/v2\/tags?post=30583"}],"curies":[{"name":"wp","href":"https:\/\/api.w.org\/{rel}","templated":true}]}}