{"id":30577,"date":"2022-06-23T08:11:40","date_gmt":"2022-06-23T13:11:40","guid":{"rendered":"http:\/\/losperiodistas.com.mx\/portal\/?p=30577"},"modified":"2022-06-23T08:11:44","modified_gmt":"2022-06-23T13:11:44","slug":"pri-expulsa-a-claudia-pavlovich-por-aceptar-consulado-en-barcelona-la-lista","status":"publish","type":"post","link":"https:\/\/losperiodistas.com.mx\/portal\/pri-expulsa-a-claudia-pavlovich-por-aceptar-consulado-en-barcelona-la-lista\/","title":{"rendered":"PRI expulsa a Claudia Pavlovich por aceptar consulado en Barcelona | La Lista"},"content":{"rendered":"\n<p><em>La comisi\u00f3n de Justicia Partidaria del PRI orden\u00f3 realizar la baja del padr\u00f3n de militantes de la ex gobernadora Claudia Pavlovich.<\/em><\/p>\n\n\n\n<p><\/p>\n\n\n\n<figure class=\"wp-block-image size-large\"><img fetchpriority=\"high\" decoding=\"async\" width=\"1024\" height=\"614\" src=\"https:\/\/losperiodistas.com.mx\/portal\/wp-content\/uploads\/2022\/06\/claudia_pavlovich-1024x614.jpg\" alt=\"\" class=\"wp-image-30578\" srcset=\"https:\/\/losperiodistas.com.mx\/portal\/wp-content\/uploads\/2022\/06\/claudia_pavlovich-1024x614.jpg 1024w, https:\/\/losperiodistas.com.mx\/portal\/wp-content\/uploads\/2022\/06\/claudia_pavlovich-300x180.jpg 300w, https:\/\/losperiodistas.com.mx\/portal\/wp-content\/uploads\/2022\/06\/claudia_pavlovich-768x461.jpg 768w, https:\/\/losperiodistas.com.mx\/portal\/wp-content\/uploads\/2022\/06\/claudia_pavlovich.jpg 1200w\" sizes=\"(max-width: 1024px) 100vw, 1024px\" \/><\/figure>\n\n\n\n<p><\/p>\n\n\n\n<p><\/p>\n\n\n\n<p class=\"has-vivid-cyan-blue-color has-text-color has-medium-font-size\">REDACCI\u00d3N LA LISTA<\/p>\n\n\n\n<p>La ex gobernadora de Sonora,&nbsp;<strong>Claudia Pavlovich<\/strong>, fue expulsada del PRI por haber aceptado ser c\u00f3nsul en Barcelona, cargo en el que la nombr\u00f3 el presidente Andr\u00e9s Manuel L\u00f3pez Obrador.<\/p>\n\n\n\n<p>La comisi\u00f3n de Justicia Partidaria del PRI notific\u00f3 a ese partido en el estado la resoluci\u00f3n de la p\u00e9rdida de militancia de las filas priistas, \u201cluego de las constancias que obran en autos y las cuales ya fueron detalladas en el fallo del presente caso, se advierte que, las probanzas ofrecidas fueron aptas y suficientes para determinar fundada la p\u00e9rdida de militancia\u201d.<\/p>\n\n\n\n<p>La comisi\u00f3n instruy\u00f3 notificar a la ex gobernadora y a los \u00f3rganos del partido, entre ellos la Coordinaci\u00f3n Nacional de Afiliaci\u00f3n y Registro Partidario \u201cpara que proceda a realizar la baja del padr\u00f3n de militantes\u201d.<\/p>\n\n\n\n<p>Desde abril pasado, Claudia Pavlovich Arellano se encuentra laborando en Espa\u00f1a como c\u00f3nsul de M\u00e9xico en Barcelona, cargo en el que fue nombrada en enero de este a\u00f1o por el presidente Andr\u00e9s Manuel L\u00f3pez Obrador.<\/p>\n\n\n\n<p>No ha sido la \u00fanica gobernadora del&nbsp;<strong>PRI<\/strong>&nbsp;que luego de dejar su cargo se integra al gobierno de AMLO, pues lo mismo ocurri\u00f3 con Carlos Miguel Aysa, ex gobernador de Campeche, quien fue nombrado como embajador en Rep\u00fablica Dominicana.<\/p>\n\n\n\n<p>Alejandro Moreno, dirigente del PRI, ha advertido que cualquier ex gobernador que acepte un cargo con el gobierno de AMLO ser\u00e1 expulsado de ese partido.<\/p>\n\n\n\n<p>En marzo pasado se dio la expulsi\u00f3n del ex gobernador de Sinaloa,&nbsp;<strong>Quirino Ordaz<\/strong>, del PRI, luego de que la Comisi\u00f3n Nacional de Justicia Partidaria resolvi\u00f3 por mayor\u00eda de votos excluirlo de las filas priistas por aceptar ser embajador en Espa\u00f1a de un gobierno emanado de un partido antag\u00f3nico.<\/p>\n\n\n\n<p>De hecho el ex mandatario hab\u00eda solicitado un permiso para colaborar con el gobierno federal de Morena, lo cual fue rechazado por el PRI.<\/p>\n\n\n\n<p>En el caso de Pavlovich dej\u00f3 el gobierno de Sonora en septiembre pasado, y asumi\u00f3 el cargo el morenista\u00a0<strong>Alfonso Durazo<\/strong>.<\/p>\n\n\n\n<figure class=\"wp-block-embed is-type-rich is-provider-twitter wp-block-embed-twitter\"><div class=\"wp-block-embed__wrapper\">\n<blockquote class=\"twitter-tweet\" data-width=\"500\" data-dnt=\"true\"><p lang=\"es\" dir=\"ltr\">La Comisi\u00f3n de Justicia Partidaria del CEN notific\u00f3 al Comit\u00e9 Directivo Estatal de PRI Sonora, la p\u00e9rdida de militancia de Claudia Pavlovich Arellano. <a href=\"https:\/\/t.co\/xWHUYMM4hu\">pic.twitter.com\/xWHUYMM4hu<\/a><\/p>&mdash; PRI Sonora (@CDEPRISonora) <a href=\"https:\/\/twitter.com\/CDEPRISonora\/status\/1539777019809898497?ref_src=twsrc%5Etfw\">June 23, 2022<\/a><\/blockquote><script async src=\"https:\/\/platform.twitter.com\/widgets.js\" charset=\"utf-8\"><\/script>\n<\/div><\/figure>\n\n\n\n<figure class=\"wp-block-embed is-type-rich is-provider-twitter wp-block-embed-twitter\"><div class=\"wp-block-embed__wrapper\">\n<blockquote class=\"twitter-tweet\" data-width=\"500\" data-dnt=\"true\"><p lang=\"es\" dir=\"ltr\">\ud83c\uddf2\ud83c\uddfd\ud83e\udd1d\ud83c\uddea\ud83c\uddf8 Agradezco a nuestra <a href=\"https:\/\/twitter.com\/ConsulMexBCN?ref_src=twsrc%5Etfw\">@ConsulMexBCN<\/a> <a href=\"https:\/\/twitter.com\/hashtag\/Espa%C3%B1a?src=hash&amp;ref_src=twsrc%5Etfw\">#Espa\u00f1a<\/a>, mi estimada <a href=\"https:\/\/twitter.com\/ClaudiaPavlovic?ref_src=twsrc%5Etfw\">@ClaudiaPavlovic<\/a>, la c\u00e1lida bienvenida con motivo de la celebraci\u00f3n del Primer <a href=\"https:\/\/twitter.com\/hashtag\/TianguisInternacionalPueblosM%C3%A1gicos?src=hash&amp;ref_src=twsrc%5Etfw\">#TianguisInternacionalPueblosM\u00e1gicos<\/a>, evento que se pronostica cumplir\u00e1 con todas las expectativas. Por cierto, es su primer acto oficial. <a href=\"https:\/\/t.co\/xJMF5V5AZH\">pic.twitter.com\/xJMF5V5AZH<\/a><\/p>&mdash; MiguelTorrucoMarqu\u00e9s (@TorrucoTurismo) <a href=\"https:\/\/twitter.com\/TorrucoTurismo\/status\/1516499883087339521?ref_src=twsrc%5Etfw\">April 19, 2022<\/a><\/blockquote><script async src=\"https:\/\/platform.twitter.com\/widgets.js\" charset=\"utf-8\"><\/script>\n<\/div><\/figure>\n\n\n\n<p>Fuente: https:\/\/la-lista.com\/mexico\/2022\/06\/22\/pri-expulsa-a-claudia-pavlovich-por-aceptar-consulado-en-barcelona <\/p>\n","protected":false},"excerpt":{"rendered":"<p>La comisi\u00f3n de Justicia Partidaria del PRI orden\u00f3 realizar la baja del padr\u00f3n de militantes de la ex gobernadora Claudia [&hellip;]<\/p>\n","protected":false},"author":1,"featured_media":30578,"comment_status":"open","ping_status":"open","sticky":false,"template":"","format":"standard","meta":{"site-sidebar-layout":"default","site-content-layout":"","ast-site-content-layout":"default","site-content-style":"default","site-sidebar-style":"default","ast-global-header-display":"","ast-banner-title-visibility":"","ast-main-header-display":"","ast-hfb-above-header-display":"","ast-hfb-below-header-display":"","ast-hfb-mobile-header-display":"","site-post-title":"","ast-breadcrumbs-content":"","ast-featured-img":"","footer-sml-layout":"","theme-transparent-header-meta":"","adv-header-id-meta":"","stick-header-meta":"","header-above-stick-meta":"","header-main-stick-meta":"","header-below-stick-meta":"","astra-migrate-meta-layouts":"default","ast-page-background-enabled":"default","ast-page-background-meta":{"desktop":{"background-color":"var(--ast-global-color-4)","background-image":"","background-repeat":"repeat","background-position":"center center","background-size":"auto","background-attachment":"scroll","background-type":"","background-media":"","overlay-type":"","overlay-color":"","overlay-opacity":"","overlay-gradient":""},"tablet":{"background-color":"","background-image":"","background-repeat":"repeat","background-position":"center center","background-size":"auto","background-attachment":"scroll","background-type":"","background-media":"","overlay-type":"","overlay-color":"","overlay-opacity":"","overlay-gradient":""},"mobile":{"background-color":"","background-image":"","background-repeat":"repeat","background-position":"center center","background-size":"auto","background-attachment":"scroll","background-type":"","background-media":"","overlay-type":"","overlay-color":"","overlay-opacity":"","overlay-gradient":""}},"ast-content-background-meta":{"desktop":{"background-color":"var(--ast-global-color-5)","background-image":"","background-repeat":"repeat","background-position":"center center","background-size":"auto","background-attachment":"scroll","background-type":"","background-media":"","overlay-type":"","overlay-color":"","overlay-opacity":"","overlay-gradient":""},"tablet":{"background-color":"var(--ast-global-color-5)","background-image":"","background-repeat":"repeat","background-position":"center center","background-size":"auto","background-attachment":"scroll","background-type":"","background-media":"","overlay-type":"","overlay-color":"","overlay-opacity":"","overlay-gradient":""},"mobile":{"background-color":"var(--ast-global-color-5)","background-image":"","background-repeat":"repeat","background-position":"center center","background-size":"auto","background-attachment":"scroll","background-type":"","background-media":"","overlay-type":"","overlay-color":"","overlay-opacity":"","overlay-gradient":""}},"footnotes":""},"categories":[8],"tags":[6976,1978],"class_list":["post-30577","post","type-post","status-publish","format-standard","has-post-thumbnail","hentry","category-noticias","tag-claudia-pavlovich","tag-pri"],"_links":{"self":[{"href":"https:\/\/losperiodistas.com.mx\/portal\/wp-json\/wp\/v2\/posts\/30577","targetHints":{"allow":["GET"]}}],"collection":[{"href":"https:\/\/losperiodistas.com.mx\/portal\/wp-json\/wp\/v2\/posts"}],"about":[{"href":"https:\/\/losperiodistas.com.mx\/portal\/wp-json\/wp\/v2\/types\/post"}],"author":[{"embeddable":true,"href":"https:\/\/losperiodistas.com.mx\/portal\/wp-json\/wp\/v2\/users\/1"}],"replies":[{"embeddable":true,"href":"https:\/\/losperiodistas.com.mx\/portal\/wp-json\/wp\/v2\/comments?post=30577"}],"version-history":[{"count":1,"href":"https:\/\/losperiodistas.com.mx\/portal\/wp-json\/wp\/v2\/posts\/30577\/revisions"}],"predecessor-version":[{"id":30579,"href":"https:\/\/losperiodistas.com.mx\/portal\/wp-json\/wp\/v2\/posts\/30577\/revisions\/30579"}],"wp:featuredmedia":[{"embeddable":true,"href":"https:\/\/losperiodistas.com.mx\/portal\/wp-json\/wp\/v2\/media\/30578"}],"wp:attachment":[{"href":"https:\/\/losperiodistas.com.mx\/portal\/wp-json\/wp\/v2\/media?parent=30577"}],"wp:term":[{"taxonomy":"category","embeddable":true,"href":"https:\/\/losperiodistas.com.mx\/portal\/wp-json\/wp\/v2\/categories?post=30577"},{"taxonomy":"post_tag","embeddable":true,"href":"https:\/\/losperiodistas.com.mx\/portal\/wp-json\/wp\/v2\/tags?post=30577"}],"curies":[{"name":"wp","href":"https:\/\/api.w.org\/{rel}","templated":true}]}}