{"id":3052,"date":"2021-01-06T14:30:31","date_gmt":"2021-01-06T20:30:31","guid":{"rendered":"http:\/\/losperiodistas.com.mx\/portal\/?p=3052"},"modified":"2021-01-06T14:30:31","modified_gmt":"2021-01-06T20:30:31","slug":"gobierno-de-la-ciudad-reforzo-medidas-de-contencion-por-noche-de-reyes","status":"publish","type":"post","link":"https:\/\/losperiodistas.com.mx\/portal\/gobierno-de-la-ciudad-reforzo-medidas-de-contencion-por-noche-de-reyes\/","title":{"rendered":"Gobierno de la Ciudad reforz\u00f3 medidas de contenci\u00f3n por Noche de Reyes"},"content":{"rendered":"\n<p class=\"has-vivid-cyan-blue-color has-text-color has-medium-font-size\">REDACCI\u00d3N<\/p>\n\n\n\n<p>El Comit\u00e9 de Seguimiento del Ayuntamiento de Puebla, en rueda de prensa, inform\u00f3 sobre las acciones realizadas en las \u00faltimas 24 horas respecto a operativos y exhortos en temporada de Reyes.<\/p>\n\n\n\n<p>Por parte de la Secretar\u00eda de Gobernaci\u00f3n, su titular, Ren\u00e9 S\u00e1nchez Galindo, dio parte de los 27 operativos de supervisi\u00f3n, de los cuales deriv\u00f3 un retiro.<\/p>\n\n\n\n<p>De igual forma, resalt\u00f3 que la curva de resultados del 5 de enero cambi\u00f3 debido al decreto vespertino emitido por el Gobierno del Estado, bajando al 49 por ciento de cumplimiento en el comercio establecido y 23 por ciento de cumplimiento por parte del comercio en v\u00eda p\u00fablica.<\/p>\n\n\n\n<p>Asimismo, Gustavo Ariza Salvatori, secretario de Protecci\u00f3n Civil y Gesti\u00f3n Integral de Riesgos, agreg\u00f3 que se realizaron tres clausuras a comercios en San Francisco Totimehuac\u00e1n, San Francisco Mayorazgo y Bosques de San Sebasti\u00e1n; tres recorridos de perifoneo en San Francisco Mayorazgo, San Isidro Castillotla, unidad habitacional La Margarita y la colonia Centro; as\u00ed como tres recomendaciones de Medidas Preventivas Sanitarias en la v\u00eda p\u00fablica por la venta de juguetes en la unidad habitacional La Margarita, 3 Norte y 16 Poniente y en la calle 5 de Mayo y 16 Oriente.<\/p>\n\n\n\n<p>De igual forma, Eduardo Covi\u00e1n Carrizales, quien encabeza la Secretar\u00eda de Movilidad, present\u00f3 las cifras de aforo peatonal hasta el 3 de enero, evidenciando un aumento del 21 por ciento en centro hist\u00f3rico y los tres principales nodos de concentraci\u00f3n peatonal: Boulevard Norte (zona CAPU), Boulevard Carmen Serd\u00e1n y la unidad habitacional La Margarita.<\/p>\n\n\n\n<p>Fuente: http:\/\/www.pueblacapital.gob.mx\/noticias\/comunicados-de-prensa\/item\/14650-gobierno-de-la-ciudad-reforzo-medidas-de-contencion-en-noche-de-reyes<\/p>\n","protected":false},"excerpt":{"rendered":"<p>REDACCI\u00d3N El Comit\u00e9 de Seguimiento del Ayuntamiento de Puebla, en rueda de prensa, inform\u00f3 sobre las acciones realizadas en las [&hellip;]<\/p>\n","protected":false},"author":1,"featured_media":3053,"comment_status":"open","ping_status":"open","sticky":false,"template":"","format":"standard","meta":{"site-sidebar-layout":"default","site-content-layout":"","ast-site-content-layout":"default","site-content-style":"default","site-sidebar-style":"default","ast-global-header-display":"","ast-banner-title-visibility":"","ast-main-header-display":"","ast-hfb-above-header-display":"","ast-hfb-below-header-display":"","ast-hfb-mobile-header-display":"","site-post-title":"","ast-breadcrumbs-content":"","ast-featured-img":"","footer-sml-layout":"","theme-transparent-header-meta":"","adv-header-id-meta":"","stick-header-meta":"","header-above-stick-meta":"","header-main-stick-meta":"","header-below-stick-meta":"","astra-migrate-meta-layouts":"default","ast-page-background-enabled":"default","ast-page-background-meta":{"desktop":{"background-color":"var(--ast-global-color-4)","background-image":"","background-repeat":"repeat","background-position":"center center","background-size":"auto","background-attachment":"scroll","background-type":"","background-media":"","overlay-type":"","overlay-color":"","overlay-opacity":"","overlay-gradient":""},"tablet":{"background-color":"","background-image":"","background-repeat":"repeat","background-position":"center center","background-size":"auto","background-attachment":"scroll","background-type":"","background-media":"","overlay-type":"","overlay-color":"","overlay-opacity":"","overlay-gradient":""},"mobile":{"background-color":"","background-image":"","background-repeat":"repeat","background-position":"center center","background-size":"auto","background-attachment":"scroll","background-type":"","background-media":"","overlay-type":"","overlay-color":"","overlay-opacity":"","overlay-gradient":""}},"ast-content-background-meta":{"desktop":{"background-color":"var(--ast-global-color-5)","background-image":"","background-repeat":"repeat","background-position":"center center","background-size":"auto","background-attachment":"scroll","background-type":"","background-media":"","overlay-type":"","overlay-color":"","overlay-opacity":"","overlay-gradient":""},"tablet":{"background-color":"var(--ast-global-color-5)","background-image":"","background-repeat":"repeat","background-position":"center center","background-size":"auto","background-attachment":"scroll","background-type":"","background-media":"","overlay-type":"","overlay-color":"","overlay-opacity":"","overlay-gradient":""},"mobile":{"background-color":"var(--ast-global-color-5)","background-image":"","background-repeat":"repeat","background-position":"center center","background-size":"auto","background-attachment":"scroll","background-type":"","background-media":"","overlay-type":"","overlay-color":"","overlay-opacity":"","overlay-gradient":""}},"footnotes":""},"categories":[8],"tags":[],"class_list":["post-3052","post","type-post","status-publish","format-standard","has-post-thumbnail","hentry","category-noticias"],"_links":{"self":[{"href":"https:\/\/losperiodistas.com.mx\/portal\/wp-json\/wp\/v2\/posts\/3052","targetHints":{"allow":["GET"]}}],"collection":[{"href":"https:\/\/losperiodistas.com.mx\/portal\/wp-json\/wp\/v2\/posts"}],"about":[{"href":"https:\/\/losperiodistas.com.mx\/portal\/wp-json\/wp\/v2\/types\/post"}],"author":[{"embeddable":true,"href":"https:\/\/losperiodistas.com.mx\/portal\/wp-json\/wp\/v2\/users\/1"}],"replies":[{"embeddable":true,"href":"https:\/\/losperiodistas.com.mx\/portal\/wp-json\/wp\/v2\/comments?post=3052"}],"version-history":[{"count":1,"href":"https:\/\/losperiodistas.com.mx\/portal\/wp-json\/wp\/v2\/posts\/3052\/revisions"}],"predecessor-version":[{"id":3054,"href":"https:\/\/losperiodistas.com.mx\/portal\/wp-json\/wp\/v2\/posts\/3052\/revisions\/3054"}],"wp:featuredmedia":[{"embeddable":true,"href":"https:\/\/losperiodistas.com.mx\/portal\/wp-json\/wp\/v2\/media\/3053"}],"wp:attachment":[{"href":"https:\/\/losperiodistas.com.mx\/portal\/wp-json\/wp\/v2\/media?parent=3052"}],"wp:term":[{"taxonomy":"category","embeddable":true,"href":"https:\/\/losperiodistas.com.mx\/portal\/wp-json\/wp\/v2\/categories?post=3052"},{"taxonomy":"post_tag","embeddable":true,"href":"https:\/\/losperiodistas.com.mx\/portal\/wp-json\/wp\/v2\/tags?post=3052"}],"curies":[{"name":"wp","href":"https:\/\/api.w.org\/{rel}","templated":true}]}}