{"id":30400,"date":"2022-06-21T05:59:57","date_gmt":"2022-06-21T10:59:57","guid":{"rendered":"http:\/\/losperiodistas.com.mx\/portal\/?p=30400"},"modified":"2022-06-21T05:59:59","modified_gmt":"2022-06-21T10:59:59","slug":"estas-son-las-obras-que-ejecutara-el-ayuntamiento-de-puebla-con-un-credito-de-160-mdp-oem","status":"publish","type":"post","link":"https:\/\/losperiodistas.com.mx\/portal\/estas-son-las-obras-que-ejecutara-el-ayuntamiento-de-puebla-con-un-credito-de-160-mdp-oem\/","title":{"rendered":"Estas son las obras que ejecutar\u00e1 el Ayuntamiento de Puebla con un cr\u00e9dito de 160 mdp | OEM"},"content":{"rendered":"\n<p><em>El 24 de junio se pedir\u00e1 la autorizaci\u00f3n en el cabildo para solicitar el cr\u00e9dito y del 27 de junio al 18 de julio se buscar\u00e1 la autorizaci\u00f3n de la Secretar\u00eda de Finanzas del estado<\/em><\/p>\n\n\n\n<p><\/p>\n\n\n\n<figure class=\"wp-block-image size-large\"><img fetchpriority=\"high\" decoding=\"async\" width=\"1024\" height=\"703\" src=\"https:\/\/losperiodistas.com.mx\/portal\/wp-content\/uploads\/2022\/06\/Captura-de-Pantalla-2022-06-21-a-las-5.56.10-1024x703.jpg\" alt=\"\" class=\"wp-image-30401\" srcset=\"https:\/\/losperiodistas.com.mx\/portal\/wp-content\/uploads\/2022\/06\/Captura-de-Pantalla-2022-06-21-a-las-5.56.10-1024x703.jpg 1024w, https:\/\/losperiodistas.com.mx\/portal\/wp-content\/uploads\/2022\/06\/Captura-de-Pantalla-2022-06-21-a-las-5.56.10-300x206.jpg 300w, https:\/\/losperiodistas.com.mx\/portal\/wp-content\/uploads\/2022\/06\/Captura-de-Pantalla-2022-06-21-a-las-5.56.10-768x528.jpg 768w, https:\/\/losperiodistas.com.mx\/portal\/wp-content\/uploads\/2022\/06\/Captura-de-Pantalla-2022-06-21-a-las-5.56.10.jpg 1514w\" sizes=\"(max-width: 1024px) 100vw, 1024px\" \/><\/figure>\n\n\n\n<p><\/p>\n\n\n\n<p class=\"has-vivid-cyan-blue-color has-text-color has-medium-font-size\">MARTHA CUAYA \/ EL SOL DE PUEBLA<\/p>\n\n\n\n<p>La&nbsp;<strong>comisi\u00f3n de Patrimonio y Hacienda&nbsp;<\/strong>aprob\u00f3 la solicitud de una&nbsp;<strong>l\u00ednea de cr\u00e9dito<\/strong>&nbsp;por 160 millones de pesos para el&nbsp;<strong><a href=\"https:\/\/www.elsoldepuebla.com.mx\/local\/recorte-de-recursos-federales-al-ayuntamiento-de-puebla-afectara-a-programa-de-parques-8464504.html\" target=\"_blank\" rel=\"noreferrer noopener\">Ayuntamiento de Puebla<\/a><\/strong>, que tendr\u00e1 que pagarse en un plazo de 24 meses.<\/p>\n\n\n\n<p>Dicho monto ser\u00e1 invertido en<strong>\u00a0obras de servicios b\u00e1sicos\u00a0<\/strong>en las<strong>\u00a0juntas auxiliares<\/strong>\u00a0y colonias del municipio de\u00a0<strong>Puebla<\/strong>.<\/p>\n\n\n\n<p>Fue en sesi\u00f3n extraordinaria en donde los regidores integrantes avalaron con tres votos a favor, uno en contra y una abstenci\u00f3n dicha decisi\u00f3n, la cual ser\u00e1 pasada al&nbsp;<strong>cabildo<\/strong>&nbsp;para ser votada por los cabildantes.<\/p>\n\n\n\n<p>La tesorera\u00a0<strong>Maria Isabel Garc\u00eda Ramos<\/strong>\u00a0fue la encargada de presentar la propuesta, por lo que precis\u00f3 que el monto ser\u00e1 para el\u00a0<strong>Fondo de Infraestructura Social Municipal (FISM)<\/strong>, en el que se realizar\u00e1n 12\u00a0<strong>obras<\/strong>, cinco de relaminaci\u00f3n, seis de agua potable y una de agua y drenaje.<\/p>\n\n\n\n<p>Expuso que fueron altas las demandas que se han hecho a la administraci\u00f3n municipal actual, por lo que para ello es que se atender\u00e1n con la&nbsp;<strong>l\u00ednea de cr\u00e9dito<\/strong>.<\/p>\n\n\n\n<p>Se har\u00e1n las siguientes&nbsp;<strong>obras<\/strong>:<\/p>\n\n\n\n<p>1.-&nbsp;<strong>18 oriente, entre 26 norte y miguel hidalgo<\/strong>&nbsp;o jos\u00e9 mar\u00eda morelos y pav\u00f3n, relaminacion, costo de 12 millones 302 mil 982.90 pesos.<\/p>\n\n\n\n<p>2.-&nbsp;<strong>14 oriente, entre vicente su\u00e1rez y 16 norte<\/strong>, varias colonias, relaminacion, costo de 20 millones 649 mil 457.50 pesos.<\/p>\n\n\n\n<p>3.-&nbsp;<strong>16 oriente, entre 14 oriente y carretera federal a Tehuac\u00e1n<\/strong>, varias colonias, relaminaci\u00f3n, costo de 27 millones 076 mil 676.40 pesos.<\/p>\n\n\n\n<p>4.-&nbsp;<strong>calle rosales, entre 11 sur y nardos<\/strong>, san ram\u00f3n, relaminaci\u00f3n, costo de 14 millones 950 mil pesos.<\/p>\n\n\n\n<p>5.-\u00a0<strong>calle nardos, entre av. 135 poniente y calle limones<\/strong>, san ram\u00f3n, relaminaci\u00f3n, costo de 21 millones 395 mil pesos.<\/p>\n\n\n\n<p>Mientras que ser\u00e1n siete obras de&nbsp;<strong>agua y drenaje<\/strong>.<\/p>\n\n\n\n<p>1.- Ampliaci\u00f3n del sistema de agua potable de<strong>&nbsp;San Miguel Canoa<\/strong>, incluye terminaci\u00f3n de pozos profundos sgv3 y sgv5, as\u00ed como sus respectivas l\u00edneas de conducci\u00f3n.<\/p>\n\n\n\n<p>2.-Perforaci\u00f3n de pozo profundo para agua potable y equipamiento de pozo profundo para agua potable,&nbsp;<strong>colonia tlanesse del municipio de Puebla<\/strong>.<\/p>\n\n\n\n<p>3.-Regularizaci\u00f3n, equipamiento y habilitaci\u00f3n del pozo bandera 2 (permiso de comisi\u00f3n nacional del agua).<\/p>\n\n\n\n<p>4.-Ampliaci\u00f3n de la red de agua potable en varias calles de la colonia alianza popular, junta auxiliar<strong>&nbsp;San Pablo Xochimehuacan<\/strong>&nbsp;del municipio de Puebla.<\/p>\n\n\n\n<p><\/p>\n\n\n\n<h4 class=\"wp-block-heading\"><a href=\"https:\/\/www.elsoldepuebla.com.mx\/local\/lanzaran-convocatoria-para-cafeterias-en-parques-de-puebla-capital-8436990.html\">Lanzar\u00e1n convocatoria para cafeter\u00edas en parques de Puebla capital<\/a><\/h4>\n\n\n\n<p>5.-Construcci\u00f3n de colector pluvial en la colonia&nbsp;<strong>Santa Catarina<\/strong>, junta auxiliar San Francisco Totimehuacan del municipio de Puebla.<\/p>\n\n\n\n<p>6.-<strong>Rehabilitaci\u00f3n de drenaje y agua potable&nbsp;<\/strong>con tomas y descargas domiciliarias en avenidas 16 oriente &#8211; poniente entre boulevard h\u00e9roes del 5 de mayo y calle 11 norte, colonia Centro del municipio de&nbsp;<strong>Puebla<\/strong>.<\/p>\n\n\n\n<p>7.-Rehabilitaci\u00f3n de drenaje y agua potable con tomas y descargas domiciliarias en avenidas 18 oriente &#8211; poniente, entre boulevard h\u00e9roes del 5 de mayo y calle 11 norte, colonia Centro del municipio de Puebla.<\/p>\n\n\n\n<p>Garc\u00eda Ramos dijo que no se sabe con qu\u00e9 banco se pedir\u00e1, pero por ley de&nbsp;<strong>disciplina financiera&nbsp;<\/strong>se har\u00e1 la petici\u00f3n a cinco bancos diferentes para que les den las condiciones que mejor le convengan al gobierno municipal.<\/p>\n\n\n\n<p>Los bancos que se contemplan son\u00a0<strong>Banobras<\/strong>,\u00a0<strong>Banorte<\/strong>,\u00a0<strong>Bancomer\u00a0<\/strong>y buscar\u00e1n otros dos para el\u00a0<strong>financiamiento<\/strong>.<\/p>\n\n\n\n<h2 class=\"wp-block-heading\"><strong>PROCEDIMIENTO PARA ACCEDER AL CR\u00c9DITO<\/strong><\/h2>\n\n\n\n<p>El 24 de junio se pedir\u00e1 la autorizaci\u00f3n en el cabildo para solicitar el cr\u00e9dito, del 27 de junio al 18 de julio se buscar\u00e1 la autorizaci\u00f3n de la&nbsp;<strong>Secretar\u00eda de Finanzas<\/strong>&nbsp;del estado para que d\u00e9 el dictamen de capacidad de endeudamiento al&nbsp;<strong>Ayuntamiento de Puebla<\/strong>.<\/p>\n\n\n\n<p>Para el 18 de julio se enviar\u00e1 por parte de la&nbsp;<strong>Tesorer\u00eda Municipal&nbsp;<\/strong>la solicitud de cotizaciones a las instituciones financieras y el 20 de julio se emitir\u00e1 el fallo por parte de la Tesorer\u00eda.<\/p>\n\n\n\n<p>Mientras que del 25 de julio al 1 de agosto se elaborar\u00e1 el&nbsp;<strong>contrato del cr\u00e9dito<\/strong>&nbsp;y firma del convenio de adhesi\u00f3n al fideicomiso. El 1 de agosto se har\u00e1 el registro de la deuda ante el gobierno del estado.<\/p>\n\n\n\n<p><\/p>\n\n\n\n<h4 class=\"wp-block-heading\"><a href=\"https:\/\/www.elsoldepuebla.com.mx\/local\/instalara-ayuntamiento-de-puebla-50-camaras-de-vigilancia-en-colonias-8432915.html\">Instalar\u00e1 Ayuntamiento de Puebla 50 c\u00e1maras de vigilancia en colonias<\/a><\/h4>\n\n\n\n<p>Del 1 al 22 de agosto se registrar\u00e1 la deuda ante la&nbsp;<strong>Secretar\u00eda de Hacienda y Cr\u00e9dito P\u00fablico<\/strong>&nbsp;y se emitir\u00e1 una constancia. Del 22 de agosto al 19 de septiembre se emitir\u00e1 la constancia del registro p\u00fablico \u00fanico.<\/p>\n\n\n\n<p>El 26 de septiembre se realizar\u00e1 la inscripci\u00f3n en el\u00a0<strong>fideicomiso\u00a0<\/strong>y el 3 de octubre se deber\u00e1 tener el dep\u00f3sito del cr\u00e9dito. Se tendr\u00e1n 10 meses para poder ejercerlo.<\/p>\n\n\n\n<p>Fuente: https:\/\/www.elsoldepuebla.com.mx\/local\/estas-son-las-obras-que-ejecutara-el-ayuntamiento-de-puebla-con-un-credito-de-160-mdp-8469428.html<\/p>\n","protected":false},"excerpt":{"rendered":"<p>El 24 de junio se pedir\u00e1 la autorizaci\u00f3n en el cabildo para solicitar el cr\u00e9dito y del 27 de junio [&hellip;]<\/p>\n","protected":false},"author":1,"featured_media":30401,"comment_status":"open","ping_status":"open","sticky":false,"template":"","format":"standard","meta":{"site-sidebar-layout":"default","site-content-layout":"","ast-site-content-layout":"default","site-content-style":"default","site-sidebar-style":"default","ast-global-header-display":"","ast-banner-title-visibility":"","ast-main-header-display":"","ast-hfb-above-header-display":"","ast-hfb-below-header-display":"","ast-hfb-mobile-header-display":"","site-post-title":"","ast-breadcrumbs-content":"","ast-featured-img":"","footer-sml-layout":"","theme-transparent-header-meta":"","adv-header-id-meta":"","stick-header-meta":"","header-above-stick-meta":"","header-main-stick-meta":"","header-below-stick-meta":"","astra-migrate-meta-layouts":"default","ast-page-background-enabled":"default","ast-page-background-meta":{"desktop":{"background-color":"var(--ast-global-color-4)","background-image":"","background-repeat":"repeat","background-position":"center center","background-size":"auto","background-attachment":"scroll","background-type":"","background-media":"","overlay-type":"","overlay-color":"","overlay-opacity":"","overlay-gradient":""},"tablet":{"background-color":"","background-image":"","background-repeat":"repeat","background-position":"center center","background-size":"auto","background-attachment":"scroll","background-type":"","background-media":"","overlay-type":"","overlay-color":"","overlay-opacity":"","overlay-gradient":""},"mobile":{"background-color":"","background-image":"","background-repeat":"repeat","background-position":"center center","background-size":"auto","background-attachment":"scroll","background-type":"","background-media":"","overlay-type":"","overlay-color":"","overlay-opacity":"","overlay-gradient":""}},"ast-content-background-meta":{"desktop":{"background-color":"var(--ast-global-color-5)","background-image":"","background-repeat":"repeat","background-position":"center center","background-size":"auto","background-attachment":"scroll","background-type":"","background-media":"","overlay-type":"","overlay-color":"","overlay-opacity":"","overlay-gradient":""},"tablet":{"background-color":"var(--ast-global-color-5)","background-image":"","background-repeat":"repeat","background-position":"center center","background-size":"auto","background-attachment":"scroll","background-type":"","background-media":"","overlay-type":"","overlay-color":"","overlay-opacity":"","overlay-gradient":""},"mobile":{"background-color":"var(--ast-global-color-5)","background-image":"","background-repeat":"repeat","background-position":"center center","background-size":"auto","background-attachment":"scroll","background-type":"","background-media":"","overlay-type":"","overlay-color":"","overlay-opacity":"","overlay-gradient":""}},"footnotes":""},"categories":[8],"tags":[7279,10892],"class_list":["post-30400","post","type-post","status-publish","format-standard","has-post-thumbnail","hentry","category-noticias","tag-contigoyconrumbo","tag-obras-ayuntamiento-puebla"],"_links":{"self":[{"href":"https:\/\/losperiodistas.com.mx\/portal\/wp-json\/wp\/v2\/posts\/30400","targetHints":{"allow":["GET"]}}],"collection":[{"href":"https:\/\/losperiodistas.com.mx\/portal\/wp-json\/wp\/v2\/posts"}],"about":[{"href":"https:\/\/losperiodistas.com.mx\/portal\/wp-json\/wp\/v2\/types\/post"}],"author":[{"embeddable":true,"href":"https:\/\/losperiodistas.com.mx\/portal\/wp-json\/wp\/v2\/users\/1"}],"replies":[{"embeddable":true,"href":"https:\/\/losperiodistas.com.mx\/portal\/wp-json\/wp\/v2\/comments?post=30400"}],"version-history":[{"count":1,"href":"https:\/\/losperiodistas.com.mx\/portal\/wp-json\/wp\/v2\/posts\/30400\/revisions"}],"predecessor-version":[{"id":30402,"href":"https:\/\/losperiodistas.com.mx\/portal\/wp-json\/wp\/v2\/posts\/30400\/revisions\/30402"}],"wp:featuredmedia":[{"embeddable":true,"href":"https:\/\/losperiodistas.com.mx\/portal\/wp-json\/wp\/v2\/media\/30401"}],"wp:attachment":[{"href":"https:\/\/losperiodistas.com.mx\/portal\/wp-json\/wp\/v2\/media?parent=30400"}],"wp:term":[{"taxonomy":"category","embeddable":true,"href":"https:\/\/losperiodistas.com.mx\/portal\/wp-json\/wp\/v2\/categories?post=30400"},{"taxonomy":"post_tag","embeddable":true,"href":"https:\/\/losperiodistas.com.mx\/portal\/wp-json\/wp\/v2\/tags?post=30400"}],"curies":[{"name":"wp","href":"https:\/\/api.w.org\/{rel}","templated":true}]}}