{"id":30397,"date":"2022-06-21T05:25:52","date_gmt":"2022-06-21T10:25:52","guid":{"rendered":"http:\/\/losperiodistas.com.mx\/portal\/?p=30397"},"modified":"2022-06-21T05:25:54","modified_gmt":"2022-06-21T10:25:54","slug":"stickers-tiktok-y-whatsapp-la-campana-de-ebrard-se-desata-en-redes-el-pais","status":"publish","type":"post","link":"https:\/\/losperiodistas.com.mx\/portal\/stickers-tiktok-y-whatsapp-la-campana-de-ebrard-se-desata-en-redes-el-pais\/","title":{"rendered":"\u2018Stickers\u2019, TikTok y WhatsApp: la campa\u00f1a de Ebrard se desata en redes | El Pa\u00eds"},"content":{"rendered":"\n<p><em>El canciller mexicano Marcelo Ebrard arranca la carrera presidencial con un giro ins\u00f3lito a su imagen: la de un \u2018influencer\u2019 que llega tarde al fen\u00f3meno viral<\/em><\/p>\n\n\n\n<p><\/p>\n\n\n\n<figure class=\"wp-block-image size-large\"><img fetchpriority=\"high\" decoding=\"async\" width=\"1024\" height=\"768\" src=\"https:\/\/losperiodistas.com.mx\/portal\/wp-content\/uploads\/2022\/06\/MMFUU24E7BFJXPOCVYU4TBGKTI-1024x768.jpg\" alt=\"\" class=\"wp-image-30398\" srcset=\"https:\/\/losperiodistas.com.mx\/portal\/wp-content\/uploads\/2022\/06\/MMFUU24E7BFJXPOCVYU4TBGKTI-1024x768.jpg 1024w, https:\/\/losperiodistas.com.mx\/portal\/wp-content\/uploads\/2022\/06\/MMFUU24E7BFJXPOCVYU4TBGKTI-300x225.jpg 300w, https:\/\/losperiodistas.com.mx\/portal\/wp-content\/uploads\/2022\/06\/MMFUU24E7BFJXPOCVYU4TBGKTI-768x576.jpg 768w, https:\/\/losperiodistas.com.mx\/portal\/wp-content\/uploads\/2022\/06\/MMFUU24E7BFJXPOCVYU4TBGKTI-1536x1152.jpg 1536w, https:\/\/losperiodistas.com.mx\/portal\/wp-content\/uploads\/2022\/06\/MMFUU24E7BFJXPOCVYU4TBGKTI.jpg 1960w\" sizes=\"(max-width: 1024px) 100vw, 1024px\" \/><figcaption>El canciller mexicano, Marcelo Ebrard, junto a su perra Luna, en una foto difundida en redes sociales el 17 de junio de 2022.MARCELO EBRARD (RR.SS.)<\/figcaption><\/figure>\n\n\n\n<p class=\"has-vivid-cyan-blue-color has-text-color has-medium-font-size\">ELENA REINA \/ EL PA\u00cdS<\/p>\n\n\n\n<p>El primer paso, en el manual del&nbsp;<em>influencer<\/em>, es cambiar la foto de perfil. Esto lo sabe desde la famosa patrocinada hasta las cejas, hasta el adolescente que acaba de crearse una cuenta en Instagram. El canciller mexicano, Marcelo Ebrard, un candidato inesperado a poblar las filas del mundo viral, fue lo primero que hizo despu\u00e9s de que su nombre resonara como uno de los posibles aspirantes de Morena a gobernar M\u00e9xico en 2024. Una foto sonriente con su esposa, Rosalinda Bueso. Y que corran los&nbsp;<em>follows<\/em>. El gesto serio y calculador del secretario de Exteriores, exjefe de Gobierno de la capital y hombre de confianza del presidente, es cosa del pasado. En su oficina se han colado los mensajes de WhatsApp, los&nbsp;<em>stickers<\/em>&nbsp;y hasta TikTok. Ebrard se entrega a la furia viral ante el desconcierto sobre c\u00f3mo va a mantener el incendio de las redes durante dos a\u00f1os m\u00e1s.<\/p>\n\n\n\n<p>La f\u00f3rmula no es nueva. M\u00e9xico observ\u00f3 con las mismas dosis de estupor y de bochorno c\u00f3mo la estrategia funcionaba mejor que cualquier mitin en las elecciones estatales y locales del a\u00f1o pasado, mejor que cualquier programa de campa\u00f1a, despensas y promesas de alumbrado p\u00fablico.&nbsp;<a href=\"https:\/\/elpais.com\/mexico\/elecciones-mexicanas\/2021-06-09\/la-formula-mariana-rodriguez-como-crear-a-un-gobernador-a-golpe-de-likes.html\">Mariana Rodr\u00edguez, la esposa del gobernador de Nuevo Le\u00f3n, Samuel Garc\u00eda<\/a>, dise\u00f1\u00f3 un pol\u00edtico cercano y divertido desde su cuenta con miles de seguidores. Ella era una experta. Los memes, los&nbsp;<em>likes<\/em>, y el&nbsp;<em>reality show&nbsp;<\/em>de su relaci\u00f3n y carrera al Gobierno se convirtieron en la clave del \u00e9xito que trataron de imitar decenas de candidatos m\u00e1s. Llegaban tarde.<\/p>\n\n\n\n<p>Los celulares de los mexicanos hace un a\u00f1o se llenaron de v\u00eddeos de TikTok de los candidatos, saliendo de un ata\u00fad, bailando de forma descoordinada, haciendo el rid\u00edculo. Y todo apunta a que la carrera presidencial de 2024 no los librar\u00e1 de memes, chistes, m\u00e1s bailes y lo que haga falta. Porque para ganarse la confianza de la gente estos d\u00edas, seg\u00fan los jefes de campa\u00f1a, no solo hace falta tocar puerta por puerta, barrio por barrio y pelear el voto, es muy necesario tambi\u00e9n que la gente se r\u00eda.<\/p>\n\n\n\n<p>El canciller era probablemente el candidato que menos encajaba en este molde de lo viral. Pocos hubieran descrito al&nbsp;<a href=\"https:\/\/elpais.com\/mexico\/2021-04-06\/el-canciller-ebrard-viajara-a-china-y-rusia-para-asegurar-el-envio-de-vacunas.html\">hombre de las vacunas<\/a>, al negociador de la crisis diplom\u00e1tica con Estados Unidos, a la cara visible de tragedia migratoria en la frontera y al hombre fuerte del presidente que lo sustitu\u00eda en los eventos diplom\u00e1ticos, como el nuevo chiste nacional. Y es posible que esta contradicci\u00f3n entre su imagen cl\u00e1sica y la que ofrece estos d\u00edas, sea la guinda de una campa\u00f1a que nadie esperaba.<\/p>\n\n\n\n<p>Hasta ahora, su&nbsp;<em>feed<\/em>&nbsp;\u2014como dicen los que saben\u2014, es decir, sus publicaciones en redes, contaban poco m\u00e1s que sus reuniones tediosas con l\u00edderes extranjeros. La t\u00edpica foto protocolaria de apret\u00f3n de manos con el embajador de Qatar, alg\u00fan comunicado de prensa, la lista de los participantes en un foro por el cambio clim\u00e1tico, el p\u00e9same a la familia de un funcionario amigo. Algunos dir\u00e1n que todo comenz\u00f3 con un torpe&nbsp;<em>selfie<\/em>&nbsp;con su perro el viernes, con un&nbsp;<em>story<\/em>&nbsp;al m\u00e1s puro estilo&nbsp;<em>influencer<\/em>&nbsp;dirigido por su esposa para felicitar a \u201clos pap\u00e1s\u201d por el D\u00eda del padre. Otros, que fue con el&nbsp;<em>What\u2019s up&nbsp;<\/em>de este lunes. As\u00ed, mal escrito, puede que a prop\u00f3sito.<\/p>\n\n\n\n<p>Que el n\u00famero del celular del canciller circulara por las redes sociales este lunes ha disparado su imagen m\u00e1s que cualquier evento p\u00fablico,&nbsp;<a href=\"https:\/\/elpais.com\/mexico\/2022-06-20\/ebrard-se-lanza-de-lleno-a-la-campana-de-morena-y-conforma-un-equipo-para-ganar-la-encuesta.html\">como el que protagoniz\u00f3 este domingo en Guadalajara<\/a>. \u201c5515025360 mi what\u2019s up para estar comunicados. Si quieren mandar mensaje los leo. Buena semana!!\u201d, public\u00f3 Ebrard temprano. Y Twitter se ha llenado de capturas de pantalla de gente que tiene muchas ganas de re\u00edrse con el aspirante, y tambi\u00e9n de \u00e9l. WhatsApp se ha convertido en tendencia. Y \u00e9l, en el nuevo rostro de la vieja pol\u00edtica, tratando de acercarse a los m\u00e1s j\u00f3venes como si se tratara de su t\u00edo en un grupo familiar. Simp\u00e1tico, torpe y cercano, ninguno de estos calificativos hubieran descrito al canciller hace unos meses.<\/p>\n\n\n\n<p>La irrupci\u00f3n de Ebrard en redes se ha producido&nbsp;<a href=\"https:\/\/elpais.com\/mexico\/2022-06-12\/ya-no-hay-tapado-sheinbaum-ebrard-y-adan-augusto-lopez-se-lanzan-a-la-carrera-presidencial-con-un-llamado-a-la-unidad-de-morena.html\">mientras su principal rival del partido<\/a>, la jefa de Gobierno de la capital, Claudia Sheinbaum, se encontraba en la lona, aislada por coronavirus. Y ah\u00ed se ha marcado el canciller un&nbsp;<em>sprint<\/em>&nbsp;por la derecha: un \u00faltimo v\u00eddeo donde cuenta el \u00e9xito que han tenido sus mensajes y lo ocupado que est\u00e1 respondi\u00e9ndolos. Un&nbsp;<em>room tour<\/em>&nbsp;por su oficina de la Secretar\u00eda, como el que hacen los famosos en Instagram cuando se van de vacaciones pagadas. Y tambi\u00e9n, pero menos importante, que est\u00e1 preparando una reuni\u00f3n de la que casi no recuerda el nombre, que resulta que tiene que ver con migraci\u00f3n y desarrollo en Centroam\u00e9rica. \u201cSi me tardo [en responder mensajes], t\u00e9nganme paciencia\u201d, se\u00f1ala.<\/p>\n\n\n\n<p>Todav\u00eda ha habido un giro inesperado m\u00e1s: este lunes por la tarde Ebrard anunciaba que se hab\u00eda contagiado de covid-19. Y poco despu\u00e9s, Sheinbaum descubr\u00eda el Facebook Live. La jefa de Gobierno sal\u00eda de su encierro justo cuando su contrincante entraba. Y ha decidido regresar con otro v\u00eddeo mostrando los rincones de su piso en Tlalpan: \u201cel balconcito\u201d, \u201cmis plantitas\u201d, \u201cpeque\u00f1o departamento\u201d, \u201cpeque\u00f1o comedor\u201d, \u201cpeque\u00f1a unidad habitacional\u201d. Y como colof\u00f3n, se ha animado a tocar la guitarra, ning\u00fan concierto, solo cuatro acordes mientras recordaba c\u00f3mo sus pap\u00e1s la llevaron a clases de peque\u00f1a y recuerda lo b\u00e1sico gracias a YouTube.<\/p>\n\n\n\n<p>El \u00fanico que de momento se ha mantenido firme en su m\u00e9todo tradicional de hacer campa\u00f1a ha sido Ad\u00e1n Augusto L\u00f3pez, secretario de Gobernaci\u00f3n. Del mismo partido y con los mismos intereses de gobernar el pa\u00eds de cara a las presidenciales de 2024, ha decidido mantenerse alejado de la vor\u00e1gine tuitera. Al menos, por ahora.<\/p>\n\n\n\n<p>Ebrard, como nuevo&nbsp;<em>influencer<\/em>, tiene el reto de vender en redes su d\u00eda a d\u00eda como secretario de Relaciones Exteriores. La reuni\u00f3n de L\u00f3pez Obrador en Washington con Joe Biden o los devenires de la crisis humanitaria en la frontera no suelen tener muchos&nbsp;<em>likes<\/em>, por muchos&nbsp;<em>hashtags<\/em>, y<em>&nbsp;selfies<\/em>&nbsp;que maneje. Lejos ha quedado la batalla dial\u00e9ctica por la posible responsabilidad de unos y otros en la construcci\u00f3n y mantenimiento de&nbsp;<a href=\"https:\/\/elpais.com\/mexico\/2022-05-09\/el-peritaje-final-de-dnv-senala-fallas-en-las-inspecciones-y-el-mantenimiento-como-causas-concurrentes-en-la-tragedia-de-la-linea-12.html\">una l\u00ednea del metro que se desplom\u00f3 y que seg\u00f3 la vida de 26 personas<\/a>. Siempre estar\u00e1n las redes, los memes, los filtros de Instagram. Y los bailes, que a\u00fan no han comenzado, pero que se esperan. Siempre le quedar\u00e1 TikTok.<\/p>\n\n\n\n<p><a href=\"https:\/\/plus.elpais.com\/newsletters\/lnp\/1\/348\"><strong>Suscr\u00edbase aqu\u00ed<\/strong><\/a>a la\u00a0<em>newsletter<\/em>\u00a0de EL PA\u00cdS M\u00e9xico y reciba todas las claves informativas de la actualidad de este pa\u00eds<\/p>\n\n\n\n<p>Fuente: https:\/\/elpais.com\/mexico\/2022-06-20\/stickers-tiktok-y-whatsapp-la-campana-de-ebrard-se-desata-en-redes.html<\/p>\n","protected":false},"excerpt":{"rendered":"<p>El canciller mexicano Marcelo Ebrard arranca la carrera presidencial con un giro ins\u00f3lito a su imagen: la de un \u2018influencer\u2019 [&hellip;]<\/p>\n","protected":false},"author":1,"featured_media":30398,"comment_status":"open","ping_status":"open","sticky":false,"template":"","format":"standard","meta":{"site-sidebar-layout":"default","site-content-layout":"","ast-site-content-layout":"default","site-content-style":"default","site-sidebar-style":"default","ast-global-header-display":"","ast-banner-title-visibility":"","ast-main-header-display":"","ast-hfb-above-header-display":"","ast-hfb-below-header-display":"","ast-hfb-mobile-header-display":"","site-post-title":"","ast-breadcrumbs-content":"","ast-featured-img":"","footer-sml-layout":"","theme-transparent-header-meta":"","adv-header-id-meta":"","stick-header-meta":"","header-above-stick-meta":"","header-main-stick-meta":"","header-below-stick-meta":"","astra-migrate-meta-layouts":"default","ast-page-background-enabled":"default","ast-page-background-meta":{"desktop":{"background-color":"var(--ast-global-color-4)","background-image":"","background-repeat":"repeat","background-position":"center center","background-size":"auto","background-attachment":"scroll","background-type":"","background-media":"","overlay-type":"","overlay-color":"","overlay-opacity":"","overlay-gradient":""},"tablet":{"background-color":"","background-image":"","background-repeat":"repeat","background-position":"center center","background-size":"auto","background-attachment":"scroll","background-type":"","background-media":"","overlay-type":"","overlay-color":"","overlay-opacity":"","overlay-gradient":""},"mobile":{"background-color":"","background-image":"","background-repeat":"repeat","background-position":"center center","background-size":"auto","background-attachment":"scroll","background-type":"","background-media":"","overlay-type":"","overlay-color":"","overlay-opacity":"","overlay-gradient":""}},"ast-content-background-meta":{"desktop":{"background-color":"var(--ast-global-color-5)","background-image":"","background-repeat":"repeat","background-position":"center center","background-size":"auto","background-attachment":"scroll","background-type":"","background-media":"","overlay-type":"","overlay-color":"","overlay-opacity":"","overlay-gradient":""},"tablet":{"background-color":"var(--ast-global-color-5)","background-image":"","background-repeat":"repeat","background-position":"center center","background-size":"auto","background-attachment":"scroll","background-type":"","background-media":"","overlay-type":"","overlay-color":"","overlay-opacity":"","overlay-gradient":""},"mobile":{"background-color":"var(--ast-global-color-5)","background-image":"","background-repeat":"repeat","background-position":"center center","background-size":"auto","background-attachment":"scroll","background-type":"","background-media":"","overlay-type":"","overlay-color":"","overlay-opacity":"","overlay-gradient":""}},"footnotes":""},"categories":[8],"tags":[5486,645,247],"class_list":["post-30397","post","type-post","status-publish","format-standard","has-post-thumbnail","hentry","category-noticias","tag-elecciones-2024","tag-marcelo-ebrard","tag-morena"],"_links":{"self":[{"href":"https:\/\/losperiodistas.com.mx\/portal\/wp-json\/wp\/v2\/posts\/30397","targetHints":{"allow":["GET"]}}],"collection":[{"href":"https:\/\/losperiodistas.com.mx\/portal\/wp-json\/wp\/v2\/posts"}],"about":[{"href":"https:\/\/losperiodistas.com.mx\/portal\/wp-json\/wp\/v2\/types\/post"}],"author":[{"embeddable":true,"href":"https:\/\/losperiodistas.com.mx\/portal\/wp-json\/wp\/v2\/users\/1"}],"replies":[{"embeddable":true,"href":"https:\/\/losperiodistas.com.mx\/portal\/wp-json\/wp\/v2\/comments?post=30397"}],"version-history":[{"count":1,"href":"https:\/\/losperiodistas.com.mx\/portal\/wp-json\/wp\/v2\/posts\/30397\/revisions"}],"predecessor-version":[{"id":30399,"href":"https:\/\/losperiodistas.com.mx\/portal\/wp-json\/wp\/v2\/posts\/30397\/revisions\/30399"}],"wp:featuredmedia":[{"embeddable":true,"href":"https:\/\/losperiodistas.com.mx\/portal\/wp-json\/wp\/v2\/media\/30398"}],"wp:attachment":[{"href":"https:\/\/losperiodistas.com.mx\/portal\/wp-json\/wp\/v2\/media?parent=30397"}],"wp:term":[{"taxonomy":"category","embeddable":true,"href":"https:\/\/losperiodistas.com.mx\/portal\/wp-json\/wp\/v2\/categories?post=30397"},{"taxonomy":"post_tag","embeddable":true,"href":"https:\/\/losperiodistas.com.mx\/portal\/wp-json\/wp\/v2\/tags?post=30397"}],"curies":[{"name":"wp","href":"https:\/\/api.w.org\/{rel}","templated":true}]}}