{"id":30394,"date":"2022-06-21T05:16:32","date_gmt":"2022-06-21T10:16:32","guid":{"rendered":"http:\/\/losperiodistas.com.mx\/portal\/?p=30394"},"modified":"2022-06-21T05:16:34","modified_gmt":"2022-06-21T10:16:34","slug":"gobierno-de-amlo-desbanca-al-de-felipe-calderon-como-el-mas-violento-de-mexico-el-financiero","status":"publish","type":"post","link":"https:\/\/losperiodistas.com.mx\/portal\/gobierno-de-amlo-desbanca-al-de-felipe-calderon-como-el-mas-violento-de-mexico-el-financiero\/","title":{"rendered":"Gobierno de AMLO \u2018desbanca\u2019 al de Felipe Calder\u00f3n como el m\u00e1s violento de M\u00e9xico | El Financiero"},"content":{"rendered":"\n<p><em>Mayo de 2022 es el mes con la cifra m\u00e1s baja de ese delito en 5 a\u00f1os, reporta la SSPC.<\/em><\/p>\n\n\n\n<p><\/p>\n\n\n\n<figure class=\"wp-block-image size-full\"><img fetchpriority=\"high\" decoding=\"async\" width=\"800\" height=\"533\" src=\"https:\/\/losperiodistas.com.mx\/portal\/wp-content\/uploads\/2022\/06\/QBLGEG53YBFGTIJMQPQAGSZJ5M.jpeg\" alt=\"\" class=\"wp-image-30395\" srcset=\"https:\/\/losperiodistas.com.mx\/portal\/wp-content\/uploads\/2022\/06\/QBLGEG53YBFGTIJMQPQAGSZJ5M.jpeg 800w, https:\/\/losperiodistas.com.mx\/portal\/wp-content\/uploads\/2022\/06\/QBLGEG53YBFGTIJMQPQAGSZJ5M-300x200.jpeg 300w, https:\/\/losperiodistas.com.mx\/portal\/wp-content\/uploads\/2022\/06\/QBLGEG53YBFGTIJMQPQAGSZJ5M-768x512.jpeg 768w\" sizes=\"(max-width: 800px) 100vw, 800px\" \/><figcaption><strong>Homicidios\u00a0<\/strong>Aumentan los homicidios en el pa\u00eds\u00a0(Cuartoscuro)<\/figcaption><\/figure>\n\n\n\n<p class=\"has-vivid-cyan-blue-color has-text-color has-medium-font-size\">DIANA BENITEZ \/ EL FINANCIERO<\/p>\n\n\n\n<p>A pesar de que se presume una tendencia a la baja, el homicidio doloso en la presente administraci\u00f3n ya super\u00f3 los 120 mil 463 delitos que ocurrieron en toda la administraci\u00f3n de Felipe Calder\u00f3n.<\/p>\n\n\n\n<p>Seg\u00fan las cifras que ayer exhibi\u00f3 Rosa Icela Rodr\u00edguez, secretaria de Seguridad y Protecci\u00f3n Ciudadana, de diciembre de 2018 a mayo de 2022 suman 118 mil 182 homicidios dolosos, m\u00e1s 3 mil 549 feminicidios ser\u00eda un total de 121 mil 731 casos.<\/p>\n\n\n\n<p>Los datos del sexenio de Felipe Calder\u00f3n se midieron con una metodolog\u00eda distinta que los de L\u00f3pez Obrador, y se tiene que considerar que en ese entonces el feminicidio no se contabilizaba como tal sino dentro de los homicidios en general, como espec\u00edfica el Secretariado Ejecutivo del Sistema Nacional de Seguridad P\u00fablica.<\/p>\n\n\n\n<p>Pese a ello, la secretaria asegur\u00f3 que va bien el tema de la seguridad. \u201cHoy se trabaja con estrategia, con inteligencia y con acciones concretas para dar tiros de precisi\u00f3n a las estructuras criminales, estamos en el camino correcto\u201d.<\/p>\n\n\n\n<p>Como parte del informe mensual de seguridad, se reconoci\u00f3 un aumento de casos durante mayo.<\/p>\n\n\n\n<p>\u201cEl homicidio doloso aument\u00f3 entre el pasado mes de abril y mayo; sin embargo, este mayo de 2022 es el m\u00e1s bajo desde hace cinco a\u00f1os, se mantiene la tendencia a la baja con una disminuci\u00f3n de 7.8 por ciento en comparaci\u00f3n con el m\u00e1ximo hist\u00f3rico de 2018\u2033.<\/p>\n\n\n\n<p>De acuerdo con los datos que present\u00f3, en abril ocurrieron 2 mil 554 casos mientras que en mayo hubo 2 mil 833. En lo que va del a\u00f1o, se tienen 84 v\u00edctimas diarias de homicidio, lo que representa una disminuci\u00f3n de 10.8 por ciento respecto de 2021.<\/p>\n\n\n\n<p>El 48 por ciento de los casos se concentra en seis entidades: Guanajuato, Michoac\u00e1n, Estado de M\u00e9xico, Baja California y Sonora.<\/p>\n\n\n\n<p>De abril a mayo de 2022, los homicidios pasaron de 227 a 299; en Michoac\u00e1n, de 244 a 204; en el Estado de M\u00e9xico, de 201 a 237; en Baja California, de 211 a 234; en Jalisco, de 175 a 206; y en Sonora, de 132 a 152. Sobre los 50 municipios prioritarios report\u00f3 que se tiene una disminuci\u00f3n de homicidios de 16.3 por ciento de enero a mayo 2021.<\/p>\n\n\n\n<p>Dentro de los delitos del fuero com\u00fan tambi\u00e9n inform\u00f3 que se dio un alza de 28 por ciento en la extorsi\u00f3n, pero una reducci\u00f3n de 29 por ciento en el robo total. El feminicidio baj\u00f3 31.2 por ciento, y el secuestro cay\u00f3 58.3 por ciento. Con informaci\u00f3n de David Sa\u00fal Vela.<\/p>\n\n\n\n<p>Fuente: https:\/\/www.elfinanciero.com.mx\/nacional\/2022\/06\/21\/amlo-supera-los-120-mil-homicidios-del-sexenio-de-calderon\/<\/p>\n","protected":false},"excerpt":{"rendered":"<p>Mayo de 2022 es el mes con la cifra m\u00e1s baja de ese delito en 5 a\u00f1os, reporta la SSPC. [&hellip;]<\/p>\n","protected":false},"author":1,"featured_media":30395,"comment_status":"open","ping_status":"open","sticky":false,"template":"","format":"standard","meta":{"site-sidebar-layout":"default","site-content-layout":"","ast-site-content-layout":"default","site-content-style":"default","site-sidebar-style":"default","ast-global-header-display":"","ast-banner-title-visibility":"","ast-main-header-display":"","ast-hfb-above-header-display":"","ast-hfb-below-header-display":"","ast-hfb-mobile-header-display":"","site-post-title":"","ast-breadcrumbs-content":"","ast-featured-img":"","footer-sml-layout":"","theme-transparent-header-meta":"","adv-header-id-meta":"","stick-header-meta":"","header-above-stick-meta":"","header-main-stick-meta":"","header-below-stick-meta":"","astra-migrate-meta-layouts":"default","ast-page-background-enabled":"default","ast-page-background-meta":{"desktop":{"background-color":"var(--ast-global-color-4)","background-image":"","background-repeat":"repeat","background-position":"center center","background-size":"auto","background-attachment":"scroll","background-type":"","background-media":"","overlay-type":"","overlay-color":"","overlay-opacity":"","overlay-gradient":""},"tablet":{"background-color":"","background-image":"","background-repeat":"repeat","background-position":"center center","background-size":"auto","background-attachment":"scroll","background-type":"","background-media":"","overlay-type":"","overlay-color":"","overlay-opacity":"","overlay-gradient":""},"mobile":{"background-color":"","background-image":"","background-repeat":"repeat","background-position":"center center","background-size":"auto","background-attachment":"scroll","background-type":"","background-media":"","overlay-type":"","overlay-color":"","overlay-opacity":"","overlay-gradient":""}},"ast-content-background-meta":{"desktop":{"background-color":"var(--ast-global-color-5)","background-image":"","background-repeat":"repeat","background-position":"center center","background-size":"auto","background-attachment":"scroll","background-type":"","background-media":"","overlay-type":"","overlay-color":"","overlay-opacity":"","overlay-gradient":""},"tablet":{"background-color":"var(--ast-global-color-5)","background-image":"","background-repeat":"repeat","background-position":"center center","background-size":"auto","background-attachment":"scroll","background-type":"","background-media":"","overlay-type":"","overlay-color":"","overlay-opacity":"","overlay-gradient":""},"mobile":{"background-color":"var(--ast-global-color-5)","background-image":"","background-repeat":"repeat","background-position":"center center","background-size":"auto","background-attachment":"scroll","background-type":"","background-media":"","overlay-type":"","overlay-color":"","overlay-opacity":"","overlay-gradient":""}},"footnotes":""},"categories":[8],"tags":[10891,3040],"class_list":["post-30394","post","type-post","status-publish","format-standard","has-post-thumbnail","hentry","category-noticias","tag-homicidios-dolosos-mexico","tag-inseguridad-mexico"],"_links":{"self":[{"href":"https:\/\/losperiodistas.com.mx\/portal\/wp-json\/wp\/v2\/posts\/30394","targetHints":{"allow":["GET"]}}],"collection":[{"href":"https:\/\/losperiodistas.com.mx\/portal\/wp-json\/wp\/v2\/posts"}],"about":[{"href":"https:\/\/losperiodistas.com.mx\/portal\/wp-json\/wp\/v2\/types\/post"}],"author":[{"embeddable":true,"href":"https:\/\/losperiodistas.com.mx\/portal\/wp-json\/wp\/v2\/users\/1"}],"replies":[{"embeddable":true,"href":"https:\/\/losperiodistas.com.mx\/portal\/wp-json\/wp\/v2\/comments?post=30394"}],"version-history":[{"count":1,"href":"https:\/\/losperiodistas.com.mx\/portal\/wp-json\/wp\/v2\/posts\/30394\/revisions"}],"predecessor-version":[{"id":30396,"href":"https:\/\/losperiodistas.com.mx\/portal\/wp-json\/wp\/v2\/posts\/30394\/revisions\/30396"}],"wp:featuredmedia":[{"embeddable":true,"href":"https:\/\/losperiodistas.com.mx\/portal\/wp-json\/wp\/v2\/media\/30395"}],"wp:attachment":[{"href":"https:\/\/losperiodistas.com.mx\/portal\/wp-json\/wp\/v2\/media?parent=30394"}],"wp:term":[{"taxonomy":"category","embeddable":true,"href":"https:\/\/losperiodistas.com.mx\/portal\/wp-json\/wp\/v2\/categories?post=30394"},{"taxonomy":"post_tag","embeddable":true,"href":"https:\/\/losperiodistas.com.mx\/portal\/wp-json\/wp\/v2\/tags?post=30394"}],"curies":[{"name":"wp","href":"https:\/\/api.w.org\/{rel}","templated":true}]}}