{"id":30386,"date":"2022-06-21T04:59:07","date_gmt":"2022-06-21T09:59:07","guid":{"rendered":"http:\/\/losperiodistas.com.mx\/portal\/?p=30386"},"modified":"2022-06-21T04:59:08","modified_gmt":"2022-06-21T09:59:08","slug":"en-un-dia-nueve-muertos-y-2-mil-132-contagios-por-covid-19-en-mexico-proceso","status":"publish","type":"post","link":"https:\/\/losperiodistas.com.mx\/portal\/en-un-dia-nueve-muertos-y-2-mil-132-contagios-por-covid-19-en-mexico-proceso\/","title":{"rendered":"En un d\u00eda, nueve muertos y 2 mil 132 contagios por covid-19 en M\u00e9xico | Proceso"},"content":{"rendered":"\n<p><em>M\u00e9xico lleg\u00f3 este lunes a 325 mil 417 fallecidos por covid-19; se han aplicado 209 millones 179 mil 257 vacunas.<\/em><\/p>\n\n\n\n<p><\/p>\n\n\n\n<figure class=\"wp-block-image size-full\"><img fetchpriority=\"high\" decoding=\"async\" width=\"800\" height=\"450\" src=\"https:\/\/losperiodistas.com.mx\/portal\/wp-content\/uploads\/2022\/06\/f800x450-156672_208118_5231.jpeg\" alt=\"\" class=\"wp-image-30389\" srcset=\"https:\/\/losperiodistas.com.mx\/portal\/wp-content\/uploads\/2022\/06\/f800x450-156672_208118_5231.jpeg 800w, https:\/\/losperiodistas.com.mx\/portal\/wp-content\/uploads\/2022\/06\/f800x450-156672_208118_5231-300x169.jpeg 300w, https:\/\/losperiodistas.com.mx\/portal\/wp-content\/uploads\/2022\/06\/f800x450-156672_208118_5231-768x432.jpeg 768w\" sizes=\"(max-width: 800px) 100vw, 800px\" \/><figcaption>Fila para aplicaci\u00f3n de vacuna contra covid en CDMX. Foto: Benjam\u00edn Flores<\/figcaption><\/figure>\n\n\n\n<p><\/p>\n\n\n\n<p class=\"has-vivid-cyan-blue-color has-text-color has-medium-font-size\">REDACCI\u00d3N PROCESO<\/p>\n\n\n\n<p>CIUDAD DE M\u00c9XICO (apro).- M\u00e9xico lleg\u00f3 este lunes a 325 mil 417 fallecidos por covid-19 desde que comenz\u00f3 la pandemia, un incremento de nueve decesos en las \u00faltimas 24 horas, report\u00f3 la Secretar\u00eda de Salud (Ssa) federal.<\/p>\n\n\n\n<p>El informe t\u00e9cnico sobre coronavirus correspondiente a este d\u00eda registra que el pa\u00eds alcanz\u00f3 los 5 millones 877 mil 837 casos confirmados, lo que representa un aumento de 2 mil 132 contagios.<\/p>\n\n\n\n<h5 class=\"wp-block-heading\">NOTICIAS RELACIONADAS<\/h5>\n\n\n\n<ul class=\"wp-block-list\"><li><a href=\"https:\/\/www.proceso.com.mx\/nacional\/2022\/6\/20\/ebrard-da-positivo-covid-19-me-siento-como-cuando-te-da-catarro-288072.html\">Ebrard da positivo a covid-19: \u00abMe siento como cuando te da catarro\u00bb<\/a><\/li><li><a href=\"https:\/\/www.proceso.com.mx\/nacional\/2022\/6\/20\/el-gobernador-de-zacatecas-david-monreal-da-positivo-covid-19-288053.html\">El gobernador de Zacatecas, David Monreal da positivo a covid-19<\/a><\/li><li><a href=\"https:\/\/www.proceso.com.mx\/nacional\/2022\/6\/20\/claudia-sheinbaum-advierte-sandra-cuevas-las-alcaldias-no-son-autoridades-sanitarias-288058.html\">Claudia Sheinbaum advierte a Sandra Cuevas: \u00abLas alcald\u00edas no son autoridades sanitarias\u00bb<\/a><\/li><li><a href=\"https:\/\/www.proceso.com.mx\/nacional\/2022\/6\/17\/vacuna-anti-covid-19-para-rezagados-en-el-edomex-estas-son-las-fechas-municipios-sedes-287963.html\">Vacuna anti covid-19 para rezagados en el Edomex: Estas son las fechas y municipios sedes<\/a><\/li><\/ul>\n\n\n\n<p>En la semana epidemiol\u00f3gica 24, que comprende del 12 al 18 de junio, se contagiaron cuatro mil 823 personas en promedio por d\u00eda, indic\u00f3 la Ssa.<\/p>\n\n\n\n<p>Se cuenta con disponibilidad de 96 por ciento en camas generales y 99 por ciento con respirador mec\u00e1nico para la atenci\u00f3n de pacientes con covid-19, a\u00f1adi\u00f3.<\/p>\n\n\n\n<h2 class=\"wp-block-heading\">Vacunaci\u00f3n<\/h2>\n\n\n\n<p>El Informe T\u00e9cnico Diario refiere que, desde el 24 de diciembre de 2020 hasta esta fecha, se han suministrado 209 millones 179 mil 257 vacunas contra covid-19 a 88 millones 336 mil 802 personas.<\/p>\n\n\n\n<p>Han recibido la vacuna de refuerzo 53 millones 157 mil 386 personas mayores de 18 a\u00f1os, lo que representa un avance de 66 por ciento de la poblaci\u00f3n objetivo.<\/p>\n\n\n\n<p>Por edad, 81 millones 096 mil 208 personas adultas cuentan con al menos una dosis, lo que equivale a 91 por ciento de cobertura en mayores de 18 a\u00f1os; y siete millones 240 mil 594 adolescentes de 12 a 17 a\u00f1os.<\/p>\n\n\n\n<figure class=\"wp-block-embed is-type-rich is-provider-twitter wp-block-embed-twitter\"><div class=\"wp-block-embed__wrapper\">\n<blockquote class=\"twitter-tweet\" data-width=\"500\" data-dnt=\"true\"><p lang=\"pt\" dir=\"ltr\">Comunicado T\u00e9cnico Diario <a href=\"https:\/\/twitter.com\/hashtag\/COVID19?src=hash&amp;ref_src=twsrc%5Etfw\">#COVID19<\/a> | 20 de junio de 2022 <br><br>\u27a1\ufe0f <a href=\"https:\/\/t.co\/tBCxlKpZ89\">https:\/\/t.co\/tBCxlKpZ89<\/a> <a href=\"https:\/\/t.co\/4VZ0mwrTeq\">pic.twitter.com\/4VZ0mwrTeq<\/a><\/p>&mdash; SALUD M\u00e9xico (@SSalud_mx) <a href=\"https:\/\/twitter.com\/SSalud_mx\/status\/1539009559238434816?ref_src=twsrc%5Etfw\">June 20, 2022<\/a><\/blockquote><script async src=\"https:\/\/platform.twitter.com\/widgets.js\" charset=\"utf-8\"><\/script>\n<\/div><\/figure>\n\n\n\n<p><\/p>\n\n\n\n<p>Fuente: https:\/\/www.proceso.com.mx\/nacional\/2022\/6\/20\/en-un-dia-nueve-muertos-mil-132-contagios-por-covid-19-en-mexico-288075.html<\/p>\n","protected":false},"excerpt":{"rendered":"<p>M\u00e9xico lleg\u00f3 este lunes a 325 mil 417 fallecidos por covid-19; se han aplicado 209 millones 179 mil 257 vacunas. [&hellip;]<\/p>\n","protected":false},"author":1,"featured_media":30389,"comment_status":"open","ping_status":"open","sticky":false,"template":"","format":"standard","meta":{"site-sidebar-layout":"default","site-content-layout":"","ast-site-content-layout":"default","site-content-style":"default","site-sidebar-style":"default","ast-global-header-display":"","ast-banner-title-visibility":"","ast-main-header-display":"","ast-hfb-above-header-display":"","ast-hfb-below-header-display":"","ast-hfb-mobile-header-display":"","site-post-title":"","ast-breadcrumbs-content":"","ast-featured-img":"","footer-sml-layout":"","theme-transparent-header-meta":"","adv-header-id-meta":"","stick-header-meta":"","header-above-stick-meta":"","header-main-stick-meta":"","header-below-stick-meta":"","astra-migrate-meta-layouts":"default","ast-page-background-enabled":"default","ast-page-background-meta":{"desktop":{"background-color":"var(--ast-global-color-4)","background-image":"","background-repeat":"repeat","background-position":"center center","background-size":"auto","background-attachment":"scroll","background-type":"","background-media":"","overlay-type":"","overlay-color":"","overlay-opacity":"","overlay-gradient":""},"tablet":{"background-color":"","background-image":"","background-repeat":"repeat","background-position":"center center","background-size":"auto","background-attachment":"scroll","background-type":"","background-media":"","overlay-type":"","overlay-color":"","overlay-opacity":"","overlay-gradient":""},"mobile":{"background-color":"","background-image":"","background-repeat":"repeat","background-position":"center center","background-size":"auto","background-attachment":"scroll","background-type":"","background-media":"","overlay-type":"","overlay-color":"","overlay-opacity":"","overlay-gradient":""}},"ast-content-background-meta":{"desktop":{"background-color":"var(--ast-global-color-5)","background-image":"","background-repeat":"repeat","background-position":"center center","background-size":"auto","background-attachment":"scroll","background-type":"","background-media":"","overlay-type":"","overlay-color":"","overlay-opacity":"","overlay-gradient":""},"tablet":{"background-color":"var(--ast-global-color-5)","background-image":"","background-repeat":"repeat","background-position":"center center","background-size":"auto","background-attachment":"scroll","background-type":"","background-media":"","overlay-type":"","overlay-color":"","overlay-opacity":"","overlay-gradient":""},"mobile":{"background-color":"var(--ast-global-color-5)","background-image":"","background-repeat":"repeat","background-position":"center center","background-size":"auto","background-attachment":"scroll","background-type":"","background-media":"","overlay-type":"","overlay-color":"","overlay-opacity":"","overlay-gradient":""}},"footnotes":""},"categories":[8],"tags":[6660,10714],"class_list":["post-30386","post","type-post","status-publish","format-standard","has-post-thumbnail","hentry","category-noticias","tag-mexico-covid-19","tag-quinta-ola"],"_links":{"self":[{"href":"https:\/\/losperiodistas.com.mx\/portal\/wp-json\/wp\/v2\/posts\/30386","targetHints":{"allow":["GET"]}}],"collection":[{"href":"https:\/\/losperiodistas.com.mx\/portal\/wp-json\/wp\/v2\/posts"}],"about":[{"href":"https:\/\/losperiodistas.com.mx\/portal\/wp-json\/wp\/v2\/types\/post"}],"author":[{"embeddable":true,"href":"https:\/\/losperiodistas.com.mx\/portal\/wp-json\/wp\/v2\/users\/1"}],"replies":[{"embeddable":true,"href":"https:\/\/losperiodistas.com.mx\/portal\/wp-json\/wp\/v2\/comments?post=30386"}],"version-history":[{"count":1,"href":"https:\/\/losperiodistas.com.mx\/portal\/wp-json\/wp\/v2\/posts\/30386\/revisions"}],"predecessor-version":[{"id":30390,"href":"https:\/\/losperiodistas.com.mx\/portal\/wp-json\/wp\/v2\/posts\/30386\/revisions\/30390"}],"wp:featuredmedia":[{"embeddable":true,"href":"https:\/\/losperiodistas.com.mx\/portal\/wp-json\/wp\/v2\/media\/30389"}],"wp:attachment":[{"href":"https:\/\/losperiodistas.com.mx\/portal\/wp-json\/wp\/v2\/media?parent=30386"}],"wp:term":[{"taxonomy":"category","embeddable":true,"href":"https:\/\/losperiodistas.com.mx\/portal\/wp-json\/wp\/v2\/categories?post=30386"},{"taxonomy":"post_tag","embeddable":true,"href":"https:\/\/losperiodistas.com.mx\/portal\/wp-json\/wp\/v2\/tags?post=30386"}],"curies":[{"name":"wp","href":"https:\/\/api.w.org\/{rel}","templated":true}]}}