{"id":30376,"date":"2022-06-20T18:07:37","date_gmt":"2022-06-20T23:07:37","guid":{"rendered":"http:\/\/losperiodistas.com.mx\/portal\/?p=30376"},"modified":"2022-06-20T18:07:39","modified_gmt":"2022-06-20T23:07:39","slug":"la-ctm-organizacion-envejecida-y-rebasada-por-los-nuevos-tiempos-la-jornada","status":"publish","type":"post","link":"https:\/\/losperiodistas.com.mx\/portal\/la-ctm-organizacion-envejecida-y-rebasada-por-los-nuevos-tiempos-la-jornada\/","title":{"rendered":"La CTM, organizaci\u00f3n envejecida y rebasada por los nuevos tiempos | La Jornada"},"content":{"rendered":"\n<figure class=\"wp-block-image size-large is-resized\"><img fetchpriority=\"high\" decoding=\"async\" src=\"https:\/\/losperiodistas.com.mx\/portal\/wp-content\/uploads\/2022\/06\/image_large-5-1024x675.jpeg\" alt=\"\" class=\"wp-image-30377\" width=\"840\" height=\"553\" srcset=\"https:\/\/losperiodistas.com.mx\/portal\/wp-content\/uploads\/2022\/06\/image_large-5-1024x675.jpeg 1024w, https:\/\/losperiodistas.com.mx\/portal\/wp-content\/uploads\/2022\/06\/image_large-5-300x198.jpeg 300w, https:\/\/losperiodistas.com.mx\/portal\/wp-content\/uploads\/2022\/06\/image_large-5-768x506.jpeg 768w, https:\/\/losperiodistas.com.mx\/portal\/wp-content\/uploads\/2022\/06\/image_large-5.jpeg 1117w\" sizes=\"(max-width: 840px) 100vw, 840px\" \/><figcaption>La central dirigida por Carlos Aceves del Olmo ha evitado la confrontaci\u00f3n directa con el poder presidencial.\u00a0Foto\u00a0<strong>Mar\u00eda Luisa Severiano<\/strong><\/figcaption><\/figure>\n\n\n\n<p><\/p>\n\n\n\n<p class=\"has-vivid-cyan-blue-color has-text-color has-medium-font-size\">ARTURO CANO \/ LA JORNADA<\/p>\n\n\n\n<p><em>Ciudad de M\u00e9xico.<\/em>\u00a0Apenas destapado, Jos\u00e9 Antonio Meade fue a cumplir una parte del antiguo ritual y visit\u00f3 la sede de la Confederaci\u00f3n de Trabajadores de M\u00e9xico (CTM), organizaci\u00f3n que en otros tiempos se encargaba de bendecir al ungido.<\/p>\n\n\n\n<p>Y ah\u00ed, frente al primer no pri\u00edsta candidato del PRI a la Presidencia, el secretario general, Carlos Aceves del Olmo, resumi\u00f3, desde la silla de ruedas que usa con frecuencia desde entonces, el declive del otrora poderoso sector obrero: \u201cAntes se dec\u00eda destapador, ahora s\u00f3lo estamos dando una vuelta a la tapita\u201d.<\/p>\n\n\n\n<p>Ese d\u00eda de noviembre de 2017, los cetemistas y el candidato sudaron la gota gorda en una sala peque\u00f1a, a unos pasos del vest\u00edbulo donde mira pasar el tiempo la estatua de Joaqu\u00edn Gamboa Pascoe, el l\u00edder que ten\u00eda 15 millones de d\u00f3lares en un para\u00edso fiscal en los a\u00f1os en que el candidato era secretario de Hacienda.<\/p>\n\n\n\n<p>Meade obtuvo el tercer lugar en los comicios de 2018 y (casi) se retir\u00f3 de la vida p\u00fablica. El hombre de la silla de ruedas sigue ah\u00ed y el pasado 15 de junio sali\u00f3 al rescate del presidente nacional del PRI, Alejandro Moreno, quien enfrenta el doble fuego del gobierno federal y sus amigos de la alianza opositora.<\/p>\n\n\n\n<p>El nombre del l\u00edder cetemista fue el primero en un desplegado con fuerte olor a naftalina: \u201cNo es la primera vez que el gobierno intenta desestabilizar al PRI, incluso en el pasado utilizaron mercenarios que ya fueron expulsados de nuestras filas\u201d.<\/p>\n\n\n\n<p>El tono del desplegado contrasta con el trato que la CTM ha dispensado al presidente Andr\u00e9s Manuel L\u00f3pez Obrador, no muy distante del que brind\u00f3 a los mandatarios de Acci\u00f3n Nacional (\u201cno es alarde, pero la CTM fue la primera que reconoci\u00f3 plenamente el triunfo del presidente Felipe Calder\u00f3n\u201d, dijo Gamboa Pascoe en 2006).<\/p>\n\n\n\n<h2 class=\"wp-block-heading\">Una relaci\u00f3n oscilante<\/h2>\n\n\n\n<p>Al menos en los primeros tiempos de este sexenio, los l\u00edderes cetemistas prefirieron transitar las aguas de la 4T con expresiones de desacuerdo dirigidas a la Secretar\u00eda del Trabajo, que encabeza Luisa Mar\u00eda Alcalde, para evitar una confrontaci\u00f3n directa con el poder presidencial.<\/p>\n\n\n\n<p>Aceves del Olmo se quej\u00f3 una y otra vez de desatenci\u00f3n de la autoridad y, sobre todo, de la competencia. En el Senado (2019), acus\u00f3 a Pedro Haces Barba, l\u00edder de la Confederaci\u00f3n Aut\u00f3noma de Trabajadores y Empleados de M\u00e9xico (Catem), de presumir su cercan\u00eda con el Presidente y tener la encomienda de acabar con la CTM.<\/p>\n\n\n\n<p>Una y otra vez, y a\u00f1o tras a\u00f1o, L\u00f3pez Obrador ha repetido lo que dijo en la primera ceremonia del D\u00eda del Trabajo que encabez\u00f3 como Presidente: que su gobierno no tendr\u00e1 l\u00edderes favoritos ni habr\u00e1 tutelaje de los sindicatos.<\/p>\n\n\n\n<p>\u201cPueden utilizar mi nombre, pero que se sepa que yo represento a todos los mexicanos. No es cierto que yo tenga alg\u00fan sindicato preferido\u201d, como dijo en marzo de 2019.<\/p>\n\n\n\n<p>As\u00ed, la relaci\u00f3n ha oscilado entre el desencuentro y el aplauso mutuo.<\/p>\n\n\n\n<p>El 5 de marzo de 2021, el Presidente encabez\u00f3 un evento de supervisi\u00f3n del Tren Maya y no dej\u00f3 su discurso pese a que las bocinas de los enormes camiones de volteo no dejaron de sonar. Era la protesta de organizaciones de transportistas afines al PRI que en sus mantas exhib\u00edan dos demandas: contrataci\u00f3n directa de sus servicios y \u201c\u00a1Fuera Catem!\u201d.<\/p>\n\n\n\n<p>Seg\u00fan los l\u00edderes de la CTM y de otras organizaciones, la Catem, af\u00edn a la 4T, se ha quedado con la mitad de los contratos en algunas de las megaobras del actual gobierno.<\/p>\n\n\n\n<p>El trato, en otras ocasiones, ha sido m\u00e1s que terso. Cuando ocurri\u00f3 la conmemoraci\u00f3n del 86 aniversario de la CTM, en febrero pasado, ya se pod\u00eda contar otra historia. El presidente L\u00f3pez Obrador envi\u00f3 un mensaje de felicitaci\u00f3n: \u201cHemos logrado muchas cosas con don Carlos Aceves y con dirigentes de la CTM, por ejemplo, logramos que aumentara la cuota para patrones y de esta manera se incrementen las pensiones\u201d.<\/p>\n\n\n\n<p>La CTM agradeci\u00f3 el gesto con grandes letras en su revista&nbsp;<em>L\u00edderes<\/em>: \u201cEl Presidente reconoce aportaci\u00f3n hist\u00f3rica de la CTM\u201d.<\/p>\n\n\n\n<h2 class=\"wp-block-heading\">Amparos contra la democracia gremial<\/h2>\n\n\n\n<p>La llegada de L\u00f3pez Obrador a la Presidencia prendi\u00f3 las alertas en el viejo sindicalismo mexicano. Algunos l\u00edderes creyeron llegado el momento del retiro, dado que adem\u00e1s del cambio de vientos en el poder presidencial, entr\u00f3 en vigor un nuevo modelo de justicia laboral encaminado a garantizar la libertad sindical y la transparencia en el siempre opaco mundo de la contrataci\u00f3n colectiva.<\/p>\n\n\n\n<p>Con excepci\u00f3n de los retiros adelantados de Juan D\u00edaz de la Torre y de Carlos Romero Deschamps, el escenario se movi\u00f3 muy poco. Ambos l\u00edderes (magisterio y petroleros) dejaron a todos los suyos en las estructuras sindicales y el resto de los dirigentes se mantuvieron en sus cargos, al frente de los cuales, en muchos casos, acumulan d\u00e9cadas.<\/p>\n\n\n\n<p>En diciembre de 2018, como pre\u00e1mbulo, la CTM y la Confederaci\u00f3n Revolucionaria de Obreros y Campesinos (CROC) fueron expulsadas de la Confederaci\u00f3n Sindical Internacional (CSI).<\/p>\n\n\n\n<p>\u201cDichas organizaciones corporativas\u201d, se ley\u00f3 en la resoluci\u00f3n, \u201ccontin\u00faan realizando acciones contrarias a los principios y valores de los trabajadores y en consecuencia de la CSI\u201d. Ambas organizaciones fueron acusadas, en la reuni\u00f3n celebrada en Copenhague, Dinamarca, de promover los contratos de protecci\u00f3n patronal, as\u00ed como de atentar contra la libertad y democracia sindical.<\/p>\n\n\n\n<p>La resoluci\u00f3n de una de las agrupaciones internacionales m\u00e1s importantes no preocup\u00f3 en lo m\u00e1s m\u00ednimo a la c\u00fapula del sindicalismo&nbsp;<em>charro<\/em>.<\/p>\n\n\n\n<p>El a\u00f1o siguiente, tras la aprobaci\u00f3n de la reforma laboral, sindicatos de la CTM promovieron alrededor de 500 juicios de amparo contra distintos t\u00f3picos de la nueva legislaci\u00f3n. Los cetemistas impugnaron tres decenas de art\u00edculos, especialmente los relativos al voto personal, libre, directo y secreto en la renovaci\u00f3n de las directivas sindicales.<\/p>\n\n\n\n<p>La palabra que m\u00e1s preocupaba a la c\u00fapula cetemista era \u201cdirecto\u201d, pues ya hab\u00edan ideado la forma de dar la vuelta a la elecci\u00f3n democr\u00e1tica de dirigentes por la v\u00eda indirecta, y siempre m\u00e1s manipulable, de asambleas de delegados.<\/p>\n\n\n\n<p>En marzo de 2021, la Suprema Corte de Justicia de la Naci\u00f3n emiti\u00f3 12 jurisprudencias que pusieron fin a la intentona cetemista de descarrilar la reforma laboral con el argumento de que atentaba contra la autonom\u00eda sindical.<\/p>\n\n\n\n<p>Con formalismos, la CTM se opuso a la ratificaci\u00f3n del Convenio 98 de la Organizaci\u00f3n Internacional del Trabajo, relativo al derecho a sindicaci\u00f3n y contrataci\u00f3n colectiva. El sindicalismo corporativo mexicano hab\u00eda logrado evitar ese paso desde 1949.<\/p>\n\n\n\n<p>Los cetemistas no votaron en contra, pero el propio Aceves del Olmo, en la tribuna del Senado, dijo que sin adecuaci\u00f3n de las leyes \u201cpodr\u00eda crear incertidumbre en inversiones, acrecentando los conflictos y poniendo en riesgo la generaci\u00f3n de empleos\u201d.<\/p>\n\n\n\n<p>En un reciente encuentro trinacional que reuni\u00f3 a abogados y expertos laborales de M\u00e9xico, Estados Unidos y Canad\u00e1, la investigadora Graciela Bensus\u00e1n refiri\u00f3 que los l\u00edderes sindicales mexicanos, tanto tradicionales como independientes, tienen tres posturas respecto de la nueva legislaci\u00f3n laboral: 1) los que juegan a la \u201csimple simulaci\u00f3n, que sue\u00f1an que pueden seguir igual\u201d, 2) los que \u201cse dan cuenta de que se tienen que adaptar y ahora s\u00ed tratar de tener una relaci\u00f3n con los trabajadores\u201d y 3) \u201clos pocos que piensan en la transformaci\u00f3n\u2026 que se dan cuenta de que no s\u00f3lo es un cambio de normas, sino de liderazgos, estrategias, alianzas\u201d.<\/p>\n\n\n\n<p>La reforma laboral, para la cual fue clave la voluntad pol\u00edtica del actual gobierno, sostuvo Bensus\u00e1n, era \u201cnecesaria, pero no es suficiente para la transformaci\u00f3n\u201d, porque enfrentamos cien a\u00f1os de \u201cpr\u00e1cticas, inercias, culturas\u201d.<\/p>\n\n\n\n<p>Con la CTM reclam\u00e1ndose due\u00f1a de la representaci\u00f3n de los trabajadores aun en estos tiempos, bien puede decirse con la decana de los estudiosos del mundo laboral: \u201cEsta reforma no es un pasaporte al para\u00edso, es un camino lleno de obst\u00e1culos\u201d.<\/p>\n\n\n\n<p>Fuente: https:\/\/www.jornada.com.mx\/notas\/2022\/06\/20\/politica\/la-ctm-organizacion-envejecida-y-rebasada-por-los-nuevos-tiempos\/<\/p>\n","protected":false},"excerpt":{"rendered":"<p>ARTURO CANO \/ LA JORNADA Ciudad de M\u00e9xico.\u00a0Apenas destapado, Jos\u00e9 Antonio Meade fue a cumplir una parte del antiguo ritual [&hellip;]<\/p>\n","protected":false},"author":1,"featured_media":30377,"comment_status":"open","ping_status":"open","sticky":false,"template":"","format":"standard","meta":{"site-sidebar-layout":"default","site-content-layout":"","ast-site-content-layout":"default","site-content-style":"default","site-sidebar-style":"default","ast-global-header-display":"","ast-banner-title-visibility":"","ast-main-header-display":"","ast-hfb-above-header-display":"","ast-hfb-below-header-display":"","ast-hfb-mobile-header-display":"","site-post-title":"","ast-breadcrumbs-content":"","ast-featured-img":"","footer-sml-layout":"","theme-transparent-header-meta":"","adv-header-id-meta":"","stick-header-meta":"","header-above-stick-meta":"","header-main-stick-meta":"","header-below-stick-meta":"","astra-migrate-meta-layouts":"default","ast-page-background-enabled":"default","ast-page-background-meta":{"desktop":{"background-color":"var(--ast-global-color-4)","background-image":"","background-repeat":"repeat","background-position":"center center","background-size":"auto","background-attachment":"scroll","background-type":"","background-media":"","overlay-type":"","overlay-color":"","overlay-opacity":"","overlay-gradient":""},"tablet":{"background-color":"","background-image":"","background-repeat":"repeat","background-position":"center center","background-size":"auto","background-attachment":"scroll","background-type":"","background-media":"","overlay-type":"","overlay-color":"","overlay-opacity":"","overlay-gradient":""},"mobile":{"background-color":"","background-image":"","background-repeat":"repeat","background-position":"center center","background-size":"auto","background-attachment":"scroll","background-type":"","background-media":"","overlay-type":"","overlay-color":"","overlay-opacity":"","overlay-gradient":""}},"ast-content-background-meta":{"desktop":{"background-color":"var(--ast-global-color-5)","background-image":"","background-repeat":"repeat","background-position":"center center","background-size":"auto","background-attachment":"scroll","background-type":"","background-media":"","overlay-type":"","overlay-color":"","overlay-opacity":"","overlay-gradient":""},"tablet":{"background-color":"var(--ast-global-color-5)","background-image":"","background-repeat":"repeat","background-position":"center center","background-size":"auto","background-attachment":"scroll","background-type":"","background-media":"","overlay-type":"","overlay-color":"","overlay-opacity":"","overlay-gradient":""},"mobile":{"background-color":"var(--ast-global-color-5)","background-image":"","background-repeat":"repeat","background-position":"center center","background-size":"auto","background-attachment":"scroll","background-type":"","background-media":"","overlay-type":"","overlay-color":"","overlay-opacity":"","overlay-gradient":""}},"footnotes":""},"categories":[8],"tags":[10889,3552,1978],"class_list":["post-30376","post","type-post","status-publish","format-standard","has-post-thumbnail","hentry","category-noticias","tag-carlos-aceves-del-olmo","tag-ctm","tag-pri"],"_links":{"self":[{"href":"https:\/\/losperiodistas.com.mx\/portal\/wp-json\/wp\/v2\/posts\/30376","targetHints":{"allow":["GET"]}}],"collection":[{"href":"https:\/\/losperiodistas.com.mx\/portal\/wp-json\/wp\/v2\/posts"}],"about":[{"href":"https:\/\/losperiodistas.com.mx\/portal\/wp-json\/wp\/v2\/types\/post"}],"author":[{"embeddable":true,"href":"https:\/\/losperiodistas.com.mx\/portal\/wp-json\/wp\/v2\/users\/1"}],"replies":[{"embeddable":true,"href":"https:\/\/losperiodistas.com.mx\/portal\/wp-json\/wp\/v2\/comments?post=30376"}],"version-history":[{"count":1,"href":"https:\/\/losperiodistas.com.mx\/portal\/wp-json\/wp\/v2\/posts\/30376\/revisions"}],"predecessor-version":[{"id":30378,"href":"https:\/\/losperiodistas.com.mx\/portal\/wp-json\/wp\/v2\/posts\/30376\/revisions\/30378"}],"wp:featuredmedia":[{"embeddable":true,"href":"https:\/\/losperiodistas.com.mx\/portal\/wp-json\/wp\/v2\/media\/30377"}],"wp:attachment":[{"href":"https:\/\/losperiodistas.com.mx\/portal\/wp-json\/wp\/v2\/media?parent=30376"}],"wp:term":[{"taxonomy":"category","embeddable":true,"href":"https:\/\/losperiodistas.com.mx\/portal\/wp-json\/wp\/v2\/categories?post=30376"},{"taxonomy":"post_tag","embeddable":true,"href":"https:\/\/losperiodistas.com.mx\/portal\/wp-json\/wp\/v2\/tags?post=30376"}],"curies":[{"name":"wp","href":"https:\/\/api.w.org\/{rel}","templated":true}]}}