{"id":30365,"date":"2022-06-20T14:52:34","date_gmt":"2022-06-20T19:52:34","guid":{"rendered":"http:\/\/losperiodistas.com.mx\/portal\/?p=30365"},"modified":"2022-06-20T14:52:36","modified_gmt":"2022-06-20T19:52:36","slug":"aeropuerto-de-puebla-sera-el-principal-de-carga-en-el-pais-e-consulta","status":"publish","type":"post","link":"https:\/\/losperiodistas.com.mx\/portal\/aeropuerto-de-puebla-sera-el-principal-de-carga-en-el-pais-e-consulta\/","title":{"rendered":"Aeropuerto de Puebla ser\u00e1 el principal de carga en el pa\u00eds | E-Consulta"},"content":{"rendered":"\n<p><\/p>\n\n\n\n<p><em>El secretario de Gobernaci\u00f3n, Ad\u00e1n Augusto L\u00f3pez Hern\u00e1ndez, asegur\u00f3 que el proyecto tiene el respaldo del gobierno federal<\/em><\/p>\n\n\n\n<p><\/p>\n\n\n\n<p><\/p>\n\n\n\n<figure class=\"wp-block-image size-full\"><img fetchpriority=\"high\" decoding=\"async\" width=\"640\" height=\"426\" src=\"https:\/\/losperiodistas.com.mx\/portal\/wp-content\/uploads\/2022\/06\/aeropuerto_de_puebla_sera_el_principal_de_carga_en_el_pais_200622.jpg\" alt=\"\" class=\"wp-image-30366\" srcset=\"https:\/\/losperiodistas.com.mx\/portal\/wp-content\/uploads\/2022\/06\/aeropuerto_de_puebla_sera_el_principal_de_carga_en_el_pais_200622.jpg 640w, https:\/\/losperiodistas.com.mx\/portal\/wp-content\/uploads\/2022\/06\/aeropuerto_de_puebla_sera_el_principal_de_carga_en_el_pais_200622-300x200.jpg 300w\" sizes=\"(max-width: 640px) 100vw, 640px\" \/><figcaption><em>Foto \/ Agencia Enfoque<\/em><\/figcaption><\/figure>\n\n\n\n<p class=\"has-vivid-cyan-blue-color has-text-color has-medium-font-size\">MARIBEL VEL\u00c1ZQUEZ \/ E-CONSULTA<\/p>\n\n\n\n<p><strong>Ad\u00e1n Augusto L\u00f3pez Hern\u00e1ndez<\/strong>, secretario de&nbsp;<strong>Gobernaci\u00f3n<\/strong>&nbsp;federal, prev\u00e9 que para el siguiente a\u00f1o el aeropuerto de&nbsp;<strong>Puebla<\/strong>&nbsp;se convierta en el principal centro de carga y descarga del pa\u00eds.<\/p>\n\n\n\n<p>En entrevista, asegur\u00f3 que la administraci\u00f3n de&nbsp;<strong>Andr\u00e9s Manuel L\u00f3pez Obrador,<\/strong>&nbsp;respaldar\u00e1 los proyectos del aeropuerto.<\/p>\n\n\n\n<p>El funcionario federal recalc\u00f3 que el gobernador&nbsp;<strong>Luis Miguel Barbosa Huerta<\/strong>&nbsp;tiene toda la confianza y respaldo del gobierno federal y eso se nota en la coordinaci\u00f3n para la realizaci\u00f3n de proyectos como la inauguraci\u00f3n de un m\u00f3dulo para la<strong>&nbsp;regularizaci\u00f3n de veh\u00edculos de procedencia extranjera<\/strong>&nbsp;en el Centro Integral de Servicios (CIS) de este d\u00eda.<\/p>\n\n\n\n<p>Desde el inicio de su gesti\u00f3n,\u00a0<strong>Barbosa Huerta<\/strong>\u00a0dijo que impulsar\u00eda el desarrollo del aeropuerto de la entidad.<\/p>\n\n\n\n<p>Fuente: https:\/\/www.e-consulta.com\/nota\/2022-06-20\/gobierno\/aeropuerto-de-puebla-sera-el-principal-de-carga-en-el-pais<\/p>\n","protected":false},"excerpt":{"rendered":"<p>El secretario de Gobernaci\u00f3n, Ad\u00e1n Augusto L\u00f3pez Hern\u00e1ndez, asegur\u00f3 que el proyecto tiene el respaldo del gobierno federal MARIBEL VEL\u00c1ZQUEZ [&hellip;]<\/p>\n","protected":false},"author":1,"featured_media":30366,"comment_status":"open","ping_status":"open","sticky":false,"template":"","format":"standard","meta":{"site-sidebar-layout":"default","site-content-layout":"","ast-site-content-layout":"default","site-content-style":"default","site-sidebar-style":"default","ast-global-header-display":"","ast-banner-title-visibility":"","ast-main-header-display":"","ast-hfb-above-header-display":"","ast-hfb-below-header-display":"","ast-hfb-mobile-header-display":"","site-post-title":"","ast-breadcrumbs-content":"","ast-featured-img":"","footer-sml-layout":"","theme-transparent-header-meta":"","adv-header-id-meta":"","stick-header-meta":"","header-above-stick-meta":"","header-main-stick-meta":"","header-below-stick-meta":"","astra-migrate-meta-layouts":"default","ast-page-background-enabled":"default","ast-page-background-meta":{"desktop":{"background-color":"var(--ast-global-color-4)","background-image":"","background-repeat":"repeat","background-position":"center center","background-size":"auto","background-attachment":"scroll","background-type":"","background-media":"","overlay-type":"","overlay-color":"","overlay-opacity":"","overlay-gradient":""},"tablet":{"background-color":"","background-image":"","background-repeat":"repeat","background-position":"center center","background-size":"auto","background-attachment":"scroll","background-type":"","background-media":"","overlay-type":"","overlay-color":"","overlay-opacity":"","overlay-gradient":""},"mobile":{"background-color":"","background-image":"","background-repeat":"repeat","background-position":"center center","background-size":"auto","background-attachment":"scroll","background-type":"","background-media":"","overlay-type":"","overlay-color":"","overlay-opacity":"","overlay-gradient":""}},"ast-content-background-meta":{"desktop":{"background-color":"var(--ast-global-color-5)","background-image":"","background-repeat":"repeat","background-position":"center center","background-size":"auto","background-attachment":"scroll","background-type":"","background-media":"","overlay-type":"","overlay-color":"","overlay-opacity":"","overlay-gradient":""},"tablet":{"background-color":"var(--ast-global-color-5)","background-image":"","background-repeat":"repeat","background-position":"center center","background-size":"auto","background-attachment":"scroll","background-type":"","background-media":"","overlay-type":"","overlay-color":"","overlay-opacity":"","overlay-gradient":""},"mobile":{"background-color":"var(--ast-global-color-5)","background-image":"","background-repeat":"repeat","background-position":"center center","background-size":"auto","background-attachment":"scroll","background-type":"","background-media":"","overlay-type":"","overlay-color":"","overlay-opacity":"","overlay-gradient":""}},"footnotes":""},"categories":[8],"tags":[3590,10888,108],"class_list":["post-30365","post","type-post","status-publish","format-standard","has-post-thumbnail","hentry","category-noticias","tag-adan-augusto-lopez-hernandez","tag-aeropuerto-puebla","tag-miguel-barbosa-huerta"],"_links":{"self":[{"href":"https:\/\/losperiodistas.com.mx\/portal\/wp-json\/wp\/v2\/posts\/30365","targetHints":{"allow":["GET"]}}],"collection":[{"href":"https:\/\/losperiodistas.com.mx\/portal\/wp-json\/wp\/v2\/posts"}],"about":[{"href":"https:\/\/losperiodistas.com.mx\/portal\/wp-json\/wp\/v2\/types\/post"}],"author":[{"embeddable":true,"href":"https:\/\/losperiodistas.com.mx\/portal\/wp-json\/wp\/v2\/users\/1"}],"replies":[{"embeddable":true,"href":"https:\/\/losperiodistas.com.mx\/portal\/wp-json\/wp\/v2\/comments?post=30365"}],"version-history":[{"count":1,"href":"https:\/\/losperiodistas.com.mx\/portal\/wp-json\/wp\/v2\/posts\/30365\/revisions"}],"predecessor-version":[{"id":30367,"href":"https:\/\/losperiodistas.com.mx\/portal\/wp-json\/wp\/v2\/posts\/30365\/revisions\/30367"}],"wp:featuredmedia":[{"embeddable":true,"href":"https:\/\/losperiodistas.com.mx\/portal\/wp-json\/wp\/v2\/media\/30366"}],"wp:attachment":[{"href":"https:\/\/losperiodistas.com.mx\/portal\/wp-json\/wp\/v2\/media?parent=30365"}],"wp:term":[{"taxonomy":"category","embeddable":true,"href":"https:\/\/losperiodistas.com.mx\/portal\/wp-json\/wp\/v2\/categories?post=30365"},{"taxonomy":"post_tag","embeddable":true,"href":"https:\/\/losperiodistas.com.mx\/portal\/wp-json\/wp\/v2\/tags?post=30365"}],"curies":[{"name":"wp","href":"https:\/\/api.w.org\/{rel}","templated":true}]}}