{"id":30341,"date":"2022-06-20T08:29:02","date_gmt":"2022-06-20T13:29:02","guid":{"rendered":"http:\/\/losperiodistas.com.mx\/portal\/?p=30341"},"modified":"2022-06-20T08:29:04","modified_gmt":"2022-06-20T13:29:04","slug":"ucrania-ya-tiene-su-miss-universo-viktoria-la-modelo-que-alimenta-a-los-soldados-el-mundo","status":"publish","type":"post","link":"https:\/\/losperiodistas.com.mx\/portal\/ucrania-ya-tiene-su-miss-universo-viktoria-la-modelo-que-alimenta-a-los-soldados-el-mundo\/","title":{"rendered":"Ucrania ya tiene su Miss Universo: Viktoria, la modelo que alimenta a los soldados\u00a0| El Mundo"},"content":{"rendered":"\n<p><em>Licenciada en psicolog\u00eda, se qued\u00f3 en su pa\u00eds para ayudar a sus compatriotas. en el restaurante Naive de la capital convertido en cantina para luchadores y ancianos<\/em><\/p>\n\n\n\n<figure class=\"wp-block-image size-full\"><img fetchpriority=\"high\" decoding=\"async\" width=\"746\" height=\"497\" src=\"https:\/\/losperiodistas.com.mx\/portal\/wp-content\/uploads\/2022\/06\/16557067476044.jpg\" alt=\"\" class=\"wp-image-30342\" srcset=\"https:\/\/losperiodistas.com.mx\/portal\/wp-content\/uploads\/2022\/06\/16557067476044.jpg 746w, https:\/\/losperiodistas.com.mx\/portal\/wp-content\/uploads\/2022\/06\/16557067476044-300x200.jpg 300w\" sizes=\"(max-width: 746px) 100vw, 746px\" \/><figcaption>Viktoria Apanasenko, elegida para representar a Ucrania en Miss Universo.<strong>INSTAGRAM<\/strong><\/figcaption><\/figure>\n\n\n\n<p class=\"has-vivid-cyan-blue-color has-text-color has-medium-font-size\">ANDREA NICASTRO (C0RRIERE DELLA SERA)<\/p>\n\n\n\n<p>Despu\u00e9s de la victoria en\u00a0<strong>Eurovisi\u00f3n<\/strong>\u00a0con la<strong>\u00a0Orquesta Kalush<\/strong>,\u00a0<strong>Ucrania<\/strong>\u00a0tambi\u00e9n es candidata a ganar el concurso de\u00a0<strong>Miss Universo<\/strong>. Y es una pena que la operaci\u00f3n de comunicaci\u00f3n, perfecta y oportunista, pueda oscurecer los m\u00e9ritos evidentes del competidor. En el caso de\u00a0<strong>Eurovisi\u00f3n<\/strong>, adem\u00e1s del estribillo, la canci\u00f3n presentada a concurso gan\u00f3 sobre todo gracias a la ola de simpat\u00eda que produjo la\u00a0<strong>invasi\u00f3n rusa<\/strong>\u00a0hacia\u00a0<strong>Ucrania<\/strong>. El televoto marc\u00f3 la diferencia. Ahora el mismo efecto podr\u00eda traer a\u00a0<strong>Viktoria Apanasenko<\/strong>\u00a0la corona de las m\u00e1s bellas del universo.<\/p>\n\n\n\n<figure class=\"wp-block-embed is-type-rich is-provider-twitter wp-block-embed-twitter\"><div class=\"wp-block-embed__wrapper\">\n<blockquote class=\"twitter-tweet\" data-width=\"500\" data-dnt=\"true\"><p lang=\"en\" dir=\"ltr\">Chernihiv civic volunteer to represent Ukraine at Miss Universe 2022 pageant<br><br>Social worker by education, Viktoria Apanasenko helps the Kyiv-based Na\u0457ve restaurant to prepare food for the army battalions and the elderly.<a href=\"https:\/\/t.co\/m1Rddia0cJ\">https:\/\/t.co\/m1Rddia0cJ<\/a> <a href=\"https:\/\/t.co\/vuGlns39so\">pic.twitter.com\/vuGlns39so<\/a><\/p>&mdash; Euromaidan Press (@EuromaidanPress) <a href=\"https:\/\/twitter.com\/EuromaidanPress\/status\/1537910455380742146?ref_src=twsrc%5Etfw\">June 17, 2022<\/a><\/blockquote><script async src=\"https:\/\/platform.twitter.com\/widgets.js\" charset=\"utf-8\"><\/script>\n<\/div><\/figure>\n\n\n\n<p>Su historia, de hecho, es perfecta para llenar p\u00e1ginas y p\u00e1ginas.&nbsp;<strong>Modelo, de 28 a\u00f1os, licenciada en psicolog\u00eda con especialidad en \u00abtrabajo social\u00bb<\/strong>, ha desfilado para marcas internacionales, pero nunca ha dejado de lado las calles.<\/p>\n\n\n\n<p>Desde que estall\u00f3 la guerra, se ha\u00a0<strong>ofrecido como voluntaria para ayudar en el esfuerzo b\u00e9lico<\/strong>. No fue a las trincheras, sino a los\u00a0<strong>restaurantes<\/strong>\u00a0de la capital, que han sido convertidos en cantinas para soldados y necesitados. Entonces Viktoria, en lugar de refugiarse en alguna agencia de modelos en Mil\u00e1n o Par\u00eds, comenz\u00f3 a repartir bolsas, repartir paquetes de alimentos, entregar ayuda a domicilio a quienes no pueden moverse.<br><br><strong>Viktoria es rubia, hermosa<\/strong>\u00a0y ha demostrado tener\u00a0<strong>cerebro y coraz\u00f3n.<\/strong>\u00a0La masa de cabello est\u00e1 discretamente recogida en una gruesa trenza, cuando luego, como en las pel\u00edculas, decide quitarse las horquillas, luce un peinado publicitario.<\/p>\n\n\n\n<figure class=\"wp-block-image size-large\"><img decoding=\"async\" width=\"650\" height=\"1024\" src=\"https:\/\/losperiodistas.com.mx\/portal\/wp-content\/uploads\/2022\/06\/Captura-de-Pantalla-2022-06-20-a-las-8.21.50-650x1024.jpg\" alt=\"\" class=\"wp-image-30343\" srcset=\"https:\/\/losperiodistas.com.mx\/portal\/wp-content\/uploads\/2022\/06\/Captura-de-Pantalla-2022-06-20-a-las-8.21.50-650x1024.jpg 650w, https:\/\/losperiodistas.com.mx\/portal\/wp-content\/uploads\/2022\/06\/Captura-de-Pantalla-2022-06-20-a-las-8.21.50-191x300.jpg 191w, https:\/\/losperiodistas.com.mx\/portal\/wp-content\/uploads\/2022\/06\/Captura-de-Pantalla-2022-06-20-a-las-8.21.50-768x1209.jpg 768w, https:\/\/losperiodistas.com.mx\/portal\/wp-content\/uploads\/2022\/06\/Captura-de-Pantalla-2022-06-20-a-las-8.21.50.jpg 964w\" sizes=\"(max-width: 650px) 100vw, 650px\" \/><\/figure>\n\n\n\n<p><\/p>\n\n\n\n<figure class=\"wp-block-image size-large\"><img decoding=\"async\" width=\"762\" height=\"1024\" src=\"https:\/\/losperiodistas.com.mx\/portal\/wp-content\/uploads\/2022\/06\/Captura-de-Pantalla-2022-06-20-a-las-8.22.07-762x1024.jpg\" alt=\"\" class=\"wp-image-30344\" srcset=\"https:\/\/losperiodistas.com.mx\/portal\/wp-content\/uploads\/2022\/06\/Captura-de-Pantalla-2022-06-20-a-las-8.22.07-762x1024.jpg 762w, https:\/\/losperiodistas.com.mx\/portal\/wp-content\/uploads\/2022\/06\/Captura-de-Pantalla-2022-06-20-a-las-8.22.07-223x300.jpg 223w, https:\/\/losperiodistas.com.mx\/portal\/wp-content\/uploads\/2022\/06\/Captura-de-Pantalla-2022-06-20-a-las-8.22.07-768x1031.jpg 768w, https:\/\/losperiodistas.com.mx\/portal\/wp-content\/uploads\/2022\/06\/Captura-de-Pantalla-2022-06-20-a-las-8.22.07.jpg 956w\" sizes=\"(max-width: 762px) 100vw, 762px\" \/><\/figure>\n\n\n\n<p>https:\/\/www.instagram.com\/tv\/CcsPuHXOHZZ\/?utm_source=ig_web_copy_link<\/p>\n\n\n\n<figure class=\"wp-block-image size-large\"><img loading=\"lazy\" decoding=\"async\" width=\"653\" height=\"1024\" src=\"https:\/\/losperiodistas.com.mx\/portal\/wp-content\/uploads\/2022\/06\/Captura-de-Pantalla-2022-06-20-a-las-8.22.23-653x1024.jpg\" alt=\"\" class=\"wp-image-30345\" srcset=\"https:\/\/losperiodistas.com.mx\/portal\/wp-content\/uploads\/2022\/06\/Captura-de-Pantalla-2022-06-20-a-las-8.22.23-653x1024.jpg 653w, https:\/\/losperiodistas.com.mx\/portal\/wp-content\/uploads\/2022\/06\/Captura-de-Pantalla-2022-06-20-a-las-8.22.23-191x300.jpg 191w, https:\/\/losperiodistas.com.mx\/portal\/wp-content\/uploads\/2022\/06\/Captura-de-Pantalla-2022-06-20-a-las-8.22.23-768x1205.jpg 768w, https:\/\/losperiodistas.com.mx\/portal\/wp-content\/uploads\/2022\/06\/Captura-de-Pantalla-2022-06-20-a-las-8.22.23.jpg 964w\" sizes=\"(max-width: 653px) 100vw, 653px\" \/><\/figure>\n\n\n\n<p><br><strong>La joven naci\u00f3 en Chernihov, en la frontera con Bielorrusia<\/strong>\u00a0, ocupada en los primeros d\u00edas de la guerra y permaneci\u00f3 bajo control ruso durante mucho tiempo.<\/p>\n\n\n\n<p>Este a\u00f1o los&nbsp;<strong>organizadores de Miss Universo han permitido que Ucrania presente a su candidata sin pasar por las selecciones nacionales<\/strong>, un poco complicado de organizar en un pa\u00eds bajo las bombas rusas.<\/p>\n\n\n\n<p>Kiev la eligi\u00f3 a ella: una Barbie perfecta con una historia capaz de llamar la atenci\u00f3n de todo el concurso. Una pena, porque, si ella ganara, ser\u00eda m\u00e1s una victoria para una naci\u00f3n atacada que para una hermosa joven. Pero tal vez eso tambi\u00e9n sea correcto.<\/p>\n\n\n\n<p>Fuente: https:\/\/www.elmundo.es\/internacional\/2022\/06\/20\/62b01611e4d4d862468b45cd.html<\/p>\n","protected":false},"excerpt":{"rendered":"<p>Licenciada en psicolog\u00eda, se qued\u00f3 en su pa\u00eds para ayudar a sus compatriotas. en el restaurante Naive de la capital [&hellip;]<\/p>\n","protected":false},"author":1,"featured_media":30342,"comment_status":"open","ping_status":"open","sticky":false,"template":"","format":"standard","meta":{"site-sidebar-layout":"default","site-content-layout":"","ast-site-content-layout":"default","site-content-style":"default","site-sidebar-style":"default","ast-global-header-display":"","ast-banner-title-visibility":"","ast-main-header-display":"","ast-hfb-above-header-display":"","ast-hfb-below-header-display":"","ast-hfb-mobile-header-display":"","site-post-title":"","ast-breadcrumbs-content":"","ast-featured-img":"","footer-sml-layout":"","theme-transparent-header-meta":"","adv-header-id-meta":"","stick-header-meta":"","header-above-stick-meta":"","header-main-stick-meta":"","header-below-stick-meta":"","astra-migrate-meta-layouts":"default","ast-page-background-enabled":"default","ast-page-background-meta":{"desktop":{"background-color":"var(--ast-global-color-4)","background-image":"","background-repeat":"repeat","background-position":"center center","background-size":"auto","background-attachment":"scroll","background-type":"","background-media":"","overlay-type":"","overlay-color":"","overlay-opacity":"","overlay-gradient":""},"tablet":{"background-color":"","background-image":"","background-repeat":"repeat","background-position":"center center","background-size":"auto","background-attachment":"scroll","background-type":"","background-media":"","overlay-type":"","overlay-color":"","overlay-opacity":"","overlay-gradient":""},"mobile":{"background-color":"","background-image":"","background-repeat":"repeat","background-position":"center center","background-size":"auto","background-attachment":"scroll","background-type":"","background-media":"","overlay-type":"","overlay-color":"","overlay-opacity":"","overlay-gradient":""}},"ast-content-background-meta":{"desktop":{"background-color":"var(--ast-global-color-5)","background-image":"","background-repeat":"repeat","background-position":"center center","background-size":"auto","background-attachment":"scroll","background-type":"","background-media":"","overlay-type":"","overlay-color":"","overlay-opacity":"","overlay-gradient":""},"tablet":{"background-color":"var(--ast-global-color-5)","background-image":"","background-repeat":"repeat","background-position":"center center","background-size":"auto","background-attachment":"scroll","background-type":"","background-media":"","overlay-type":"","overlay-color":"","overlay-opacity":"","overlay-gradient":""},"mobile":{"background-color":"var(--ast-global-color-5)","background-image":"","background-repeat":"repeat","background-position":"center center","background-size":"auto","background-attachment":"scroll","background-type":"","background-media":"","overlay-type":"","overlay-color":"","overlay-opacity":"","overlay-gradient":""}},"footnotes":""},"categories":[8],"tags":[10884,10883],"class_list":["post-30341","post","type-post","status-publish","format-standard","has-post-thumbnail","hentry","category-noticias","tag-miss-universo","tag-viktoria-apanasenko"],"_links":{"self":[{"href":"https:\/\/losperiodistas.com.mx\/portal\/wp-json\/wp\/v2\/posts\/30341","targetHints":{"allow":["GET"]}}],"collection":[{"href":"https:\/\/losperiodistas.com.mx\/portal\/wp-json\/wp\/v2\/posts"}],"about":[{"href":"https:\/\/losperiodistas.com.mx\/portal\/wp-json\/wp\/v2\/types\/post"}],"author":[{"embeddable":true,"href":"https:\/\/losperiodistas.com.mx\/portal\/wp-json\/wp\/v2\/users\/1"}],"replies":[{"embeddable":true,"href":"https:\/\/losperiodistas.com.mx\/portal\/wp-json\/wp\/v2\/comments?post=30341"}],"version-history":[{"count":1,"href":"https:\/\/losperiodistas.com.mx\/portal\/wp-json\/wp\/v2\/posts\/30341\/revisions"}],"predecessor-version":[{"id":30346,"href":"https:\/\/losperiodistas.com.mx\/portal\/wp-json\/wp\/v2\/posts\/30341\/revisions\/30346"}],"wp:featuredmedia":[{"embeddable":true,"href":"https:\/\/losperiodistas.com.mx\/portal\/wp-json\/wp\/v2\/media\/30342"}],"wp:attachment":[{"href":"https:\/\/losperiodistas.com.mx\/portal\/wp-json\/wp\/v2\/media?parent=30341"}],"wp:term":[{"taxonomy":"category","embeddable":true,"href":"https:\/\/losperiodistas.com.mx\/portal\/wp-json\/wp\/v2\/categories?post=30341"},{"taxonomy":"post_tag","embeddable":true,"href":"https:\/\/losperiodistas.com.mx\/portal\/wp-json\/wp\/v2\/tags?post=30341"}],"curies":[{"name":"wp","href":"https:\/\/api.w.org\/{rel}","templated":true}]}}