{"id":30331,"date":"2022-06-20T07:15:11","date_gmt":"2022-06-20T12:15:11","guid":{"rendered":"http:\/\/losperiodistas.com.mx\/portal\/?p=30331"},"modified":"2022-06-20T07:15:13","modified_gmt":"2022-06-20T12:15:13","slug":"hoy-se-conmemora-el-dia-mundial-de-los-refugiados-aci","status":"publish","type":"post","link":"https:\/\/losperiodistas.com.mx\/portal\/hoy-se-conmemora-el-dia-mundial-de-los-refugiados-aci\/","title":{"rendered":"Hoy se conmemora el D\u00eda Mundial de los Refugiados | ACI"},"content":{"rendered":"\n<figure class=\"wp-block-image size-full\"><img fetchpriority=\"high\" decoding=\"async\" width=\"900\" height=\"500\" src=\"https:\/\/losperiodistas.com.mx\/portal\/wp-content\/uploads\/2022\/06\/DiaDelMigrante_190620.jpg\" alt=\"\" class=\"wp-image-30332\" srcset=\"https:\/\/losperiodistas.com.mx\/portal\/wp-content\/uploads\/2022\/06\/DiaDelMigrante_190620.jpg 900w, https:\/\/losperiodistas.com.mx\/portal\/wp-content\/uploads\/2022\/06\/DiaDelMigrante_190620-300x167.jpg 300w, https:\/\/losperiodistas.com.mx\/portal\/wp-content\/uploads\/2022\/06\/DiaDelMigrante_190620-768x427.jpg 768w\" sizes=\"(max-width: 900px) 100vw, 900px\" \/><figcaption>Foto referencial. Cr\u00e9dito: Pixabay.<\/figcaption><\/figure>\n\n\n\n<p class=\"has-vivid-cyan-blue-color has-text-color has-medium-font-size\">REDACCI\u00d3N ACI PRENSA<\/p>\n\n\n\n<p>El 4 de diciembre del a\u00f1o 2000, la Oficina del Alto Comisionado de las Naciones Unidas para los Refugiados (ACNUR) bajo<a href=\"https:\/\/undocs.org\/es\/A\/RES\/55\/76\">&nbsp;resoluci\u00f3n 55\/76<\/a>&nbsp;solicit\u00f3 que a partir del 20 de junio del 2001 se celebre el D\u00eda Mundial de los Refugiados; pedido que fue aprobado el 12 de febrero del 2001 por la Asamblea General.<\/p>\n\n\n\n<p>Para la ONU los d\u00edas internacionales se crean para sensibilizar al p\u00fablico sobre problem\u00e1ticas sin resolver en temas de derechos humanos y llamar la atenci\u00f3n medi\u00e1tica y gubernamental para fomentar la creaci\u00f3n de pol\u00edticas p\u00fablicas concretas.<\/p>\n\n\n\n<p>En este caso, la fecha represent\u00f3 un homenaje a los 50 a\u00f1os de labor de la ACNUR \u201cen favor de los repatriados, ap\u00e1tridas y desplazados internos\u201d, y de los prop\u00f3sitos de las Naciones Unidas (ONU) de promover \u201cla paz, los derechos humanos y el desarrollo\u201d.<\/p>\n\n\n\n<p>La ACNUR fue creada en 1950 para \u201cayudar a millones de europeos que hab\u00edan huido o perdido sus hogares\u201d durante la Segunda Guerra Mundial. El 28 de julio de 1951, en Ginebra, la ONU estableci\u00f3 la Convenci\u00f3n sobre el Estatuto de los Refugiados que indica los \u201cconceptos fundamentales para la protecci\u00f3n internacional de los refugiados\u201d.<\/p>\n\n\n\n<p>Actualmente 142 pa\u00edses forman parte de esta Convenci\u00f3n, que define qui\u00e9n es un refugiado y plantea la necesidad de la cooperaci\u00f3n internacional para solucionar esta situaci\u00f3n. Tambi\u00e9n establece un n\u00famero de derechos y obligaciones de los refugiados con el pa\u00eds que los acoge, que aumentan en base al tiempo en el que viven en esos lugares.<\/p>\n\n\n\n<p>Su principio m\u00e1ximo es que \u201cun refugiado no debe ser devuelto a un pa\u00eds donde enfrenta serias amenazas a su vida o libertad\u201d.<\/p>\n\n\n\n<p>El 4 de octubre de 1967 se cre\u00f3 un Protocolo sobre el Estatuto de los Refugiados para eliminar la \u201climitaci\u00f3n de tiempo y espacio\u201d planteada en la Convenci\u00f3n de 1951, que solo permit\u00eda pedir asilo a los europeos refugiados.<\/p>\n\n\n\n<p>Seg\u00fan la ONU, actualmente pueden pedir refugio \u201clos civiles que se ven obligados a huir de su pa\u00eds a causa de conflictos activos\u201d y quienes demuestren que est\u00e1n siendo perseguidos.<\/p>\n\n\n\n<p><strong>La Iglesia Cat\u00f3lica y su labor con los refugiados<\/strong><\/p>\n\n\n\n<p>La Iglesia Cat\u00f3lica tambi\u00e9n se ha pronunciado sobre la problem\u00e1tica de los refugiados, migrantes y desplazados, y ha llamado a los fieles a acogerlos en numerosas ocasiones.<\/p>\n\n\n\n<p>En el 2013, el Pontificio Consejo para la Pastoral de los Emigrantes e Itinerantes se\u00f1al\u00f3 que \u201cla migraci\u00f3n ha cambiado y est\u00e1 destinada a aumentar en las futuras d\u00e9cadas\u201d. Asimismo, afirm\u00f3 que el compromiso de la Iglesia Cat\u00f3lica hacia los migrantes y refugiados se atribuye al amor y la compasi\u00f3n de Jes\u00fas, el Buen Samaritano.<\/p>\n\n\n\n<p>En ese sentido, cit\u00f3 a los dos \u00faltimos pont\u00edfices de la historia de la Iglesia para explicar que al atender las necesidades espirituales y pastorales de los migrantes, se promueve su dignidad humana y se proclama el Evangelio del amor y de la paz.<\/p>\n\n\n\n<p>En la primera enc\u00edclica de Benedicto XVI llamada&nbsp;<em>Deus caritas est<\/em>&nbsp;(Dios es Amor) del 25 de diciembre de 2005, el Papa Em\u00e9rito afirm\u00f3 que el amor trasciende cualquier tipo de frontera o de distinci\u00f3n:<\/p>\n\n\n\n<p>\u00abLa Iglesia es la familia de Dios en el mundo. En esta familia no debe haber nadie que sufra por falta de lo necesario. Pero, al mismo tiempo, la&nbsp;<em>caritas-agap\u00e9<\/em>&nbsp;supera los confines de la Iglesia; la par\u00e1bola del buen Samaritano sigue siendo el criterio de comportamiento y muestra la universalidad del amor que se dirige hacia el necesitado encontrado &#8216;casualmente&#8217;, quienquiera que sea\u00bb.<\/p>\n\n\n\n<p>Asimismo, el Papa Francisco relacion\u00f3 el tema con la Resurrecci\u00f3n y actitud personal, exhortando a dejar que la fuerza del amor de Cristo transforme nuestras vidas para ser instrumentos de misericordia que Dios use para \u201chacer florecer la justicia&nbsp; y la paz\u201d.<\/p>\n\n\n\n<p>Esto implica \u201cque cambie el odio en amor, la venganza en perd\u00f3n, la guerra en paz. S\u00ed, Cristo es nuestra paz, e imploremos por medio de \u00c9l la paz para el mundo entero [&#8230;], y que cese definitivamente toda violencia, y, sobre todo, para la [&#8230;] poblaci\u00f3n afectada por el conflicto y los tantos refugiados que est\u00e1n esperando ayuda y consuelo\u201d, se\u00f1al\u00f3 el Papa Francisco en su mensaje Urbi et Orbi del 31 de marzo de 2013.<\/p>\n\n\n\n<p>Paz para aquellos que \u201cse ven obligados a abandonar sus hogares y viven todav\u00eda con miedo [&#8230;], para que se superen las divergencias y madure un renovado esp\u00edritu de reconciliaci\u00f3n\u201d, a\u00f1adi\u00f3.<\/p>\n\n\n\n<p>En julio de ese mismo a\u00f1o, el Papa Francisco realiz\u00f3 su primera visita pastoral fuera de Roma como pont\u00edfice. El lugar elegido fue la isla italiana de Lampedusa, donde se reuni\u00f3 con 50 inmigrantes, entre j\u00f3venes somal\u00edes y eritreos que como tantos otros atraviesan los mares arriesgando sus vidas para llegar a Europa.<\/p>\n\n\n\n<p>Este a\u00f1o, en su mensaje para la 108\u00b0 Jornada Mundial del Migrante y del Refugiado 2022, que la Iglesia Cat\u00f3lica celebrar\u00e1 el 25 de septiembre, el Papa Francisco dijo que \u201cnadie debe ser excluido\u201d y afirm\u00f3 que Dios tambi\u00e9n quiere construir su Reino con los \u201cmigrantes y refugiados, desplazados y v\u00edctimas de la trata\u201d.<\/p>\n\n\n\n<p>El Santo Padre dijo que \u201cconstruir el futuro con los migrantes y los refugiados significa tambi\u00e9n reconocer y valorar lo que cada uno de ellos puede aportar al proceso de edificaci\u00f3n\u201d. \u201cMe gusta ver este enfoque del fen\u00f3meno migratorio en una visi\u00f3n prof\u00e9tica de Isa\u00edas, en la que los extranjeros no figuran como invasores y destructores, sino como trabajadores bien dispuestos que reconstruyen las murallas de la Nueva Jerusal\u00e9n, la Jerusal\u00e9n abierta a todos los pueblos\u201d, expres\u00f3.<\/p>\n\n\n\n<p>El Papa Francisco concluy\u00f3 su mensaje llamando a construir hoy el futuro con los migrantes y refugiados. \u201cNo podemos dejar a las pr\u00f3ximas generaciones la responsabilidad de decisiones que es necesario tomar ahora, para que el proyecto de Dios sobre el mundo pueda realizarse y venga su Reino de justicia, de fraternidad y de paz\u201d, afirm\u00f3.<\/p>\n\n\n\n<p>Fuente: https:\/\/www.aciprensa.com\/noticias\/hoy-se-conmemora-el-dia-mundial-de-los-refugiados-31016<\/p>\n","protected":false},"excerpt":{"rendered":"<p>REDACCI\u00d3N ACI PRENSA El 4 de diciembre del a\u00f1o 2000, la Oficina del Alto Comisionado de las Naciones Unidas para [&hellip;]<\/p>\n","protected":false},"author":1,"featured_media":30332,"comment_status":"open","ping_status":"open","sticky":false,"template":"","format":"standard","meta":{"site-sidebar-layout":"default","site-content-layout":"","ast-site-content-layout":"default","site-content-style":"default","site-sidebar-style":"default","ast-global-header-display":"","ast-banner-title-visibility":"","ast-main-header-display":"","ast-hfb-above-header-display":"","ast-hfb-below-header-display":"","ast-hfb-mobile-header-display":"","site-post-title":"","ast-breadcrumbs-content":"","ast-featured-img":"","footer-sml-layout":"","theme-transparent-header-meta":"","adv-header-id-meta":"","stick-header-meta":"","header-above-stick-meta":"","header-main-stick-meta":"","header-below-stick-meta":"","astra-migrate-meta-layouts":"default","ast-page-background-enabled":"default","ast-page-background-meta":{"desktop":{"background-color":"var(--ast-global-color-4)","background-image":"","background-repeat":"repeat","background-position":"center center","background-size":"auto","background-attachment":"scroll","background-type":"","background-media":"","overlay-type":"","overlay-color":"","overlay-opacity":"","overlay-gradient":""},"tablet":{"background-color":"","background-image":"","background-repeat":"repeat","background-position":"center center","background-size":"auto","background-attachment":"scroll","background-type":"","background-media":"","overlay-type":"","overlay-color":"","overlay-opacity":"","overlay-gradient":""},"mobile":{"background-color":"","background-image":"","background-repeat":"repeat","background-position":"center center","background-size":"auto","background-attachment":"scroll","background-type":"","background-media":"","overlay-type":"","overlay-color":"","overlay-opacity":"","overlay-gradient":""}},"ast-content-background-meta":{"desktop":{"background-color":"var(--ast-global-color-5)","background-image":"","background-repeat":"repeat","background-position":"center center","background-size":"auto","background-attachment":"scroll","background-type":"","background-media":"","overlay-type":"","overlay-color":"","overlay-opacity":"","overlay-gradient":""},"tablet":{"background-color":"var(--ast-global-color-5)","background-image":"","background-repeat":"repeat","background-position":"center center","background-size":"auto","background-attachment":"scroll","background-type":"","background-media":"","overlay-type":"","overlay-color":"","overlay-opacity":"","overlay-gradient":""},"mobile":{"background-color":"var(--ast-global-color-5)","background-image":"","background-repeat":"repeat","background-position":"center center","background-size":"auto","background-attachment":"scroll","background-type":"","background-media":"","overlay-type":"","overlay-color":"","overlay-opacity":"","overlay-gradient":""}},"footnotes":""},"categories":[8],"tags":[10879],"class_list":["post-30331","post","type-post","status-publish","format-standard","has-post-thumbnail","hentry","category-noticias","tag-dia-mundial-de-los-refugiados"],"_links":{"self":[{"href":"https:\/\/losperiodistas.com.mx\/portal\/wp-json\/wp\/v2\/posts\/30331","targetHints":{"allow":["GET"]}}],"collection":[{"href":"https:\/\/losperiodistas.com.mx\/portal\/wp-json\/wp\/v2\/posts"}],"about":[{"href":"https:\/\/losperiodistas.com.mx\/portal\/wp-json\/wp\/v2\/types\/post"}],"author":[{"embeddable":true,"href":"https:\/\/losperiodistas.com.mx\/portal\/wp-json\/wp\/v2\/users\/1"}],"replies":[{"embeddable":true,"href":"https:\/\/losperiodistas.com.mx\/portal\/wp-json\/wp\/v2\/comments?post=30331"}],"version-history":[{"count":1,"href":"https:\/\/losperiodistas.com.mx\/portal\/wp-json\/wp\/v2\/posts\/30331\/revisions"}],"predecessor-version":[{"id":30333,"href":"https:\/\/losperiodistas.com.mx\/portal\/wp-json\/wp\/v2\/posts\/30331\/revisions\/30333"}],"wp:featuredmedia":[{"embeddable":true,"href":"https:\/\/losperiodistas.com.mx\/portal\/wp-json\/wp\/v2\/media\/30332"}],"wp:attachment":[{"href":"https:\/\/losperiodistas.com.mx\/portal\/wp-json\/wp\/v2\/media?parent=30331"}],"wp:term":[{"taxonomy":"category","embeddable":true,"href":"https:\/\/losperiodistas.com.mx\/portal\/wp-json\/wp\/v2\/categories?post=30331"},{"taxonomy":"post_tag","embeddable":true,"href":"https:\/\/losperiodistas.com.mx\/portal\/wp-json\/wp\/v2\/tags?post=30331"}],"curies":[{"name":"wp","href":"https:\/\/api.w.org\/{rel}","templated":true}]}}