{"id":30328,"date":"2022-06-20T06:55:54","date_gmt":"2022-06-20T11:55:54","guid":{"rendered":"http:\/\/losperiodistas.com.mx\/portal\/?p=30328"},"modified":"2022-06-20T06:55:56","modified_gmt":"2022-06-20T11:55:56","slug":"si-me-toca-apagar-la-luz-en-el-pri-lo-hare-con-dolor-sauri-la-lista","status":"publish","type":"post","link":"https:\/\/losperiodistas.com.mx\/portal\/si-me-toca-apagar-la-luz-en-el-pri-lo-hare-con-dolor-sauri-la-lista\/","title":{"rendered":"Si me toca apagar la luz en el PRI, lo har\u00e9 con dolor: Sauri | La Lista"},"content":{"rendered":"\n<p><em>El PRI \u201cha sufrido una reducci\u00f3n y deterioro de su presencia\u201d, reconoce la ex presidenta de ese partido, Dulce Mar\u00eda Sauri.<\/em><\/p>\n\n\n\n<p><\/p>\n\n\n\n<figure class=\"wp-block-embed is-type-video is-provider-youtube wp-block-embed-youtube wp-embed-aspect-16-9 wp-has-aspect-ratio\"><div class=\"wp-block-embed__wrapper\">\n<iframe title=\"Si me toca apagar la luz en el PRI, lo har\u00e9 con dolor: Sauri\" width=\"500\" height=\"281\" src=\"https:\/\/www.youtube.com\/embed\/YfJUqBPUfyM?feature=oembed\" frameborder=\"0\" allow=\"accelerometer; autoplay; clipboard-write; encrypted-media; gyroscope; picture-in-picture; web-share\" referrerpolicy=\"strict-origin-when-cross-origin\" allowfullscreen><\/iframe>\n<\/div><\/figure>\n\n\n\n<p><\/p>\n\n\n\n<p class=\"has-vivid-cyan-blue-color has-text-color has-medium-font-size\">GUSTAVO S\u00c1NCHEZ BEN\u00cdTEZ \/ LA LISTA<\/p>\n\n\n\n<p>Si alguien sabe de derrotas es&nbsp;<strong>Dulce Mar\u00eda Sauri<\/strong>. Hace 22 a\u00f1os, el 2 de julio del a\u00f1o 2000, vio como presidenta nacional del PRI el derrumbe de su partido, que perdi\u00f3 la&nbsp;<strong>Presidencia despu\u00e9s de 70 a\u00f1os en el poder<\/strong>.&nbsp;<\/p>\n\n\n\n<p>Aunque la recuper\u00f3 en el 2012 con\u00a0<strong>Enrique Pe\u00f1a Nieto<\/strong>, desde la derrota en 2018 todo para el PRI ha sido cuesta arriba. Ya no cuentan triunfos sino territorios perdidos, los m\u00e1s recientes en\u00a0<strong>Oaxaca e Hidalgo<\/strong>.\u00a0<\/p>\n\n\n\n<p>Sauri ve la crisis pero se mantiene firme: \u201c<strong>Soy mujer de un solo marido y de un solo partido\u2026 si me toca cerrar la puerta y apagar la luz, lo har\u00e9 con un enorme dolor de coraz\u00f3n pero lo har\u00e9\u201d.<\/strong>&nbsp;<\/p>\n\n\n\n<p>El martes pasado, junto con un grupo de ex presidentes y l\u00edderes del PRI, Sauri acudi\u00f3 a reunirse con el actual dirigente nacional, Alejandro Moreno, a quien en general le pidieron reflexionar sobre su permanencia en el cargo.&nbsp;<\/p>\n\n\n\n<p>\u201cYo al igual que los ex presidentes que estuvimos en esta reuni\u00f3n del martes pasado, hice un exhorto a la reflexi\u00f3n al presidente nacional del PRI sobre la pertinencia de continuar en la presidencia, sin embargo yo he reiterado que nada ser\u00eda m\u00e1s da\u00f1ino para el PRI que una disputa por la presidencia del partido. Cuando hablo de disputa hablo de acciones, actitudes, que lleven o que traten de presionar para la renuncia.&nbsp;<\/p>\n\n\n\n<figure class=\"wp-block-image\"><img decoding=\"async\" src=\"https:\/\/i0.wp.com\/la-lista.com\/wp-content\/uploads\/2022\/06\/sauri_alito_reunion.jpeg?resize=680%2C453&amp;ssl=1\" alt=\"Si me toca apagar la luz en el PRI, lo har\u00e9 con dolor: Sauri - sauri_alito_reunion\" class=\"wp-image-205337\"\/><\/figure>\n\n\n\n<p>\u201cPorque desde el punto de vista de los estatutos, esta dirigencia fue electa en agosto de 2019, tiene un mandato que concluye el 19 de agosto de 2023 y solo un acto personal\u00edsimo, voluntario, de su presidente y de su secretaria general, de renunciar, podr\u00eda traer los cambios en el Comit\u00e9 Ejecutivo Nacional, pero reitero: voluntario, personal.&nbsp;<\/p>\n\n\n\n<p>\u201cEl presidente del partido (Alejandro Moreno) fue muy claro y contundente en el sentido de su disposici\u00f3n, su voluntad de&nbsp;<strong>continuar hasta la conclusi\u00f3n del mandato, o sea hasta agosto del a\u00f1o pr\u00f3ximo<\/strong>.&nbsp;<\/p>\n\n\n\n<p>\u201cEl proceso con todos sus asegunes, porque los hubo en su momento, que llev\u00f3 incluso a la renuncia a la militancia en el PRI del doctor&nbsp;<strong>Jos\u00e9 Narro,&nbsp;<\/strong>de<strong>&nbsp;Ivonne Ortega<\/strong>, por citar dos priistas connotados que estaban buscando la dirigencia nacional, con todos estos problemas fue un proceso al que acudieron una buena cantidad de militantes del partido y votaron, entonces en ese sentido es la dirigencia electa, legal, pero la legitimidad es la que se gana en el ejercicio del cargo y buena parte tiene que ver con los resultados, en primer lugar electorales, pero tambi\u00e9n otros resultados de negociaci\u00f3n pol\u00edtica, de suma, etc\u00e9tera.&nbsp;<\/p>\n\n\n\n<p>\u201cEl llamado a la reflexi\u00f3n que todos hicimos,&nbsp;<strong>solo un ex presidente fue muy tajante en el sentido de un exhorto directo a la renuncia<\/strong>, los dem\u00e1s con matices pero la invitaci\u00f3n fue a la reflexi\u00f3n\u201d, expone Sauri en entrevista para La-Lista, en un Zoom que toma desde su casa en Yucat\u00e1n, a donde se fue a refugiar luego de dejar la C\u00e1mara de Diputados a mediados del a\u00f1o pasado.&nbsp;<\/p>\n\n\n\n<p>La crisis en el PRI es evidente para Sauri, pues su partido \u201c<strong>ha sufrido una reducci\u00f3n y deterioro de su presencia<\/strong>\u201d. Pero a\u00fan as\u00ed es optimista y dice que \u201ccomo dice el refr\u00e1n popular:&nbsp;<strong>m\u00e1s tiene el rico cuando empobrece que el pobre cuando enriquece<\/strong>\u201d.&nbsp;<\/p>\n\n\n\n<p>Entonces repasa la historia del tricolor: \u201cun partido pol\u00edtico creado desde 1929, que gobernaba hasta hace 20 a\u00f1os pr\u00e1cticamente en todo el pa\u00eds, que ten\u00eda mayor\u00eda en las c\u00e1maras de diputados y senadores y que hab\u00eda ganado interrumpidamente la presidencia de la rep\u00fablica hasta el a\u00f1o 2000, o sea es ese rico que empez\u00f3 a empobrecer a lo largo de las primeras dos d\u00e9cadas del siglo XXI\u201d.&nbsp;<\/p>\n\n\n\n<h2 class=\"wp-block-heading\" id=\"h-que-pri-pida-perdon-sauri\">\u201cQue PRI pida perd\u00f3n\u201d: Sauri<\/h2>\n\n\n\n<p>Para Dulce Mar\u00eda Sauri es tiempo de que<strong>&nbsp;el PRI pida perd\u00f3n a la ciudadan\u00eda<\/strong>, primero por los casos de corrupci\u00f3n pero tambi\u00e9n \u201cpor no haber hecho lo suficiente\u201d por ejemplo para que reducir el n\u00famero de pobres en el pa\u00eds.&nbsp;<\/p>\n\n\n\n<p>\u201cEl PRI tendr\u00eda que pedirle perd\u00f3n a la sociedad mexicana por no haber hecho lo suficiente, por no haber entendido que la confianza que le dio el electorado en 2012 era una confianza para hacer lo que sabemos hacer mejor, no s\u00f3lo gobernar, que lo hacemos bien, sino impulsar los grandes cambios que requiere el pa\u00eds\u201d, subraya.&nbsp;<\/p>\n\n\n\n<p>Sauri acepta que alrededor de 60% de los mexicanos dicen ahora que nunca votar\u00edan por el PRI, \u201chay un rechazo que rebasa la mitad de los posibles votantes, ese es un reto gigantesco\u201d.&nbsp;<\/p>\n\n\n\n<p>Uno de esos lugares donde el rechazo fue a\u00fan mayor es Quintana Roo, donde en la pasada elecci\u00f3n estuvieron cerca de perder el registro.&nbsp;<\/p>\n\n\n\n<p>\u201cEn Quintana Roo si s\u00f3lo hubiese sido elecci\u00f3n de gobernador hubi\u00e9ramos perdido el registro estatal, por primera vez en toda nuestra larga historia. Y el caso de Oaxaca es un caso tambi\u00e9n muy preocupante, es un estado que habiendo gobernado el PRI durante muchos a\u00f1os, que tuvo un gobierno de oposici\u00f3n y luego nuevamente del PRI, la votaci\u00f3n a favor de Morena fue muy alta, alrededor de 60%, por cierto con menos de 40% de participaci\u00f3n en un estado caracterizado siempre por una amplia participaci\u00f3n electoral\u201d, explica.&nbsp;<\/p>\n\n\n\n<figure class=\"wp-block-image\"><img decoding=\"async\" src=\"https:\/\/i0.wp.com\/la-lista.com\/wp-content\/uploads\/2022\/06\/resultados_elecciones_quintana_roo.jpg?resize=800%2C390&amp;ssl=1\" alt=\"Si me toca apagar la luz en el PRI, lo har\u00e9 con dolor: Sauri - resultados_elecciones_quintana_roo-1280x624\" class=\"wp-image-198843\"\/><\/figure>\n\n\n\n<p>\u2013<strong>\u00bfVe traici\u00f3n?<\/strong>-, se le pregunta.&nbsp;<\/p>\n\n\n\n<p>Y ella ataja: \u201cLo m\u00e1s f\u00e1cil cuando hay una derrota es buscar traidores, si es posible ponerlos en la picota y fusilarlos. Esa salida facilona de los culpables nos impide hacer un an\u00e1lisis profundo de las causas que culminan con una derrota electoral\u201d.&nbsp;<\/p>\n\n\n\n<p>Una de esas causas es que varios pasaron de sus filas a las de Morena. Y pone de ejemplo a los gobernadores electos en Tamaulipas e Hidalgo, quienes pertenec\u00edan al PRI y ahora son del partido guinda.&nbsp;No te pierdas:<a href=\"https:\/\/la-lista.com\/politica\/2022\/06\/06\/viejos-priistas-si-ganan-elecciones-pero-con-otros-partidos-politicos\">Viejos priistas siguen ganando elecciones\u2026 pero con otros partidos pol\u00edticos<\/a><\/p>\n\n\n\n<p>Para Sauri fue una decisi\u00f3n acertada&nbsp;<strong>la alianza de su partido con el PAN y PRD<\/strong>, pues ha mostrado resultados sobre todo en el \u00e1mbito legislativo donde el a\u00f1o pasado lograron impedir la mayor\u00eda calificada de Morena.&nbsp;<\/p>\n\n\n\n<p>\u201cLos tres partidos tienen la capacidad de hacer perder, tienen un porcentaje de votaci\u00f3n que puede hacer muy dif\u00edcil por no decir imposible el triunfo electoral del partido que sea mayoritario\u201d, asegura.&nbsp;<\/p>\n\n\n\n<p>Y rechaza que el PRI est\u00e9 en peligro de desaparecer: \u201cUn partido que puede acreditar con resultados electorales alrededor de&nbsp;<strong>18%&nbsp;<\/strong>de la votaci\u00f3n nacional, no es un partido que hoy est\u00e9 en v\u00edas de extinci\u00f3n, sin embargo Quintana Roo es un espejo muy poderoso para mirarnos, hay regiones del pa\u00eds donde la votaci\u00f3n del PRI ha descendido en forma significativa, especialmente en aquellos estados donde se ha creado la hegemon\u00eda de Morena sobre la captaci\u00f3n de cuadros del PRI\u201d.&nbsp;<\/p>\n\n\n\n<p>Ahora Sauri ve que el presidente&nbsp;<strong>Andr\u00e9s Manuel L\u00f3pez Obrador<\/strong>&nbsp;quedar\u00e1 a deber sobre todo en su promesa de \u201cprimero los pobres\u201d, pues estos han aumentado en el sexenio. Y tiene un deseo sobre el pr\u00f3ximo mandatario federal:&nbsp; \u201cYo espero que el pr\u00f3ximo o la pr\u00f3xima presidenta no hable todos los d\u00edas hora y media o dos horas,&nbsp;<strong>no sabe c\u00f3mo aprecio el silencio ahora<\/strong>\u201d.&nbsp;<\/p>\n\n\n\n<p>Quien llegue a la Presidencia en&nbsp;<strong>2024<\/strong>, anticipa la priista, recibir\u00e1 un pa\u00eds con m\u00e1s ingobernabilidad y mayores rezagos que los de seis a\u00f1os atr\u00e1s. Adem\u00e1s de que habr\u00e1 \u201cuna presidencia que no va a tener el carisma del presidente AMLO\u201d, por lo que le preocupa que quien llegue \u201cintente emular\u201d a L\u00f3pez Obrador.&nbsp;<\/p>\n\n\n\n<p>Por lo pronto, Sauri se queda en el PRI, ya sea para ayudarlo a regresar a la Presidencia a trav\u00e9s de una coalici\u00f3n de partidos. O como ella dice: para cerrar la puerta y apagar la luz.\u00a0<\/p>\n\n\n\n<p>Fuente: https:\/\/la-lista.com\/mexico\/2022\/06\/20\/si-me-toca-apagar-la-luz-en-el-pri-lo-hare-con-dolor-sauri<\/p>\n","protected":false},"excerpt":{"rendered":"<p>El PRI \u201cha sufrido una reducci\u00f3n y deterioro de su presencia\u201d, reconoce la ex presidenta de ese partido, Dulce Mar\u00eda [&hellip;]<\/p>\n","protected":false},"author":1,"featured_media":30329,"comment_status":"open","ping_status":"open","sticky":false,"template":"","format":"standard","meta":{"site-sidebar-layout":"default","site-content-layout":"","ast-site-content-layout":"default","site-content-style":"default","site-sidebar-style":"default","ast-global-header-display":"","ast-banner-title-visibility":"","ast-main-header-display":"","ast-hfb-above-header-display":"","ast-hfb-below-header-display":"","ast-hfb-mobile-header-display":"","site-post-title":"","ast-breadcrumbs-content":"","ast-featured-img":"","footer-sml-layout":"","theme-transparent-header-meta":"","adv-header-id-meta":"","stick-header-meta":"","header-above-stick-meta":"","header-main-stick-meta":"","header-below-stick-meta":"","astra-migrate-meta-layouts":"default","ast-page-background-enabled":"default","ast-page-background-meta":{"desktop":{"background-color":"var(--ast-global-color-4)","background-image":"","background-repeat":"repeat","background-position":"center center","background-size":"auto","background-attachment":"scroll","background-type":"","background-media":"","overlay-type":"","overlay-color":"","overlay-opacity":"","overlay-gradient":""},"tablet":{"background-color":"","background-image":"","background-repeat":"repeat","background-position":"center center","background-size":"auto","background-attachment":"scroll","background-type":"","background-media":"","overlay-type":"","overlay-color":"","overlay-opacity":"","overlay-gradient":""},"mobile":{"background-color":"","background-image":"","background-repeat":"repeat","background-position":"center center","background-size":"auto","background-attachment":"scroll","background-type":"","background-media":"","overlay-type":"","overlay-color":"","overlay-opacity":"","overlay-gradient":""}},"ast-content-background-meta":{"desktop":{"background-color":"var(--ast-global-color-5)","background-image":"","background-repeat":"repeat","background-position":"center center","background-size":"auto","background-attachment":"scroll","background-type":"","background-media":"","overlay-type":"","overlay-color":"","overlay-opacity":"","overlay-gradient":""},"tablet":{"background-color":"var(--ast-global-color-5)","background-image":"","background-repeat":"repeat","background-position":"center center","background-size":"auto","background-attachment":"scroll","background-type":"","background-media":"","overlay-type":"","overlay-color":"","overlay-opacity":"","overlay-gradient":""},"mobile":{"background-color":"var(--ast-global-color-5)","background-image":"","background-repeat":"repeat","background-position":"center center","background-size":"auto","background-attachment":"scroll","background-type":"","background-media":"","overlay-type":"","overlay-color":"","overlay-opacity":"","overlay-gradient":""}},"footnotes":""},"categories":[8],"tags":[1964,3579,1978],"class_list":["post-30328","post","type-post","status-publish","format-standard","has-post-thumbnail","hentry","category-noticias","tag-alejandro-moreno","tag-dulce-m-sauri","tag-pri"],"_links":{"self":[{"href":"https:\/\/losperiodistas.com.mx\/portal\/wp-json\/wp\/v2\/posts\/30328","targetHints":{"allow":["GET"]}}],"collection":[{"href":"https:\/\/losperiodistas.com.mx\/portal\/wp-json\/wp\/v2\/posts"}],"about":[{"href":"https:\/\/losperiodistas.com.mx\/portal\/wp-json\/wp\/v2\/types\/post"}],"author":[{"embeddable":true,"href":"https:\/\/losperiodistas.com.mx\/portal\/wp-json\/wp\/v2\/users\/1"}],"replies":[{"embeddable":true,"href":"https:\/\/losperiodistas.com.mx\/portal\/wp-json\/wp\/v2\/comments?post=30328"}],"version-history":[{"count":1,"href":"https:\/\/losperiodistas.com.mx\/portal\/wp-json\/wp\/v2\/posts\/30328\/revisions"}],"predecessor-version":[{"id":30330,"href":"https:\/\/losperiodistas.com.mx\/portal\/wp-json\/wp\/v2\/posts\/30328\/revisions\/30330"}],"wp:featuredmedia":[{"embeddable":true,"href":"https:\/\/losperiodistas.com.mx\/portal\/wp-json\/wp\/v2\/media\/30329"}],"wp:attachment":[{"href":"https:\/\/losperiodistas.com.mx\/portal\/wp-json\/wp\/v2\/media?parent=30328"}],"wp:term":[{"taxonomy":"category","embeddable":true,"href":"https:\/\/losperiodistas.com.mx\/portal\/wp-json\/wp\/v2\/categories?post=30328"},{"taxonomy":"post_tag","embeddable":true,"href":"https:\/\/losperiodistas.com.mx\/portal\/wp-json\/wp\/v2\/tags?post=30328"}],"curies":[{"name":"wp","href":"https:\/\/api.w.org\/{rel}","templated":true}]}}