{"id":3017,"date":"2021-01-06T06:51:30","date_gmt":"2021-01-06T12:51:30","guid":{"rendered":"http:\/\/losperiodistas.com.mx\/portal\/?p=3017"},"modified":"2021-01-06T06:51:30","modified_gmt":"2021-01-06T12:51:30","slug":"morena-te-dejo-sin-candidatura-para-gobernador-el-pan-y-va-por-mexico-te-reciben-anuncia-cortes-sinembargo","status":"publish","type":"post","link":"https:\/\/losperiodistas.com.mx\/portal\/morena-te-dejo-sin-candidatura-para-gobernador-el-pan-y-va-por-mexico-te-reciben-anuncia-cortes-sinembargo\/","title":{"rendered":"\u00bfMorena te dej\u00f3 sin candidatura para Gobernador? El PAN y Va por M\u00e9xico te reciben, anuncia Cort\u00e9s | SinEmbargo"},"content":{"rendered":"\n<p style=\"font-size:18px\"><em>El 22 de diciembre, los partidos\u00a0Acci\u00f3n Nacional\u00a0(PAN), Revolucionario Institucional (PRI) y de la Revoluci\u00f3n Democr\u00e1tica (PRD) anunciaron formalmente que ir\u00e1n juntos en la elecci\u00f3n de 2021. Lo har\u00e1n a trav\u00e9s de la coalici\u00f3n\u00a0Va por M\u00e9xico\u00a0para postular candidatos comunes.<\/em><\/p>\n\n\n\n<p class=\"has-vivid-cyan-blue-color has-text-color has-medium-font-size\">REDACCI\u00d3N SIN EMBARGO<\/p>\n\n\n\n<p>Ciudad de M\u00e9xico, 5 de enero (SinEmbargo).- El&nbsp;<strong>Partido Acci\u00f3n Nacional<\/strong>&nbsp;(PAN) y&nbsp;<strong>Va Por M\u00e9xico<\/strong>, la alianza que se arm\u00f3 con los partidos opositores al&nbsp;<strong>Movimiento Regeneraci\u00f3n Nacional<\/strong>&nbsp;(Morena), abren las puertas a los que el&nbsp;<strong>partido dirigido<\/strong>&nbsp;por Mario Delgado dej\u00f3&nbsp;<strong>sin candidatura<\/strong>&nbsp;para Gobernador.<\/p>\n\n\n\n<blockquote class=\"wp-block-quote is-style-large is-layout-flow wp-block-quote-is-layout-flow\"><p>\u201cToda la gente de bien que quiera sumar en Acci\u00f3n Nacional o en la coalici\u00f3n Va por M\u00e9xico es bienvenida, pero pasa por el reconocimiento p\u00fablico de que en M\u00e9xico las cosas son un desastre, de que las cosas no se han hecho bien y que se necesita un golpe de tim\u00f3n, una correcci\u00f3n y un equilibrio\u201d, dijo Marko Cort\u00e9s, presidente del partido blanquiazul durante una conferencia virtual.<\/p><\/blockquote>\n\n\n\n<p>Cort\u00e9s habl\u00f3 sobre Crist\u00f3bal Arias, quien contend\u00eda por la candidatura de Morena para ir a las elecciones de 2021 en Michoac\u00e1n. Dijo que se encontraba mejor posicionado en las encuestas que Ra\u00fal Mor\u00f3n, quien fue elegido por el partido fundado por el hoy Presidente Andr\u00e9s Manuel L\u00f3pez Obrador. <\/p>\n\n\n\n<p>Seg\u00fan el l\u00edder panista, Va Por M\u00e9xico llevar\u00e1 a cabo un an\u00e1lisis de todas las posibilidades para evitar que Morena siga ganando elecciones.<img fetchpriority=\"high\" decoding=\"async\" src=\"https:\/\/i0.wp.com\/sinembargo.mx\/wp-content\/uploads\/2021\/01\/cuartoscuro_785507_digital.jpeg\" alt=\"\" width=\"700\" height=\"467\" srcset=\"https:\/\/i0.wp.com\/sinembargo.mx\/wp-content\/uploads\/2021\/01\/cuartoscuro_785507_digital.jpeg 700w, https:\/\/i0.wp.com\/sinembargo.mx\/wp-content\/uploads\/2021\/01\/cuartoscuro_785507_digital-300x200.jpeg 300w\"><\/p>\n\n\n\n<p>Marko Cort\u00e9s. Foto: Cuartoscuro.<\/p>\n\n\n\n<p>\u201cLa luna de miel se ha acabado, es pura demagogia, es pura simulaci\u00f3n. Las encuestas no las realizan, est\u00e1 claro que no est\u00e1n escuchando a la gente, est\u00e1n seleccionando con el dedo del Presidente qui\u00e9n quieren que sea el candidato. No es un partido pol\u00edtico ni aspira a ser democr\u00e1tico, simplemente es una borregada detr\u00e1s de su l\u00edder. Mont\u00f3n de expriistas, por cierto, lo peor del PRI, lo peor de todos los partidos est\u00e1 en Morena\u201d, se\u00f1al\u00f3 Marko Cort\u00e9s.<img decoding=\"async\" src=\"https:\/\/i0.wp.com\/sinembargo.mx\/wp-content\/uploads\/2020\/12\/villoro.jpeg\" alt=\"\"><\/p>\n\n\n\n<h4 class=\"wp-block-heading\"><a href=\"https:\/\/www.sinembargo.mx\/07-12-2020\/3906364\">VER M\u00c1S<\/a><\/h4>\n\n\n\n<h5 class=\"wp-block-heading\"><a href=\"https:\/\/www.sinembargo.mx\/07-12-2020\/3906364\">La alianza PRI-PAN es el fin de las ideolog\u00edas; lo deseable ser\u00eda que desaparecieran, dice Juan Villoro<\/a><\/h5>\n\n\n\n<p>El 22 de diciembre, los partidos&nbsp;Acci\u00f3n Nacional&nbsp;(PAN), Revolucionario Institucional (PRI) y de la Revoluci\u00f3n Democr\u00e1tica (PRD) anunciaron formalmente que ir\u00e1n juntos en la elecci\u00f3n de 2021. Lo har\u00e1n a trav\u00e9s de la coalici\u00f3n&nbsp;Va por M\u00e9xico&nbsp;para postular candidatos comunes.<\/p>\n\n\n\n<p>Marko Cort\u00e9s, dirigente nacional del PAN, agradeci\u00f3 ese d\u00eda a todos los que se han reunido a esfuerzo, incluyendo a los miembros de la sociedad civil. \u201cEn este momento tan complejo del pa\u00eds estamos actuando por amor a M\u00e9xico\u201d. <video preload=\"none\" src=\"https:\/\/nv.vi-serve.com\/vis-media\/922\/1639\/sFAOT3UBkrtvorUWZuE6_720p.mp4\"><\/p>\n\n\n\n<p>Plante\u00f3 que la sociedad civil pidi\u00f3 dejar de lado sus \u201cclaras diferencias\u201d para unirse por la defensa \u201cde la democracia, por la libertad y construir el M\u00e9xico de instituciones\u201d. Los une la amenaza que hoy vivimos todos, agreg\u00f3, adem\u00e1s, reconoci\u00f3 que no fue una decisi\u00f3n f\u00e1cil porque Acci\u00f3n Nacional ha sido rival del PRI y record\u00f3 que con el PRD han compartido candidaturas.<\/p>\n\n\n\n<p>\u201cDecimos con firmeza: va por M\u00e9xico, va por la democracia, por el federalismo por las personas por los ni\u00f1os con c\u00e1ncer que han sido abandonados, por las familias que han perdido a alguien, por quienes trabajan por salir adelante\u201d, a\u00f1adi\u00f3.<\/p>\n\n\n\n<p>Antes de formalizar su alianza, los dirigente del PAN, PRI y PRD ya hab\u00edan anunciado que respaldar\u00edan el movimiento S\u00ed por M\u00e9xico, impulsado por organizaciones civiles y empresarios como Claudio X. Gonz\u00e1lez y Gustavo de Hoyos, quienes celebraron la coalici\u00f3n.<\/p>\n\n\n\n<p>Fuente: https:\/\/www.sinembargo.mx\/05-01-2021\/3919619<\/p>\n","protected":false},"excerpt":{"rendered":"<p>El 22 de diciembre, los partidos\u00a0Acci\u00f3n Nacional\u00a0(PAN), Revolucionario Institucional (PRI) y de la Revoluci\u00f3n Democr\u00e1tica (PRD) anunciaron formalmente que ir\u00e1n [&hellip;]<\/p>\n","protected":false},"author":1,"featured_media":3018,"comment_status":"open","ping_status":"open","sticky":false,"template":"","format":"standard","meta":{"site-sidebar-layout":"default","site-content-layout":"","ast-site-content-layout":"default","site-content-style":"default","site-sidebar-style":"default","ast-global-header-display":"","ast-banner-title-visibility":"","ast-main-header-display":"","ast-hfb-above-header-display":"","ast-hfb-below-header-display":"","ast-hfb-mobile-header-display":"","site-post-title":"","ast-breadcrumbs-content":"","ast-featured-img":"","footer-sml-layout":"","theme-transparent-header-meta":"","adv-header-id-meta":"","stick-header-meta":"","header-above-stick-meta":"","header-main-stick-meta":"","header-below-stick-meta":"","astra-migrate-meta-layouts":"default","ast-page-background-enabled":"default","ast-page-background-meta":{"desktop":{"background-color":"var(--ast-global-color-4)","background-image":"","background-repeat":"repeat","background-position":"center center","background-size":"auto","background-attachment":"scroll","background-type":"","background-media":"","overlay-type":"","overlay-color":"","overlay-opacity":"","overlay-gradient":""},"tablet":{"background-color":"","background-image":"","background-repeat":"repeat","background-position":"center center","background-size":"auto","background-attachment":"scroll","background-type":"","background-media":"","overlay-type":"","overlay-color":"","overlay-opacity":"","overlay-gradient":""},"mobile":{"background-color":"","background-image":"","background-repeat":"repeat","background-position":"center center","background-size":"auto","background-attachment":"scroll","background-type":"","background-media":"","overlay-type":"","overlay-color":"","overlay-opacity":"","overlay-gradient":""}},"ast-content-background-meta":{"desktop":{"background-color":"var(--ast-global-color-5)","background-image":"","background-repeat":"repeat","background-position":"center center","background-size":"auto","background-attachment":"scroll","background-type":"","background-media":"","overlay-type":"","overlay-color":"","overlay-opacity":"","overlay-gradient":""},"tablet":{"background-color":"var(--ast-global-color-5)","background-image":"","background-repeat":"repeat","background-position":"center center","background-size":"auto","background-attachment":"scroll","background-type":"","background-media":"","overlay-type":"","overlay-color":"","overlay-opacity":"","overlay-gradient":""},"mobile":{"background-color":"var(--ast-global-color-5)","background-image":"","background-repeat":"repeat","background-position":"center center","background-size":"auto","background-attachment":"scroll","background-type":"","background-media":"","overlay-type":"","overlay-color":"","overlay-opacity":"","overlay-gradient":""}},"footnotes":""},"categories":[8],"tags":[],"class_list":["post-3017","post","type-post","status-publish","format-standard","has-post-thumbnail","hentry","category-noticias"],"_links":{"self":[{"href":"https:\/\/losperiodistas.com.mx\/portal\/wp-json\/wp\/v2\/posts\/3017","targetHints":{"allow":["GET"]}}],"collection":[{"href":"https:\/\/losperiodistas.com.mx\/portal\/wp-json\/wp\/v2\/posts"}],"about":[{"href":"https:\/\/losperiodistas.com.mx\/portal\/wp-json\/wp\/v2\/types\/post"}],"author":[{"embeddable":true,"href":"https:\/\/losperiodistas.com.mx\/portal\/wp-json\/wp\/v2\/users\/1"}],"replies":[{"embeddable":true,"href":"https:\/\/losperiodistas.com.mx\/portal\/wp-json\/wp\/v2\/comments?post=3017"}],"version-history":[{"count":1,"href":"https:\/\/losperiodistas.com.mx\/portal\/wp-json\/wp\/v2\/posts\/3017\/revisions"}],"predecessor-version":[{"id":3019,"href":"https:\/\/losperiodistas.com.mx\/portal\/wp-json\/wp\/v2\/posts\/3017\/revisions\/3019"}],"wp:featuredmedia":[{"embeddable":true,"href":"https:\/\/losperiodistas.com.mx\/portal\/wp-json\/wp\/v2\/media\/3018"}],"wp:attachment":[{"href":"https:\/\/losperiodistas.com.mx\/portal\/wp-json\/wp\/v2\/media?parent=3017"}],"wp:term":[{"taxonomy":"category","embeddable":true,"href":"https:\/\/losperiodistas.com.mx\/portal\/wp-json\/wp\/v2\/categories?post=3017"},{"taxonomy":"post_tag","embeddable":true,"href":"https:\/\/losperiodistas.com.mx\/portal\/wp-json\/wp\/v2\/tags?post=3017"}],"curies":[{"name":"wp","href":"https:\/\/api.w.org\/{rel}","templated":true}]}}