{"id":30164,"date":"2022-06-17T06:29:10","date_gmt":"2022-06-17T11:29:10","guid":{"rendered":"http:\/\/losperiodistas.com.mx\/portal\/?p=30164"},"modified":"2022-06-17T06:29:12","modified_gmt":"2022-06-17T11:29:12","slug":"alrededor-de-82-4-millones-de-personas-a-nivel-mundial-son-desplazadas-por-la-fuerza-de-su-lugar-de-origen-upress","status":"publish","type":"post","link":"https:\/\/losperiodistas.com.mx\/portal\/alrededor-de-82-4-millones-de-personas-a-nivel-mundial-son-desplazadas-por-la-fuerza-de-su-lugar-de-origen-upress\/","title":{"rendered":"Alrededor de 82.4 millones de personas a nivel mundial, son desplazadas por la fuerza de su lugar de origen\u00a0| Upress"},"content":{"rendered":"\n<p><em>M\u00e9xico por la situaci\u00f3n de la llegada de migrantes de otras partes de Latinoam\u00e9rica, ya posee los cuatro flujos de personas, como es el flujo de tr\u00e1nsito, el flujo de origen, el flujo de destino y el flujo de retorno y Puebla es un estado de tr\u00e1nsito que tambi\u00e9n posee estos cuatro movimientos.<\/em><\/p>\n\n\n\n<figure class=\"wp-block-image size-full\"><img fetchpriority=\"high\" decoding=\"async\" width=\"700\" height=\"540\" src=\"https:\/\/losperiodistas.com.mx\/portal\/wp-content\/uploads\/2022\/06\/160622_Refugiados.jpeg\" alt=\"\" class=\"wp-image-30165\" srcset=\"https:\/\/losperiodistas.com.mx\/portal\/wp-content\/uploads\/2022\/06\/160622_Refugiados.jpeg 700w, https:\/\/losperiodistas.com.mx\/portal\/wp-content\/uploads\/2022\/06\/160622_Refugiados-300x231.jpeg 300w\" sizes=\"(max-width: 700px) 100vw, 700px\" \/><figcaption>Foto: Juan M\u00e9ndez<\/figcaption><\/figure>\n\n\n\n<p class=\"has-vivid-cyan-blue-color has-text-color has-medium-font-size\">JUAN M\u00c9NDEZ \/ UPRESS<\/p>\n\n\n\n<p>Los refugiados en M\u00e9xico y el mundo, es un tema relevante por la problem\u00e1tica social que representa el desplazamiento forzado de personas a trav\u00e9s de las fronteras por cuestiones de violencia, se\u00f1al\u00f3 Derzu Daniel Ram\u00edrez Ortiz, Director de la Licenciatura en Relaciones Internacionales de la UPAEP.<\/p>\n\n\n\n<p>Dijo que se debe tener claro el concepto de refugiado desde el punto de vista jur\u00eddico, y la protecci\u00f3n internacional para aquellas personas que tienen temores fundamentados en considerarse perseguidas por motivos de raza, de religi\u00f3n, nacionalidad, pertenencia a determinado grupo social u opiniones pol\u00edticas que enfrentan condiciones generalizadas de violencia, violaci\u00f3n masiva de derechos humanos o circunstancias que alteren el orden p\u00fablico y a causa de estos temores, no pueden o no quieren regresar a su pa\u00eds de origen.<\/p>\n\n\n\n<p>Derzu Ram\u00edrez expres\u00f3 que a nivel internacional existen ciertas circunstancias que han exacerbado la problem\u00e1tica del desplazamiento forzado de las personas. Agreg\u00f3, \u201choy mismo con la guerra de Ucrania y Rusia, se plantea que hay m\u00e1s de ocho millones de desplazados por este conflicto internacional, adem\u00e1s de las problem\u00e1ticas que existen desde hace a\u00f1os atr\u00e1s en lugares como Irak, Siria, y otros lugares del mundo en donde existe una violencia generalizada y una violaci\u00f3n de derechos humanos, as\u00ed como la existencia de diferentes lugares fallidos&nbsp; en donde tambi\u00e9n existen disputas \u00e9tnicas y todos estas situaciones, provocan el desplazamiento forzado de personas.<\/p>\n\n\n\n<p>Subray\u00f3 que actualmente la ACNUR que es la agencia de las Naciones Unidas para el refugiado estima que existen 82.4 millones de personas a nivel mundial desplazados por la fuerza de su lugar de origen y alrededor de 25 millones de refugiados, es decir, personas que se han acogido al principio jur\u00eddico que acabo de mencionar.<\/p>\n\n\n\n<p>Indic\u00f3 que acorde con los instrumentos internacionales una persona refugiada cuenta con derechos y protecci\u00f3n internacional, pero, son dos los derechos principales que tienen estas personas, el primero se refiere al principio de la no devoluci\u00f3n, es decir, que una persona con temores fundados como sufrir violencia o de que su vida peligre, no sea devuelto a su pa\u00eds de origen por un tercer pa\u00eds ajeno. Y, el segundo principio, es recibir toda la asistencia del estado receptor para poder acceder a sus derechos de forma digna, es decir, que la persona refugiada pueda integrarse en la sociedad que lo acoge.<\/p>\n\n\n\n<p>Se\u00f1al\u00f3 que los pa\u00edses latinoamericanos, algunos sudamericanos y algunas naciones caribe\u00f1as e incluido M\u00e9xico, son pa\u00edses productores de refugiados, porque en muchos de ellos imperan situaciones de violencia bastante importantes y que con el tiempo van creciendo desafortunadamente.<\/p>\n\n\n\n<p>Dijo que la tasa de homicidios en M\u00e9xico es una de las m\u00e1s grandes a nivel mundial con 26 homicidios por cada 100 mil habitantes; en el caso de El Salvador, la tasa de homicidios crece a 37 por cada 100 mil habitantes y en el caso de honduras es de 36 personas por cada 100 mil habitantes y en el caso de M\u00e9xico, hay demarcaciones que son controladas por el crimen organizado que extorsionan y violentan a personas o ciudadanos que los orillan a moverse de manera forzada.<\/p>\n\n\n\n<p>Ram\u00edrez Ortiz refiri\u00f3 que en estos momentos, M\u00e9xico no cuenta con las instituciones s\u00f3lidas y preparadas para acoger todo ese flujo de migrantes que huyen de situaciones de violencia y de c\u00f3mo se est\u00e1n integrando a la sociedad mexicana; adem\u00e1s de que nuestro pa\u00eds se est\u00e1 convirtiendo en un expulsor de refugiados o potenciales refugiados.<\/p>\n\n\n\n<p>En su intervenci\u00f3n,&nbsp;Xamara Navarrete Cisneros, de&nbsp;Servicio Jesuita al Migrante&nbsp;del \u00c1rea de Atenci\u00f3n del Territorio Centro, coment\u00f3 que desde este organismo uno de los principales obst\u00e1culos que han encontrado es la espera que tienen las personas para contar con esta protecci\u00f3n internacional.<\/p>\n\n\n\n<p>Asimismo, expres\u00f3 que tambi\u00e9n este organismo ofrece apoyos de acompa\u00f1amiento en cuanto a salud mental, porque durante el camino de las personas, est\u00e1n expuestas a asaltos, delitos, la vulnerabilidad de ser v\u00edctimas del crimen organizado, entre otros, mientras intenta llegar a su punto de destino.<\/p>\n\n\n\n<p>Abund\u00f3 que se mueven en un escenario en donde el Servicio Jesuita al Migrante, busca proteger a las personas que est\u00e1n en estas condiciones y defenderlos de este miedo y persecuci\u00f3n que sufren desde el pa\u00eds de origen.&nbsp; Adem\u00e1s de que los procesos de atenci\u00f3n para este grupo de personas son muy largos y por ello, es importante establecer redes de apoyos para defender los derechos de estas personas.<\/p>\n\n\n\n<p>Por su parte, Alejandra Dom\u00ednguez,&nbsp;S\u00e1nchez,&nbsp;Asociada de Protecci\u00f3n, del&nbsp;Alto Comisionado de Naciones Unidas para los Refugiados (ACNUR Puebla), enfatiz\u00f3 que M\u00e9xico por la situaci\u00f3n de la llegada de migrantes de otras partes de Latinoam\u00e9rica, ya posee los cuatro flujos de personas, como es el flujo de tr\u00e1nsito, el flujo de origen, el flujo de destino y el flujo de retorno y Puebla es un estado de tr\u00e1nsito que tambi\u00e9n posee estos cuatro movimientos.<\/p>\n\n\n\n<p>Manifest\u00f3 que la situaci\u00f3n que hay en el Tri\u00e1ngulo Norte-Centroam\u00e9rica es complicada, cada vez es m\u00e1s violenta y toda la violaci\u00f3n de los derechos humanos que hay en Am\u00e9rica Latina, hablando de Nicaragua, Venezuela, Colombia, y toda la crisis humanitaria que tambi\u00e9n est\u00e1 obligando a las personas a huir.<\/p>\n\n\n\n<p>Record\u00f3 que M\u00e9xico como naci\u00f3n, no es nuevo para acoger a la gente que viene en busca de asilo, de encontrar un refugio, pero ahora, los sistemas y desconocimientos a los que pueden apegarse las personas que vienen de otras naciones, los hacen m\u00e1s vulnerables.<\/p>\n\n\n\n<p>Apunt\u00f3 que la ACNUR Puebla habla principalmente sobre la integraci\u00f3n de las personas, de las asociaciones que se dan a la tarea de salvaguardar a estos grupos de personas que llegan con muchas necesidades, en lo educativo, en el campo de la salud y en el aspecto econ\u00f3mico.<\/p>\n\n\n\n<p>Mientras que los estudiantes Juan Carlos Gazca y Paola \u00c1lvarez de la Licenciatura en Relaciones Internacionales y Alondra Carrillo, estudiante de la Licenciatura en Log\u00edstica de Negocios, y que forman parte del Grupo estudiantil, Alas Sin Fronteras de la UPAEP, han tenido un trabajo muy significativo al acercarse con gente que formar parte de este fen\u00f3meno de la migraci\u00f3n y estuvieron realizando trabajo de campo en la ciudad de Tijuana en albergues afiliados al Proyecto Salesiano Tijuana, para observar comportamientos, necesidades y sufrimientos a los que se tienen que enfrentar estos grupos de personas, para dar paso a la realizaci\u00f3n de un documental que esperan terminar para el mes de septiembre y la elaboraci\u00f3n de un art\u00edculo de investigaci\u00f3n para conocer m\u00e1s sobre este fen\u00f3meno social.<\/p>\n\n\n\n<p>Por \u00faltimo, Ared Garc\u00eda Gonz\u00e1lez, de DIME A.C. (Di\u00e1logo Intercultural Mexicano, antes, Proyecto Habesha), acot\u00f3 que a nivel internacional, del total de personas que se encuentran incluidas en esta categor\u00eda de refugio, solamente el 5% tiene acceso a la educaci\u00f3n superior, cifra muy baja y que nos invita a reflexionar a que son muchas las personas que se est\u00e1n quedando fuera de este derecho universal que todos deber\u00edan tener, que es el derecho a la educaci\u00f3n superior.<\/p>\n\n\n\n<p>Indic\u00f3 que en M\u00e9xico y en Am\u00e9rica Latina, DIME A.C. es la \u00fanica organizaci\u00f3n que est\u00e1 moviendo este tema y que la labor que est\u00e1 haciendo al respecto, se est\u00e1 reconociendo en diferentes foros internacionales y a nivel nacional.<\/p>\n\n\n\n<p>Para conocer m\u00e1s sobre estas organizaciones que apoyan a las personas que buscan refugio en nuestro pa\u00eds, pueden ponerse en contacto en las siguientes direcciones o tel\u00e9fonos.<\/p>\n\n\n\n<p>Alto Comisionado de las Naciones Unidas para los Refugiados- Puebla (ACNUR -Puebla)&nbsp;<\/p>\n\n\n\n<p>&nbsp; &nbsp; &nbsp;-tel\u00e9fono 55 49 44 70 52, 55 25 35 29 50<\/p>\n\n\n\n<p>Servicio Jesuita al Migrante&nbsp;<\/p>\n\n\n\n<p>&nbsp; &nbsp; &#8211; 55 55 27 54 23 Oficina territorio centro<\/p>\n\n\n\n<p>&nbsp; &nbsp; &#8211; 963 631 19 53 Oficina territorio Sur<\/p>\n\n\n\n<p>&nbsp; &nbsp; &#8211; 656 689 9008 Oficina territorio norte<\/p>\n\n\n\n<p>DIME AC (Proyecto Habesha)<\/p>\n\n\n\n<p>&nbsp; &nbsp;&#8211;<a href=\"mailto:contacto@proyectohabesha.org\">contacto@proyectohabesha.org<\/a><\/p>\n\n\n\n<p>&nbsp; &nbsp; -Facebook Proyecto Habesha<\/p>\n\n\n\n<p>Grupo Estudiantil Alas Sin Fronteras<\/p>\n\n\n\n<p>&nbsp;&nbsp; &#8211;&nbsp;<a href=\"mailto:alassinfronteras@upaep.mx\">alassinfronteras@upaep.mx<\/a><\/p>\n\n\n\n<p>\u00a0\u00a0 -Instagram: @alas.sinfronteras<\/p>\n\n\n\n<p>Fuente: https:\/\/upress.mx\/secciones\/academia\/9307-alrededor-de-82-4-millones-de-personas-a-nivel-mundial-son-desplazadas-por-la-fuerza-de-su-lugar-de-origen<\/p>\n","protected":false},"excerpt":{"rendered":"<p>M\u00e9xico por la situaci\u00f3n de la llegada de migrantes de otras partes de Latinoam\u00e9rica, ya posee los cuatro flujos de [&hellip;]<\/p>\n","protected":false},"author":1,"featured_media":30165,"comment_status":"open","ping_status":"open","sticky":false,"template":"","format":"standard","meta":{"site-sidebar-layout":"default","site-content-layout":"","ast-site-content-layout":"default","site-content-style":"default","site-sidebar-style":"default","ast-global-header-display":"","ast-banner-title-visibility":"","ast-main-header-display":"","ast-hfb-above-header-display":"","ast-hfb-below-header-display":"","ast-hfb-mobile-header-display":"","site-post-title":"","ast-breadcrumbs-content":"","ast-featured-img":"","footer-sml-layout":"","theme-transparent-header-meta":"","adv-header-id-meta":"","stick-header-meta":"","header-above-stick-meta":"","header-main-stick-meta":"","header-below-stick-meta":"","astra-migrate-meta-layouts":"default","ast-page-background-enabled":"default","ast-page-background-meta":{"desktop":{"background-color":"var(--ast-global-color-4)","background-image":"","background-repeat":"repeat","background-position":"center center","background-size":"auto","background-attachment":"scroll","background-type":"","background-media":"","overlay-type":"","overlay-color":"","overlay-opacity":"","overlay-gradient":""},"tablet":{"background-color":"","background-image":"","background-repeat":"repeat","background-position":"center center","background-size":"auto","background-attachment":"scroll","background-type":"","background-media":"","overlay-type":"","overlay-color":"","overlay-opacity":"","overlay-gradient":""},"mobile":{"background-color":"","background-image":"","background-repeat":"repeat","background-position":"center center","background-size":"auto","background-attachment":"scroll","background-type":"","background-media":"","overlay-type":"","overlay-color":"","overlay-opacity":"","overlay-gradient":""}},"ast-content-background-meta":{"desktop":{"background-color":"var(--ast-global-color-5)","background-image":"","background-repeat":"repeat","background-position":"center center","background-size":"auto","background-attachment":"scroll","background-type":"","background-media":"","overlay-type":"","overlay-color":"","overlay-opacity":"","overlay-gradient":""},"tablet":{"background-color":"var(--ast-global-color-5)","background-image":"","background-repeat":"repeat","background-position":"center center","background-size":"auto","background-attachment":"scroll","background-type":"","background-media":"","overlay-type":"","overlay-color":"","overlay-opacity":"","overlay-gradient":""},"mobile":{"background-color":"var(--ast-global-color-5)","background-image":"","background-repeat":"repeat","background-position":"center center","background-size":"auto","background-attachment":"scroll","background-type":"","background-media":"","overlay-type":"","overlay-color":"","overlay-opacity":"","overlay-gradient":""}},"footnotes":""},"categories":[8],"tags":[6133,10830,3828],"class_list":["post-30164","post","type-post","status-publish","format-standard","has-post-thumbnail","hentry","category-noticias","tag-acnur","tag-derzu-daniel-ramirez","tag-migrantes"],"_links":{"self":[{"href":"https:\/\/losperiodistas.com.mx\/portal\/wp-json\/wp\/v2\/posts\/30164","targetHints":{"allow":["GET"]}}],"collection":[{"href":"https:\/\/losperiodistas.com.mx\/portal\/wp-json\/wp\/v2\/posts"}],"about":[{"href":"https:\/\/losperiodistas.com.mx\/portal\/wp-json\/wp\/v2\/types\/post"}],"author":[{"embeddable":true,"href":"https:\/\/losperiodistas.com.mx\/portal\/wp-json\/wp\/v2\/users\/1"}],"replies":[{"embeddable":true,"href":"https:\/\/losperiodistas.com.mx\/portal\/wp-json\/wp\/v2\/comments?post=30164"}],"version-history":[{"count":1,"href":"https:\/\/losperiodistas.com.mx\/portal\/wp-json\/wp\/v2\/posts\/30164\/revisions"}],"predecessor-version":[{"id":30166,"href":"https:\/\/losperiodistas.com.mx\/portal\/wp-json\/wp\/v2\/posts\/30164\/revisions\/30166"}],"wp:featuredmedia":[{"embeddable":true,"href":"https:\/\/losperiodistas.com.mx\/portal\/wp-json\/wp\/v2\/media\/30165"}],"wp:attachment":[{"href":"https:\/\/losperiodistas.com.mx\/portal\/wp-json\/wp\/v2\/media?parent=30164"}],"wp:term":[{"taxonomy":"category","embeddable":true,"href":"https:\/\/losperiodistas.com.mx\/portal\/wp-json\/wp\/v2\/categories?post=30164"},{"taxonomy":"post_tag","embeddable":true,"href":"https:\/\/losperiodistas.com.mx\/portal\/wp-json\/wp\/v2\/tags?post=30164"}],"curies":[{"name":"wp","href":"https:\/\/api.w.org\/{rel}","templated":true}]}}