{"id":30156,"date":"2022-06-17T06:08:46","date_gmt":"2022-06-17T11:08:46","guid":{"rendered":"http:\/\/losperiodistas.com.mx\/portal\/?p=30156"},"modified":"2022-06-17T06:08:48","modified_gmt":"2022-06-17T11:08:48","slug":"periodismo-con-perspectiva-de-genero","status":"publish","type":"post","link":"https:\/\/losperiodistas.com.mx\/portal\/periodismo-con-perspectiva-de-genero\/","title":{"rendered":"<strong>Periodismo con Perspectiva de G\u00e9nero<\/strong>"},"content":{"rendered":"\n<p class=\"has-vivid-cyan-blue-color has-text-color\" style=\"font-size:26px\"><strong><em>Por Laura Liliam Garc\u00eda L\u00f3pez<\/em><\/strong><\/p>\n\n\n\n<p><strong>Los medios son responsables de generar violencia de g\u00e9nero, es tiempo de un periodismo con perspectiva de g\u00e9nero.<\/strong><\/p>\n\n\n\n<p><strong>Periodismo con perspectiva de g\u00e9nero <\/strong>est\u00e1 relacionado con los conceptos de prensa, g\u00e9nero y libertad de expresi\u00f3n y de las narrativas de los medios informativos de comunicar con enfoque de g\u00e9nero. El poderoso significado de <strong>incorporar la perspectiva de g\u00e9nero en la comunicaci\u00f3n<\/strong> implica la responsabilidad de los medios de ser formadores de un periodismo m\u00e1s inclusivo y de promover la igualdad de g\u00e9nero en sus empresas.<\/p>\n\n\n\n<p><strong>\u00bfPor qu\u00e9 es tan importante comunicar con perspectiva de g\u00e9nero?<\/strong><\/p>\n\n\n\n<p>Comunicar desde la <strong>perspectiva de g\u00e9nero<\/strong>, hoy en d\u00eda es una demanda social y urgente, ya que es una obligaci\u00f3n de <strong>las empresas de los medios de comunicaci\u00f3n<\/strong> adoptar las medidas internacionales de \u201cEstrategias de medios de ONU sobre la Paridad de G\u00e9nero\u201d para promover <strong>un lenguaje inclusivo<\/strong> en cuanto al g\u00e9nero sin perpetuar violencia ni estereotipos, ya que el lenguaje es una forma sumamente importante para comunicar hacia la igualdad.<strong><\/strong><\/p>\n\n\n\n<p><strong>Comunicar con perspectiva de g\u00e9nero, <\/strong>es una herramienta \u00fatil para cambiar las pr\u00e1cticas comunicacionales y de esa manera contribuir para prevenir, combatir y eliminar la violencia y la discriminaci\u00f3n hacia las mujeres. &nbsp;As\u00ed como, de involucrar a las empresas period\u00edsticas a tener una visi\u00f3n de g\u00e9nero y dar mayor relevancia a tem\u00e1ticas noticiosas y contenidos informativos sobre mujeres en el \u00e1mbito p\u00fablico.<\/p>\n\n\n\n<p>En el marco internacional, tenemos el <strong>Pacto con Medios de ONU<\/strong> que es una alianza dirigida a promover el empoderamiento de las mujeres a trav\u00e9s de los medios de informaci\u00f3n, trazada en la <strong>Agenda 2030 <\/strong>que marca en sus objetivos metas vinculadas con <strong>la igualdad de g\u00e9nero en los medios de informaci\u00f3n. &nbsp;<\/strong>Apoy\u00e1ndose en el<strong> Pacto de Medios de Comunicaci\u00f3n Beijing+20 <\/strong>formalizado con organizaciones de medios de comunicaci\u00f3n de todo el mundo, en el que invita a los medios a desempe\u00f1ar una agenda trazada en:<\/p>\n\n\n\n<ul class=\"wp-block-list\"><li>Implementar una agenda de desarrollo sostenible y centrarse en cuestiones relativas a la igualdad de g\u00e9nero y derecho de las mujeres.<\/li><li>En sus l\u00edneas informativas, noticias y reportajes, eliminando cualquier tipo de violencia, discriminaci\u00f3n, estereotipo y sesgo.<\/li><li>Incrementar el n\u00famero de mujeres que trabajan en los medios de comunicaci\u00f3n, incluso en puestos de liderazgo y de responsabilidad decisoria.<\/li><li>La adopci\u00f3n de un C\u00f3digo de Conducta Period\u00edstica con perspectiva de g\u00e9nero.<\/li><li>La prestaci\u00f3n de orientaci\u00f3n y tutor\u00eda a mujeres periodistas para respaldar su promoci\u00f3n profesional, entre otros puntos.<\/li><\/ul>\n\n\n\n<p>Reconociendo el papel influyente que los medios de comunicaci\u00f3n pueden desempe\u00f1ar para el empoderamiento de las mujeres y la igualdad de g\u00e9nero <strong>ONU Mujeres <\/strong>firmo este Pacto con medios internacionalesen 2016, en el que sumaron m\u00e1s de 300 empresas como The Guardian, Clar\u00edn, Glamour, Marie Clair, Arabian Busines, Daily News, Bazaar, The Huffington Post, Reuters Fundantion, Cosmopolitan, etc.&nbsp;<\/p>\n\n\n\n<p>En M\u00e9xico tambi\u00e9n se firm\u00f3 <strong>en 2019 <\/strong>el &nbsp;<strong>Pacto con Medios por la Eliminaci\u00f3n de la Violencia contra las Mujeres y las Ni\u00f1as de ONU Mujeres, UNESCO, UNAM y Alianza Global de Medios y Genero GAMAC, siguiendo la ruta de Pacto con Medios de ONU, en el que participaron m\u00e1s de 100 medios en los que destacan Sistema P\u00fablico de Radiodifusi\u00f3n<\/strong>SPR, Instituto Mexicano de la Radio IMER,R<strong>adio Educaci\u00f3n, Canal 11, Canal 14, Canal 21 y Canal 22, TV Azteca, la Organizaci\u00f3n Editorial Mexicana OEM, la Asociaci\u00f3n Latinoamericana de Internet<\/strong><strong>, <\/strong>plataformas digitales<strong>&nbsp;Facebook, Google, Twitter<\/strong>, entre otros.<\/p>\n\n\n\n<p><strong>Los&nbsp;medios de comunicaci\u00f3n<\/strong> est\u00e1n comprometidos a jugar un papel activo en la promoci\u00f3n de las cuestiones de g\u00e9nero, ya que est\u00e1 sustentando en Acuerdos internacionales y <strong>Acciones Legislativas<\/strong> como <strong>La Ley Olimpia<\/strong>, Reforma Constitucional Paritaria, Reforma de Violencia Pol\u00edtica, Ley Ingrid, Ley Monse, el reconocimiento de la &nbsp;<strong>violencia medi\u00e1tica, violencia simb\u00f3lica y violencia digital<\/strong> en la Ley General de Acceso de las Mujeres a una vida libre de violencia, entre muchas otras que se\u00f1alan que los medios ejercen violencia de g\u00e9nero y tienen que eliminar estas&nbsp; pr\u00e1cticas.<\/p>\n\n\n\n<p><strong>Los medios<\/strong> tienen que comprometerse y ejercer un <strong>periodismo con perspectiva de g\u00e9nero <\/strong>desarrollando acciones desde sus estructuras para que los contenidos que producen y transmiten, empoderen la igualdad de g\u00e9nero en la comunicaci\u00f3n y contribuyan a eliminar la violencia contra las mujeres y ni\u00f1as para impulsar sociedades m\u00e1s justas, igualitarias e inclusivas.<\/p>\n\n\n\n<p><strong>La Iniciativa Spotlight <\/strong>lanzo el <strong>Manual urgente para la cobertura de violencia contra las mujeres y los feminicidios en M\u00e9xico <\/strong>en colaboraci\u00f3n con<strong> CONAVIM <\/strong>e<strong> IMNUJERES <\/strong>que es una gu\u00eda \u00e9tica para periodistas con contenidos informativos y noticiosos, y con perspectiva de g\u00e9nero y derechos humanos para poner fin a pr\u00e1cticas period\u00edsticas en tv, radio, prensa escrita y medios digitales que reproducen discriminaci\u00f3n y violencia hacia las mujeres.<\/p>\n\n\n\n<p>Tambi\u00e9n existen diversos documentos como el <strong>Manual de g\u00e9nero para periodistas<\/strong> de la ONU, Manual de periodismo incluyente con perspectiva de g\u00e9nero del Instituto for War and Peace Reporting, Manual de G\u00e9nero para periodistas y medios de comunicaci\u00f3n de la Asociaci\u00f3n Nacional de Mujeres Periodistas, Gu\u00eda breve para mujeres periodistas, Gu\u00eda con perspectiva de g\u00e9nero en el periodismo, Gu\u00eda de equilibro de g\u00e9nero para medios del Banco Interamericano de Desarrollo, entre muchas otras herramientas de capacitaci\u00f3n.<\/p>\n\n\n\n<p>Retomo mi art\u00edculo anterior <strong>\u201cLa Seguridad de las mujeres periodistas\u201d<\/strong> para afirmar de la importancia de empoderar a las mujeres en la profesi\u00f3n period\u00edstica, las periodistas, comunic\u00f3logas, conductoras, reporteras, foto reporteras tiene que estar capacitadas por las empresas de medios para impulsar la <strong>igualdad de g\u00e9nero en el periodismo, ya que est\u00e1n en doble riesgo de violencia.<\/strong><\/p>\n\n\n\n<p><strong>Los medios<\/strong> tienen que revolucionar y promover un <strong>enfoque de g\u00e9nero transversal<\/strong>, con un <strong>lenguaje incluyente<\/strong> en la comunicaci\u00f3n y de incorporar la perspectiva de g\u00e9nero que implica darle valor a los <strong>derechos de las mujeres<\/strong> y la igualdad de g\u00e9nero a trav\u00e9s de una cobertura de informaci\u00f3n en igualdad, sin excesos machistas, sin violencia y discriminaci\u00f3n, complementada con pr\u00e1cticas empresariales sensibles al g\u00e9nero para incrementar el n\u00famero de mujeres en direcciones.<\/p>\n\n\n\n<p>Estamos en tiempos <strong>del feminismo en los medios<\/strong> y de la apertura de empresas period\u00edsticas con perspectiva de g\u00e9nero, y de revolucionar los medios tradicionales para que incorporen en sus empresas la agenda de g\u00e9nero, tenemos dos peri\u00f3dicos empoderados que han mostrado su pulso en el periodismo de g\u00e9nero <strong>CIMAC<\/strong> y <strong>SEMMEXICO, <\/strong>y esto no es nuevo el primer peri\u00f3dico feminista en M\u00e9xico dirigido y escrito por mujeres fue <strong>\u201cVioletas del An\u00e1huac<\/strong>\u201d en 1887, por lo que pr\u00f3ximamente pueden surgir nuevas propuestas como <strong>Perspectivas MX, peri\u00f3dico digital con perspectivas de g\u00e9nero<\/strong> que est\u00e1 a d\u00edas de lanzarse en Puebla, un peri\u00f3dico de investigaci\u00f3n <strong>hecho por mujeres<\/strong>.\u00a0 <\/p>\n\n\n\n<p>@liliangarciax7<\/p>\n","protected":false},"excerpt":{"rendered":"<p>Por Laura Liliam Garc\u00eda L\u00f3pez Los medios son responsables de generar violencia de g\u00e9nero, es tiempo de un periodismo con [&hellip;]<\/p>\n","protected":false},"author":1,"featured_media":30157,"comment_status":"open","ping_status":"open","sticky":false,"template":"","format":"standard","meta":{"site-sidebar-layout":"default","site-content-layout":"","ast-site-content-layout":"default","site-content-style":"default","site-sidebar-style":"default","ast-global-header-display":"","ast-banner-title-visibility":"","ast-main-header-display":"","ast-hfb-above-header-display":"","ast-hfb-below-header-display":"","ast-hfb-mobile-header-display":"","site-post-title":"","ast-breadcrumbs-content":"","ast-featured-img":"","footer-sml-layout":"","theme-transparent-header-meta":"","adv-header-id-meta":"","stick-header-meta":"","header-above-stick-meta":"","header-main-stick-meta":"","header-below-stick-meta":"","astra-migrate-meta-layouts":"default","ast-page-background-enabled":"default","ast-page-background-meta":{"desktop":{"background-color":"var(--ast-global-color-4)","background-image":"","background-repeat":"repeat","background-position":"center center","background-size":"auto","background-attachment":"scroll","background-type":"","background-media":"","overlay-type":"","overlay-color":"","overlay-opacity":"","overlay-gradient":""},"tablet":{"background-color":"","background-image":"","background-repeat":"repeat","background-position":"center center","background-size":"auto","background-attachment":"scroll","background-type":"","background-media":"","overlay-type":"","overlay-color":"","overlay-opacity":"","overlay-gradient":""},"mobile":{"background-color":"","background-image":"","background-repeat":"repeat","background-position":"center center","background-size":"auto","background-attachment":"scroll","background-type":"","background-media":"","overlay-type":"","overlay-color":"","overlay-opacity":"","overlay-gradient":""}},"ast-content-background-meta":{"desktop":{"background-color":"var(--ast-global-color-5)","background-image":"","background-repeat":"repeat","background-position":"center center","background-size":"auto","background-attachment":"scroll","background-type":"","background-media":"","overlay-type":"","overlay-color":"","overlay-opacity":"","overlay-gradient":""},"tablet":{"background-color":"var(--ast-global-color-5)","background-image":"","background-repeat":"repeat","background-position":"center center","background-size":"auto","background-attachment":"scroll","background-type":"","background-media":"","overlay-type":"","overlay-color":"","overlay-opacity":"","overlay-gradient":""},"mobile":{"background-color":"var(--ast-global-color-5)","background-image":"","background-repeat":"repeat","background-position":"center center","background-size":"auto","background-attachment":"scroll","background-type":"","background-media":"","overlay-type":"","overlay-color":"","overlay-opacity":"","overlay-gradient":""}},"footnotes":""},"categories":[8,22],"tags":[10825],"class_list":["post-30156","post","type-post","status-publish","format-standard","has-post-thumbnail","hentry","category-noticias","category-opinion-invitada","tag-periodismo-de-genero"],"_links":{"self":[{"href":"https:\/\/losperiodistas.com.mx\/portal\/wp-json\/wp\/v2\/posts\/30156","targetHints":{"allow":["GET"]}}],"collection":[{"href":"https:\/\/losperiodistas.com.mx\/portal\/wp-json\/wp\/v2\/posts"}],"about":[{"href":"https:\/\/losperiodistas.com.mx\/portal\/wp-json\/wp\/v2\/types\/post"}],"author":[{"embeddable":true,"href":"https:\/\/losperiodistas.com.mx\/portal\/wp-json\/wp\/v2\/users\/1"}],"replies":[{"embeddable":true,"href":"https:\/\/losperiodistas.com.mx\/portal\/wp-json\/wp\/v2\/comments?post=30156"}],"version-history":[{"count":1,"href":"https:\/\/losperiodistas.com.mx\/portal\/wp-json\/wp\/v2\/posts\/30156\/revisions"}],"predecessor-version":[{"id":30158,"href":"https:\/\/losperiodistas.com.mx\/portal\/wp-json\/wp\/v2\/posts\/30156\/revisions\/30158"}],"wp:featuredmedia":[{"embeddable":true,"href":"https:\/\/losperiodistas.com.mx\/portal\/wp-json\/wp\/v2\/media\/30157"}],"wp:attachment":[{"href":"https:\/\/losperiodistas.com.mx\/portal\/wp-json\/wp\/v2\/media?parent=30156"}],"wp:term":[{"taxonomy":"category","embeddable":true,"href":"https:\/\/losperiodistas.com.mx\/portal\/wp-json\/wp\/v2\/categories?post=30156"},{"taxonomy":"post_tag","embeddable":true,"href":"https:\/\/losperiodistas.com.mx\/portal\/wp-json\/wp\/v2\/tags?post=30156"}],"curies":[{"name":"wp","href":"https:\/\/api.w.org\/{rel}","templated":true}]}}