{"id":30150,"date":"2022-06-17T05:52:55","date_gmt":"2022-06-17T10:52:55","guid":{"rendered":"http:\/\/losperiodistas.com.mx\/portal\/?p=30150"},"modified":"2022-06-17T05:52:57","modified_gmt":"2022-06-17T10:52:57","slug":"pan-denuncio-a-samuel-garcia-por-corrupcion-y-autoritarismo-esta-en-sintonia-con-amlo-infobae","status":"publish","type":"post","link":"https:\/\/losperiodistas.com.mx\/portal\/pan-denuncio-a-samuel-garcia-por-corrupcion-y-autoritarismo-esta-en-sintonia-con-amlo-infobae\/","title":{"rendered":"PAN denunci\u00f3 a Samuel Garc\u00eda por corrupci\u00f3n y autoritarismo: \u201cEst\u00e1 en sinton\u00eda con AMLO\u201d | Infobae"},"content":{"rendered":"\n<p><em>El dirigente nacional del blanquiazul, Marko Cort\u00e9s Mendoza, asegur\u00f3 que el mandatario estatal ha cooptado a alcaldes y diputados con la promesa de recursos p\u00fablicos para sus municipios y distritos<\/em><\/p>\n\n\n\n<p><\/p>\n\n\n\n<figure class=\"wp-block-image size-large\"><img fetchpriority=\"high\" decoding=\"async\" width=\"1024\" height=\"576\" src=\"https:\/\/losperiodistas.com.mx\/portal\/wp-content\/uploads\/2022\/06\/ZJGDDSXZ2BFY5PWKIZ5SX5GGDY-1024x576.jpg\" alt=\"\" class=\"wp-image-30151\" srcset=\"https:\/\/losperiodistas.com.mx\/portal\/wp-content\/uploads\/2022\/06\/ZJGDDSXZ2BFY5PWKIZ5SX5GGDY-1024x576.jpg 1024w, https:\/\/losperiodistas.com.mx\/portal\/wp-content\/uploads\/2022\/06\/ZJGDDSXZ2BFY5PWKIZ5SX5GGDY-300x169.jpg 300w, https:\/\/losperiodistas.com.mx\/portal\/wp-content\/uploads\/2022\/06\/ZJGDDSXZ2BFY5PWKIZ5SX5GGDY-768x432.jpg 768w, https:\/\/losperiodistas.com.mx\/portal\/wp-content\/uploads\/2022\/06\/ZJGDDSXZ2BFY5PWKIZ5SX5GGDY.jpg 1440w\" sizes=\"(max-width: 1024px) 100vw, 1024px\" \/><figcaption>PAN denunci\u00f3 a Samuel Garc\u00eda por la supuesta compra y coacci\u00f3n de diputados y alcaldes (Fotos: CUARTOSCURO\/\/Ig\/@samuelgarcias)<\/figcaption><\/figure>\n\n\n\n<p class=\"has-vivid-cyan-blue-color has-text-color has-medium-font-size\">INFOBAE<\/p>\n\n\n\n<p>El Partido Acci\u00f3n Nacional (<strong>PAN<\/strong>) denunci\u00f3 al gobernador de Nuevo Le\u00f3n,&nbsp;<strong>Samuel Garc\u00eda<\/strong>&nbsp;Sep\u00falveda, por la&nbsp;<strong>supuesta compra y coacci\u00f3n de diputados y alcaldes<\/strong>&nbsp;con dinero p\u00fablico.<\/p>\n\n\n\n<p>Y es que de acuerdo con el dirigente nacional del blanquiazul,&nbsp;<strong>Marko Cort\u00e9s<\/strong>&nbsp;Mendoza, el mandatario estatal&nbsp;<strong>ha cooptado a alcaldes y diputados con la promesa de recursos p\u00fablicos<\/strong>&nbsp;para sus municipios y distritos.<\/p>\n\n\n\n<p>Por ello, se\u00f1al\u00f3 que Movimiento Regeneraci\u00f3n Nacional (<strong>Morena<\/strong>) y\u00a0<strong>Movimiento Ciudadano<\/strong>\u00a0(MC) tienen en com\u00fan su\u00a0<strong>esp\u00edritu intimidatorio, autoritario y criminal<\/strong>\u00a0al usar \u201cc\u00ednicamente\u201d las instituciones del Estado.<\/p>\n\n\n\n<p><img decoding=\"async\" height=\"730\" width=\"753\" srcset=\"https:\/\/www.infobae.com\/new-resizer\/zNo-w4g4gWFoLIgVVtqAcLU79jQ=\/420x420\/filters:format(webp):quality(85)\/cloudfront-us-east-1.images.arcpublishing.com\/infobae\/LIGLTPOD5BDDZCOZK6VYS4LPPQ.jpg 420w,https:\/\/www.infobae.com\/new-resizer\/c8-rHTGNUwdpuIUMR5SwC1ZA3NY=\/768x768\/filters:format(webp):quality(85)\/cloudfront-us-east-1.images.arcpublishing.com\/infobae\/LIGLTPOD5BDDZCOZK6VYS4LPPQ.jpg 768w,https:\/\/www.infobae.com\/new-resizer\/MzE6Lt4tguL-spCNoZX4nfadDDs=\/992x992\/filters:format(webp):quality(85)\/cloudfront-us-east-1.images.arcpublishing.com\/infobae\/LIGLTPOD5BDDZCOZK6VYS4LPPQ.jpg 992w,https:\/\/www.infobae.com\/new-resizer\/0xSsbhCPWySWeZ7Gx8FM16gMVPs=\/1200x1200\/filters:format(webp):quality(85)\/cloudfront-us-east-1.images.arcpublishing.com\/infobae\/LIGLTPOD5BDDZCOZK6VYS4LPPQ.jpg 1200w,https:\/\/www.infobae.com\/new-resizer\/CrgxaX3edpUyBcAjrMsOAoIJ_MU=\/1440x1440\/filters:format(webp):quality(85)\/cloudfront-us-east-1.images.arcpublishing.com\/infobae\/LIGLTPOD5BDDZCOZK6VYS4LPPQ.jpg 1440w\" class=\"\" src=\"https:\/\/cloudfront-us-east-1.images.arcpublishing.com\/infobae\/LIGLTPOD5BDDZCOZK6VYS4LPPQ.jpg\" alt=\"Marko Cort\u00e9s indic\u00f3 que el mandatario estatal ha cooptado a alcaldes y diputados con la promesa de recursos p\u00fablicos (Foto: Twitter\/ @MarkoCortes)\"><\/p>\n\n\n\n<p>Marko Cort\u00e9s indic\u00f3 que el mandatario estatal ha cooptado a alcaldes y diputados con la promesa de recursos p\u00fablicos (Foto: Twitter\/ @MarkoCortes)<\/p>\n\n\n\n<blockquote class=\"wp-block-quote is-layout-flow wp-block-quote-is-layout-flow\"><p>\u201cPor eso hoy queremos denunciar a Samuel Garc\u00eda por la compra, coacci\u00f3n e intimidaci\u00f3n que est\u00e1 ejecutando desde el gobierno para comprar voluntades con dinero p\u00fablico, para comprar diputados y alcaldes con dinero p\u00fablico, alcaldes y diputados que no ganaron con votos,&nbsp;<strong>un verdadero acto antidemocr\u00e1tico y de corrupci\u00f3n para amedrentar y comprar voluntades, as\u00ed como lo ha hecho Morena<\/strong>\u201d<\/p><\/blockquote>\n\n\n\n<p>En conferencia de prensa este 16 de junio, y acompa\u00f1ado de los liderazgos de Acci\u00f3n Nacional en el estado, Cort\u00e9s Mendoza destac\u00f3 que, por lo anterior,&nbsp;<strong>el partido guinda y movimiento naranja tienen \u201cla misma ra\u00edz, el mismo estilo autoritario y casi el mismo logotipo<\/strong>, s\u00f3lo con color distinto\u201d.<\/p>\n\n\n\n<p>En su participaci\u00f3n, el panista asegur\u00f3 que para el blanquiazul ya est\u00e1 muy claro que&nbsp;<strong>Samuel Garc\u00eda \u201cest\u00e1 en la misma sinton\u00eda y tiene un acuerdo con el presidente L\u00f3pez Obrador<\/strong>&nbsp;para segmentar y dividir a la oposici\u00f3n\u201d.<img decoding=\"async\" alt=\"El PAN indic\u00f3 que el partido guinda y movimiento naranja tienen \u201cla misma ra\u00edz&quot; (Foto: Archivo)\" height=\"1040\" width=\"1920\" class=\"\" src=\"https:\/\/cloudfront-us-east-1.images.arcpublishing.com\/infobae\/ND7A7PM6VVESNIZ7QFTNSCUJOM.jpg\" srcset=\"https:\/\/www.infobae.com\/new-resizer\/GMJZNhrpa8gravLlSPUtYtRGZ8s=\/420x236\/filters:format(webp):quality(85)\/cloudfront-us-east-1.images.arcpublishing.com\/infobae\/ND7A7PM6VVESNIZ7QFTNSCUJOM.jpg 420w,https:\/\/www.infobae.com\/new-resizer\/J_ZktTIDhNbd13aXE_Ju1pUMkIk=\/768x432\/filters:format(webp):quality(85)\/cloudfront-us-east-1.images.arcpublishing.com\/infobae\/ND7A7PM6VVESNIZ7QFTNSCUJOM.jpg 768w,https:\/\/www.infobae.com\/new-resizer\/Sc_2Xr8w8QxeCJXE9wHmreqyYS0=\/992x558\/filters:format(webp):quality(85)\/cloudfront-us-east-1.images.arcpublishing.com\/infobae\/ND7A7PM6VVESNIZ7QFTNSCUJOM.jpg 992w,https:\/\/www.infobae.com\/new-resizer\/CxUgxQH5aKDZmSU1BJ5q9_O3OVA=\/1200x675\/filters:format(webp):quality(85)\/cloudfront-us-east-1.images.arcpublishing.com\/infobae\/ND7A7PM6VVESNIZ7QFTNSCUJOM.jpg 1200w,https:\/\/www.infobae.com\/new-resizer\/ab0HAzf8KwJWm2Ww-5sGVUoWejY=\/1440x810\/filters:format(webp):quality(85)\/cloudfront-us-east-1.images.arcpublishing.com\/infobae\/ND7A7PM6VVESNIZ7QFTNSCUJOM.jpg 1440w\">El PAN indic\u00f3 que el partido guinda y movimiento naranja tienen \u201cla misma ra\u00edz\u00bb (Foto: Archivo)<\/p>\n\n\n\n<p>Record\u00f3 que en la elecci\u00f3n del pasado 5 de junio, los candidatos de MC se presentaron como esquirol o \u201cCaballo de Troya\u201d,&nbsp;<strong>haci\u00e9ndole el trabajo sucio a Morena<\/strong>&nbsp;para \u201cgolpear\u201d a los aspirantes del PAN.<\/p>\n\n\n\n<p>\u201cMientras Movimiento Ciudadano no demuestre lo contrario, poniendo el inter\u00e9s superior de la Naci\u00f3n, dejando de amedrentar, de perseguir a los opositores y sum\u00e1ndose a la coalici\u00f3n&nbsp;<em>Va por M\u00e9xico,<\/em>&nbsp;que s\u00ed tuvo triunfos en la pasada elecci\u00f3n a pesar de todos los excesos y uso de recursos p\u00fablicos por parte del gobierno federal,&nbsp;<strong>ser\u00e1 el judas de la oposici\u00f3n<\/strong>\u201d, sentenci\u00f3.<\/p>\n\n\n\n<p>Y reiter\u00f3: \u201cSi no lo demuestra, MC va a pasar a la historia como el judas de la oposici\u00f3n, como&nbsp;<strong>el aliado estrat\u00e9gico de Morena para dividir a la oposici\u00f3n<\/strong>, intentando enga\u00f1ar diciendo que no los quieren cuando, con sus decisiones, demuestran el acuerdo que tienen con el presidente L\u00f3pez Obrador.<img loading=\"lazy\" decoding=\"async\" alt=\"Marko Cort\u00e9s expres\u00f3 todo el respaldo ante el gobierno \u201cpersecutor, autoritario y dictatorial\u201d de Samuel Garc\u00eda (Foto: Cuartoscuro)\" height=\"1280\" width=\"1841\" class=\"\" src=\"https:\/\/cloudfront-us-east-1.images.arcpublishing.com\/infobae\/GFLUC7AL6FGQ5IT3VAXBUU6YPA.jpeg\" srcset=\"https:\/\/www.infobae.com\/new-resizer\/w-GmRZG86dICFt796-qK2C3n2bw=\/420x280\/filters:format(webp):quality(85)\/cloudfront-us-east-1.images.arcpublishing.com\/infobae\/GFLUC7AL6FGQ5IT3VAXBUU6YPA.jpeg 420w,https:\/\/www.infobae.com\/new-resizer\/NpLXjJ_qZcucdL_qO14W4mA4qYs=\/768x512\/filters:format(webp):quality(85)\/cloudfront-us-east-1.images.arcpublishing.com\/infobae\/GFLUC7AL6FGQ5IT3VAXBUU6YPA.jpeg 768w,https:\/\/www.infobae.com\/new-resizer\/a1oCYac4gR7KukmhahTQHUjw3Cg=\/992x661\/filters:format(webp):quality(85)\/cloudfront-us-east-1.images.arcpublishing.com\/infobae\/GFLUC7AL6FGQ5IT3VAXBUU6YPA.jpeg 992w,https:\/\/www.infobae.com\/new-resizer\/pydNbwVP0tmoBKSswwwW-eXj0LM=\/1200x800\/filters:format(webp):quality(85)\/cloudfront-us-east-1.images.arcpublishing.com\/infobae\/GFLUC7AL6FGQ5IT3VAXBUU6YPA.jpeg 1200w,https:\/\/www.infobae.com\/new-resizer\/7_Bd-SIUJpngZoxrVMyDSVhZaT8=\/1440x960\/filters:format(webp):quality(85)\/cloudfront-us-east-1.images.arcpublishing.com\/infobae\/GFLUC7AL6FGQ5IT3VAXBUU6YPA.jpeg 1440w\">Marko Cort\u00e9s expres\u00f3 todo el respaldo ante el gobierno \u201cpersecutor, autoritario y dictatorial\u201d de Samuel Garc\u00eda (Foto: Cuartoscuro)<\/p>\n\n\n\n<p>A pesar de todo ello, asegur\u00f3 el dirigente panista, a Morena y al mandatario federal no les va a funcionar, porque Acci\u00f3n Nacional, solo o en coalici\u00f3n, est\u00e1 listo para dar las batallas en las pr\u00f3ximas elecciones \u201cy&nbsp;<strong>estamos listos para corregir el rumbo de M\u00e9xico en el 2024 con nuestras mejores cartas<\/strong>&nbsp;y nuestra mejor presentaci\u00f3n que son los gobiernos de Acci\u00f3n Nacional\u201d que s\u00ed dan resultados sin pretextos y sin culpas al pasado.<\/p>\n\n\n\n<p>\u201cEn contraste ante el desastroso arranque de gobierno de Samuel Garc\u00eda en Nuevo Le\u00f3n, que hoy enfrenta la peor escasez de agua potable\u201d, record\u00f3.<\/p>\n\n\n\n<p>Finalmente, Marko Cort\u00e9s expres\u00f3 todo el respaldo del CEN del PAN al panismo de Nuevo Le\u00f3n ante el&nbsp;<strong>gobierno \u201cpersecutor, autoritario y dictatorial\u201d de Samuel Garc\u00eda<\/strong>.<\/p>\n\n\n\n<p>Cabe recordar que el pasado 2 de junio, la bancada y la dirigencia estatal del PAN present\u00f3 una denuncia en la\u00a0<strong>Fiscal\u00eda Anticorrupci\u00f3n y la Fiscal\u00eda Especializada en Delitos Electorales<\/strong>\u00a0por la presunta coacci\u00f3n que el mandatario de Nuevo Le\u00f3n realiz\u00f3 para sumar alcaldes y diputados a Movimiento Ciudadano.<\/p>\n\n\n\n<p>Fuente: https:\/\/www.infobae.com\/america\/mexico\/2022\/06\/17\/pan-denuncio-a-samuel-garcia-por-corrupcion-y-autoritarismo-esta-en-sintonia-con-amlo\/<\/p>\n","protected":false},"excerpt":{"rendered":"<p>El dirigente nacional del blanquiazul, Marko Cort\u00e9s Mendoza, asegur\u00f3 que el mandatario estatal ha cooptado a alcaldes y diputados con [&hellip;]<\/p>\n","protected":false},"author":1,"featured_media":30151,"comment_status":"open","ping_status":"open","sticky":false,"template":"","format":"standard","meta":{"site-sidebar-layout":"default","site-content-layout":"","ast-site-content-layout":"default","site-content-style":"default","site-sidebar-style":"default","ast-global-header-display":"","ast-banner-title-visibility":"","ast-main-header-display":"","ast-hfb-above-header-display":"","ast-hfb-below-header-display":"","ast-hfb-mobile-header-display":"","site-post-title":"","ast-breadcrumbs-content":"","ast-featured-img":"","footer-sml-layout":"","theme-transparent-header-meta":"","adv-header-id-meta":"","stick-header-meta":"","header-above-stick-meta":"","header-main-stick-meta":"","header-below-stick-meta":"","astra-migrate-meta-layouts":"default","ast-page-background-enabled":"default","ast-page-background-meta":{"desktop":{"background-color":"var(--ast-global-color-4)","background-image":"","background-repeat":"repeat","background-position":"center center","background-size":"auto","background-attachment":"scroll","background-type":"","background-media":"","overlay-type":"","overlay-color":"","overlay-opacity":"","overlay-gradient":""},"tablet":{"background-color":"","background-image":"","background-repeat":"repeat","background-position":"center center","background-size":"auto","background-attachment":"scroll","background-type":"","background-media":"","overlay-type":"","overlay-color":"","overlay-opacity":"","overlay-gradient":""},"mobile":{"background-color":"","background-image":"","background-repeat":"repeat","background-position":"center center","background-size":"auto","background-attachment":"scroll","background-type":"","background-media":"","overlay-type":"","overlay-color":"","overlay-opacity":"","overlay-gradient":""}},"ast-content-background-meta":{"desktop":{"background-color":"var(--ast-global-color-5)","background-image":"","background-repeat":"repeat","background-position":"center center","background-size":"auto","background-attachment":"scroll","background-type":"","background-media":"","overlay-type":"","overlay-color":"","overlay-opacity":"","overlay-gradient":""},"tablet":{"background-color":"var(--ast-global-color-5)","background-image":"","background-repeat":"repeat","background-position":"center center","background-size":"auto","background-attachment":"scroll","background-type":"","background-media":"","overlay-type":"","overlay-color":"","overlay-opacity":"","overlay-gradient":""},"mobile":{"background-color":"var(--ast-global-color-5)","background-image":"","background-repeat":"repeat","background-position":"center center","background-size":"auto","background-attachment":"scroll","background-type":"","background-media":"","overlay-type":"","overlay-color":"","overlay-opacity":"","overlay-gradient":""}},"footnotes":""},"categories":[8],"tags":[2089,2320,248,10823],"class_list":["post-30150","post","type-post","status-publish","format-standard","has-post-thumbnail","hentry","category-noticias","tag-marko-cortes","tag-movimiento-ciudadano","tag-pan","tag-samuel-garcia-sepulveda-2"],"_links":{"self":[{"href":"https:\/\/losperiodistas.com.mx\/portal\/wp-json\/wp\/v2\/posts\/30150","targetHints":{"allow":["GET"]}}],"collection":[{"href":"https:\/\/losperiodistas.com.mx\/portal\/wp-json\/wp\/v2\/posts"}],"about":[{"href":"https:\/\/losperiodistas.com.mx\/portal\/wp-json\/wp\/v2\/types\/post"}],"author":[{"embeddable":true,"href":"https:\/\/losperiodistas.com.mx\/portal\/wp-json\/wp\/v2\/users\/1"}],"replies":[{"embeddable":true,"href":"https:\/\/losperiodistas.com.mx\/portal\/wp-json\/wp\/v2\/comments?post=30150"}],"version-history":[{"count":1,"href":"https:\/\/losperiodistas.com.mx\/portal\/wp-json\/wp\/v2\/posts\/30150\/revisions"}],"predecessor-version":[{"id":30152,"href":"https:\/\/losperiodistas.com.mx\/portal\/wp-json\/wp\/v2\/posts\/30150\/revisions\/30152"}],"wp:featuredmedia":[{"embeddable":true,"href":"https:\/\/losperiodistas.com.mx\/portal\/wp-json\/wp\/v2\/media\/30151"}],"wp:attachment":[{"href":"https:\/\/losperiodistas.com.mx\/portal\/wp-json\/wp\/v2\/media?parent=30150"}],"wp:term":[{"taxonomy":"category","embeddable":true,"href":"https:\/\/losperiodistas.com.mx\/portal\/wp-json\/wp\/v2\/categories?post=30150"},{"taxonomy":"post_tag","embeddable":true,"href":"https:\/\/losperiodistas.com.mx\/portal\/wp-json\/wp\/v2\/tags?post=30150"}],"curies":[{"name":"wp","href":"https:\/\/api.w.org\/{rel}","templated":true}]}}