{"id":30147,"date":"2022-06-17T05:43:48","date_gmt":"2022-06-17T10:43:48","guid":{"rendered":"http:\/\/losperiodistas.com.mx\/portal\/?p=30147"},"modified":"2022-06-17T05:43:50","modified_gmt":"2022-06-17T10:43:50","slug":"el-covid-19-no-cede-en-un-dia-69-muertos-y-9-mil-406-contagios-proceso","status":"publish","type":"post","link":"https:\/\/losperiodistas.com.mx\/portal\/el-covid-19-no-cede-en-un-dia-69-muertos-y-9-mil-406-contagios-proceso\/","title":{"rendered":"El covid-19 no cede: en un d\u00eda, 69 muertos y 9 mil 406 contagios | Proceso"},"content":{"rendered":"\n<p><em>La Secretar\u00eda de Salud llam\u00f3 a padres de familia a registrar a ni\u00f1as y ni\u00f1os de cinco a 11 a\u00f1os para recibir la vacuna contra coronavirus.<\/em><\/p>\n\n\n\n<figure class=\"wp-block-image size-full\"><img fetchpriority=\"high\" decoding=\"async\" width=\"800\" height=\"450\" src=\"https:\/\/losperiodistas.com.mx\/portal\/wp-content\/uploads\/2022\/06\/f800x450-156506_207952_5050.jpeg\" alt=\"\" class=\"wp-image-30148\" srcset=\"https:\/\/losperiodistas.com.mx\/portal\/wp-content\/uploads\/2022\/06\/f800x450-156506_207952_5050.jpeg 800w, https:\/\/losperiodistas.com.mx\/portal\/wp-content\/uploads\/2022\/06\/f800x450-156506_207952_5050-300x169.jpeg 300w, https:\/\/losperiodistas.com.mx\/portal\/wp-content\/uploads\/2022\/06\/f800x450-156506_207952_5050-768x432.jpeg 768w\" sizes=\"(max-width: 800px) 100vw, 800px\" \/><figcaption>Este jueves se abri\u00f3 el registro para vacuna a ni\u00f1os mayores de cinco a\u00f1os. Foto: Montserrat L\u00f3pez<\/figcaption><\/figure>\n\n\n\n<p class=\"has-vivid-cyan-blue-color has-text-color has-medium-font-size\">REDACCI\u00d3N PROCESO<\/p>\n\n\n\n<p>CIUDAD DE M\u00c9XICO (apro).- M\u00e9xico lleg\u00f3 este jueves a 325 mil 340 fallecidos por covid-19 desde que comenz\u00f3 la pandemia, un incremento de 69 decesos en las \u00faltimas 24 horas, report\u00f3 la Secretar\u00eda de Salud (Ssa) federal.<\/p>\n\n\n\n<p>El informe t\u00e9cnico sobre coronavirus correspondiente a este d\u00eda registra que el pa\u00eds alcanz\u00f3 los 5 millones 852 mil 596 casos confirmados, lo que representa un aumento de 9 mil 406 contagios. Es el segundo d\u00eda consecutivo que el n\u00famero de casos excede los nueve mil.<\/p>\n\n\n\n<p>En la semana epidemiol\u00f3gica 23, que comprende del 5 al 11 de junio, se registr\u00f3 un promedio diario de cinco mil 123 contagios de covid-19, a\u00f1adi\u00f3 la dependencia.<\/p>\n\n\n\n<p>La disponibilidad hospitalaria para camas generales se mantiene en 96 por ciento y con respirador mec\u00e1nico subi\u00f3 un punto para ubicarse en 99 por ciento.<\/p>\n\n\n\n<p>La Ssa invit\u00f3 a madres y padres, as\u00ed como a personas cuidadoras, a registrar a ni\u00f1as y ni\u00f1os de cinco a 11 a\u00f1os en el sitio mivacuna.salud.gob.mx para recibir de forma gratuita la vacuna contra covid-19.<\/p>\n\n\n\n<p>A\u00f1adi\u00f3 s\u00f3lo se requiere tener a la mano la Clave \u00danica de Registro de Poblaci\u00f3n (CURP).<\/p>\n\n\n\n<figure class=\"wp-block-embed is-type-rich is-provider-twitter wp-block-embed-twitter\"><div class=\"wp-block-embed__wrapper\">\n<blockquote class=\"twitter-tweet\" data-width=\"500\" data-dnt=\"true\"><p lang=\"pt\" dir=\"ltr\">Comunicado T\u00e9cnico Diario <a href=\"https:\/\/twitter.com\/hashtag\/COVID19?src=hash&amp;ref_src=twsrc%5Etfw\">#COVID19<\/a> | 16 de junio de 2022 <br><br>\u27a1\ufe0f <a href=\"https:\/\/t.co\/pL3hUaVBx1\">https:\/\/t.co\/pL3hUaVBx1<\/a> <a href=\"https:\/\/t.co\/tml176Q5lM\">pic.twitter.com\/tml176Q5lM<\/a><\/p>&mdash; SALUD M\u00e9xico (@SSalud_mx) <a href=\"https:\/\/twitter.com\/SSalud_mx\/status\/1537567518159781889?ref_src=twsrc%5Etfw\">June 16, 2022<\/a><\/blockquote><script async src=\"https:\/\/platform.twitter.com\/widgets.js\" charset=\"utf-8\"><\/script>\n<\/div><\/figure>\n\n\n\n<p>Fuente: https:\/\/www.proceso.com.mx\/nacional\/2022\/6\/16\/el-covid-19-no-cede-en-un-dia-69-muertos-mil-406-contagios-287883.html<\/p>\n","protected":false},"excerpt":{"rendered":"<p>La Secretar\u00eda de Salud llam\u00f3 a padres de familia a registrar a ni\u00f1as y ni\u00f1os de cinco a 11 a\u00f1os [&hellip;]<\/p>\n","protected":false},"author":1,"featured_media":30148,"comment_status":"open","ping_status":"open","sticky":false,"template":"","format":"standard","meta":{"site-sidebar-layout":"default","site-content-layout":"","ast-site-content-layout":"default","site-content-style":"default","site-sidebar-style":"default","ast-global-header-display":"","ast-banner-title-visibility":"","ast-main-header-display":"","ast-hfb-above-header-display":"","ast-hfb-below-header-display":"","ast-hfb-mobile-header-display":"","site-post-title":"","ast-breadcrumbs-content":"","ast-featured-img":"","footer-sml-layout":"","theme-transparent-header-meta":"","adv-header-id-meta":"","stick-header-meta":"","header-above-stick-meta":"","header-main-stick-meta":"","header-below-stick-meta":"","astra-migrate-meta-layouts":"default","ast-page-background-enabled":"default","ast-page-background-meta":{"desktop":{"background-color":"var(--ast-global-color-4)","background-image":"","background-repeat":"repeat","background-position":"center center","background-size":"auto","background-attachment":"scroll","background-type":"","background-media":"","overlay-type":"","overlay-color":"","overlay-opacity":"","overlay-gradient":""},"tablet":{"background-color":"","background-image":"","background-repeat":"repeat","background-position":"center center","background-size":"auto","background-attachment":"scroll","background-type":"","background-media":"","overlay-type":"","overlay-color":"","overlay-opacity":"","overlay-gradient":""},"mobile":{"background-color":"","background-image":"","background-repeat":"repeat","background-position":"center center","background-size":"auto","background-attachment":"scroll","background-type":"","background-media":"","overlay-type":"","overlay-color":"","overlay-opacity":"","overlay-gradient":""}},"ast-content-background-meta":{"desktop":{"background-color":"var(--ast-global-color-5)","background-image":"","background-repeat":"repeat","background-position":"center center","background-size":"auto","background-attachment":"scroll","background-type":"","background-media":"","overlay-type":"","overlay-color":"","overlay-opacity":"","overlay-gradient":""},"tablet":{"background-color":"var(--ast-global-color-5)","background-image":"","background-repeat":"repeat","background-position":"center center","background-size":"auto","background-attachment":"scroll","background-type":"","background-media":"","overlay-type":"","overlay-color":"","overlay-opacity":"","overlay-gradient":""},"mobile":{"background-color":"var(--ast-global-color-5)","background-image":"","background-repeat":"repeat","background-position":"center center","background-size":"auto","background-attachment":"scroll","background-type":"","background-media":"","overlay-type":"","overlay-color":"","overlay-opacity":"","overlay-gradient":""}},"footnotes":""},"categories":[8],"tags":[2045,59],"class_list":["post-30147","post","type-post","status-publish","format-standard","has-post-thumbnail","hentry","category-noticias","tag-coronavirus","tag-covid-mexico"],"_links":{"self":[{"href":"https:\/\/losperiodistas.com.mx\/portal\/wp-json\/wp\/v2\/posts\/30147","targetHints":{"allow":["GET"]}}],"collection":[{"href":"https:\/\/losperiodistas.com.mx\/portal\/wp-json\/wp\/v2\/posts"}],"about":[{"href":"https:\/\/losperiodistas.com.mx\/portal\/wp-json\/wp\/v2\/types\/post"}],"author":[{"embeddable":true,"href":"https:\/\/losperiodistas.com.mx\/portal\/wp-json\/wp\/v2\/users\/1"}],"replies":[{"embeddable":true,"href":"https:\/\/losperiodistas.com.mx\/portal\/wp-json\/wp\/v2\/comments?post=30147"}],"version-history":[{"count":1,"href":"https:\/\/losperiodistas.com.mx\/portal\/wp-json\/wp\/v2\/posts\/30147\/revisions"}],"predecessor-version":[{"id":30149,"href":"https:\/\/losperiodistas.com.mx\/portal\/wp-json\/wp\/v2\/posts\/30147\/revisions\/30149"}],"wp:featuredmedia":[{"embeddable":true,"href":"https:\/\/losperiodistas.com.mx\/portal\/wp-json\/wp\/v2\/media\/30148"}],"wp:attachment":[{"href":"https:\/\/losperiodistas.com.mx\/portal\/wp-json\/wp\/v2\/media?parent=30147"}],"wp:term":[{"taxonomy":"category","embeddable":true,"href":"https:\/\/losperiodistas.com.mx\/portal\/wp-json\/wp\/v2\/categories?post=30147"},{"taxonomy":"post_tag","embeddable":true,"href":"https:\/\/losperiodistas.com.mx\/portal\/wp-json\/wp\/v2\/tags?post=30147"}],"curies":[{"name":"wp","href":"https:\/\/api.w.org\/{rel}","templated":true}]}}