{"id":30106,"date":"2022-06-16T08:36:59","date_gmt":"2022-06-16T13:36:59","guid":{"rendered":"http:\/\/losperiodistas.com.mx\/portal\/?p=30106"},"modified":"2022-06-16T08:37:01","modified_gmt":"2022-06-16T13:37:01","slug":"las-claves-del-proyecto-del-tunel-que-unira-espana-y-marruecos-cuando-arrancaria-su-construccion-cope","status":"publish","type":"post","link":"https:\/\/losperiodistas.com.mx\/portal\/las-claves-del-proyecto-del-tunel-que-unira-espana-y-marruecos-cuando-arrancaria-su-construccion-cope\/","title":{"rendered":"Las claves del proyecto del t\u00fanel que unir\u00e1 Espa\u00f1a y Marruecos: \u00bfcu\u00e1ndo arrancar\u00eda su construcci\u00f3n? | Cope"},"content":{"rendered":"\n<p><em>Para la construcci\u00f3n de este t\u00fanel se lleg\u00f3 a crear un Comit\u00e9 Mixto Hispano-Marroqu\u00ed y dos sociedades de estudio<\/em><\/p>\n\n\n\n<figure class=\"wp-block-image size-full\"><img fetchpriority=\"high\" decoding=\"async\" width=\"976\" height=\"549\" src=\"https:\/\/losperiodistas.com.mx\/portal\/wp-content\/uploads\/2022\/06\/1655321073949.jpeg\" alt=\"\" class=\"wp-image-30107\" srcset=\"https:\/\/losperiodistas.com.mx\/portal\/wp-content\/uploads\/2022\/06\/1655321073949.jpeg 976w, https:\/\/losperiodistas.com.mx\/portal\/wp-content\/uploads\/2022\/06\/1655321073949-300x169.jpeg 300w, https:\/\/losperiodistas.com.mx\/portal\/wp-content\/uploads\/2022\/06\/1655321073949-768x432.jpeg 768w\" sizes=\"(max-width: 976px) 100vw, 976px\" \/><\/figure>\n\n\n\n<p><\/p>\n\n\n\n<p class=\"has-vivid-cyan-blue-color has-text-color has-medium-font-size\">COPE<\/p>\n\n\n\n<p>El Gobierno espa\u00f1ol y el marroqu\u00ed llevan tratando de unir ambos territorios m\u00e1s de 42 a\u00f1os. El Estrecho de Gibraltar es una zona geoestrat\u00e9gica que sirve de uni\u00f3n entre el mar Mediterr\u00e1neo y el Oc\u00e9ano Atl\u00e1ntico. Tambi\u00e9n sirve como punto de divisi\u00f3n entre Europa y \u00c1frica. Esta zona comunica el Oriente Pr\u00f3ximo y Asia a trav\u00e9s del canal de Suez.<\/p>\n\n\n\n<p>El origen de la construcci\u00f3n del t\u00fanel Espa\u00f1a- Marruecos data de 1979 cuando el Rey marroqu\u00ed Hassan II de Marruecos y Juan Carlos I de Espa\u00f1a firmaron la Declaraci\u00f3n Com\u00fan Hispano-Marroqu\u00ed. Entre ambos pa\u00edses existen comit\u00e9s relacionados con varios aspectos como de agricultura. Para la construcci\u00f3n de este t\u00fanel se lleg\u00f3 a crear un Comit\u00e9 Mixto Hispano-Marroqu\u00ed y dos sociedades de estudio, una en cada pa\u00eds. Este comit\u00e9 estaba constituido por diez miembros, cinco espa\u00f1oles y cinco marroqu\u00edes.<\/p>\n\n\n\n<p>Esta zona recoge la mayor densidad de tr\u00e1fico mar\u00edtimo en todo el mundo.<strong>&nbsp;En el estrecho de Gibraltar tiene lugar el transporte del 80% del gas y del petr\u00f3leo que se trae desde Oriente Medio y \u00c1frica.<\/strong><\/p>\n\n\n\n<p>La visita que realiz\u00f3 S\u00e1nchez en Rabat en el mes de abril ha mejorado las relaciones con Marruecos. En ese viaje Pedro S\u00e1nchez se encontr\u00f3 con Mohamed VI. El presidente de relaciones internacionales asegur\u00f3 en este pa\u00eds que exist\u00eda el inter\u00e9s para poder unir ambos territorios. Sin embargo, habl\u00f3 de las dificultades que esto tra\u00eda consigo por su coste.<\/p>\n\n\n\n<p>El desarrollo de este t\u00fanel tambi\u00e9n podr\u00eda servir como gaseoducto entre Marruecos y Espa\u00f1a permitiendo el transporte de gas entre ambos territorios.<\/p>\n\n\n\n<figure class=\"wp-block-image size-full\"><img decoding=\"async\" width=\"976\" height=\"549\" src=\"https:\/\/losperiodistas.com.mx\/portal\/wp-content\/uploads\/2022\/06\/1655321104236.jpeg\" alt=\"\" class=\"wp-image-30108\" srcset=\"https:\/\/losperiodistas.com.mx\/portal\/wp-content\/uploads\/2022\/06\/1655321104236.jpeg 976w, https:\/\/losperiodistas.com.mx\/portal\/wp-content\/uploads\/2022\/06\/1655321104236-300x169.jpeg 300w, https:\/\/losperiodistas.com.mx\/portal\/wp-content\/uploads\/2022\/06\/1655321104236-768x432.jpeg 768w\" sizes=\"(max-width: 976px) 100vw, 976px\" \/><\/figure>\n\n\n\n<p>Tambi\u00e9n cabe destacar que este t\u00fanel no se construye solo con la finalidad de poder transportar mercanc\u00edas sino que tambi\u00e9n contempla poder transportar viajeros.<strong>&nbsp;Estos podr\u00e1n ser llevados a trav\u00e9s de veh\u00edculos como camiones o trenes.<\/strong><\/p>\n\n\n\n<p>La distancia que recorrer\u00e1 este t\u00fanel ser\u00e1 de 38,7 kil\u00f3metros, de los cuales 27,8 ser\u00e1n submarinos. El desarrollo de este t\u00fanel traer\u00eda consigo el desarrollo de numerosas estrategias no solo a nivel de transporte, sino tambi\u00e9n a nivel econ\u00f3mico.<\/p>\n\n\n\n<p>Los marroqu\u00edes por su parte consideran que este t\u00fanel promover\u00e1 las zonas de acceso marroqu\u00edes como las plataformas de transporte, instalaciones log\u00edsticas.<\/p>\n\n\n\n<p>Sin embargo, la construcci\u00f3n de este t\u00fanel no tiene fecha de inicio de construcci\u00f3n, ni ha sido un plan confirmado entre ambos pa\u00edses.&nbsp;<strong>Y, de empezar a construirse, deber\u00eda ser acordado antes de que finalice 2022 para que se produjeran cambios.<\/strong><\/p>\n\n\n\n<p>En los \u00faltimos meses el plan no se ha dejado de lado, sino que ha habido empresas p\u00fablicas tanto del territorio espa\u00f1ol como en el marroqu\u00ed, las cuales estar\u00edan dispuestas a llevar a cabo este t\u00fanel desde hace a\u00f1os.<\/p>\n\n\n\n<p>Por su parte, la Uni\u00f3n Europea sigue de cerca la evoluci\u00f3n de este proyecto, ya que la mayor\u00eda de las mercanc\u00edas y pasajeros que transitan el estrecho provienen de Europa o su destino reside en Europa.\u00a0<strong>A nivel europeo este t\u00fanel supondr\u00eda una prolongaci\u00f3n en los sistemas de transporte europeos.<\/strong><\/p>\n\n\n\n<p>Fuente: https:\/\/www.cope.es\/actualidad\/internacional\/noticias\/las-claves-del-proyecto-del-tunel-que-unira-espana-marruecos-cuando-arrancaria-construccion-20220615_2145008<\/p>\n","protected":false},"excerpt":{"rendered":"<p>Para la construcci\u00f3n de este t\u00fanel se lleg\u00f3 a crear un Comit\u00e9 Mixto Hispano-Marroqu\u00ed y dos sociedades de estudio COPE [&hellip;]<\/p>\n","protected":false},"author":1,"featured_media":30107,"comment_status":"open","ping_status":"open","sticky":false,"template":"","format":"standard","meta":{"site-sidebar-layout":"default","site-content-layout":"","ast-site-content-layout":"default","site-content-style":"default","site-sidebar-style":"default","ast-global-header-display":"","ast-banner-title-visibility":"","ast-main-header-display":"","ast-hfb-above-header-display":"","ast-hfb-below-header-display":"","ast-hfb-mobile-header-display":"","site-post-title":"","ast-breadcrumbs-content":"","ast-featured-img":"","footer-sml-layout":"","theme-transparent-header-meta":"","adv-header-id-meta":"","stick-header-meta":"","header-above-stick-meta":"","header-main-stick-meta":"","header-below-stick-meta":"","astra-migrate-meta-layouts":"default","ast-page-background-enabled":"default","ast-page-background-meta":{"desktop":{"background-color":"var(--ast-global-color-4)","background-image":"","background-repeat":"repeat","background-position":"center center","background-size":"auto","background-attachment":"scroll","background-type":"","background-media":"","overlay-type":"","overlay-color":"","overlay-opacity":"","overlay-gradient":""},"tablet":{"background-color":"","background-image":"","background-repeat":"repeat","background-position":"center center","background-size":"auto","background-attachment":"scroll","background-type":"","background-media":"","overlay-type":"","overlay-color":"","overlay-opacity":"","overlay-gradient":""},"mobile":{"background-color":"","background-image":"","background-repeat":"repeat","background-position":"center center","background-size":"auto","background-attachment":"scroll","background-type":"","background-media":"","overlay-type":"","overlay-color":"","overlay-opacity":"","overlay-gradient":""}},"ast-content-background-meta":{"desktop":{"background-color":"var(--ast-global-color-5)","background-image":"","background-repeat":"repeat","background-position":"center center","background-size":"auto","background-attachment":"scroll","background-type":"","background-media":"","overlay-type":"","overlay-color":"","overlay-opacity":"","overlay-gradient":""},"tablet":{"background-color":"var(--ast-global-color-5)","background-image":"","background-repeat":"repeat","background-position":"center center","background-size":"auto","background-attachment":"scroll","background-type":"","background-media":"","overlay-type":"","overlay-color":"","overlay-opacity":"","overlay-gradient":""},"mobile":{"background-color":"var(--ast-global-color-5)","background-image":"","background-repeat":"repeat","background-position":"center center","background-size":"auto","background-attachment":"scroll","background-type":"","background-media":"","overlay-type":"","overlay-color":"","overlay-opacity":"","overlay-gradient":""}},"footnotes":""},"categories":[8],"tags":[10815,10814],"class_list":["post-30106","post","type-post","status-publish","format-standard","has-post-thumbnail","hentry","category-noticias","tag-gibraltar-estrecho","tag-tunel-espana-marruecos"],"_links":{"self":[{"href":"https:\/\/losperiodistas.com.mx\/portal\/wp-json\/wp\/v2\/posts\/30106","targetHints":{"allow":["GET"]}}],"collection":[{"href":"https:\/\/losperiodistas.com.mx\/portal\/wp-json\/wp\/v2\/posts"}],"about":[{"href":"https:\/\/losperiodistas.com.mx\/portal\/wp-json\/wp\/v2\/types\/post"}],"author":[{"embeddable":true,"href":"https:\/\/losperiodistas.com.mx\/portal\/wp-json\/wp\/v2\/users\/1"}],"replies":[{"embeddable":true,"href":"https:\/\/losperiodistas.com.mx\/portal\/wp-json\/wp\/v2\/comments?post=30106"}],"version-history":[{"count":1,"href":"https:\/\/losperiodistas.com.mx\/portal\/wp-json\/wp\/v2\/posts\/30106\/revisions"}],"predecessor-version":[{"id":30109,"href":"https:\/\/losperiodistas.com.mx\/portal\/wp-json\/wp\/v2\/posts\/30106\/revisions\/30109"}],"wp:featuredmedia":[{"embeddable":true,"href":"https:\/\/losperiodistas.com.mx\/portal\/wp-json\/wp\/v2\/media\/30107"}],"wp:attachment":[{"href":"https:\/\/losperiodistas.com.mx\/portal\/wp-json\/wp\/v2\/media?parent=30106"}],"wp:term":[{"taxonomy":"category","embeddable":true,"href":"https:\/\/losperiodistas.com.mx\/portal\/wp-json\/wp\/v2\/categories?post=30106"},{"taxonomy":"post_tag","embeddable":true,"href":"https:\/\/losperiodistas.com.mx\/portal\/wp-json\/wp\/v2\/tags?post=30106"}],"curies":[{"name":"wp","href":"https:\/\/api.w.org\/{rel}","templated":true}]}}