{"id":30094,"date":"2022-06-16T07:33:09","date_gmt":"2022-06-16T12:33:09","guid":{"rendered":"http:\/\/losperiodistas.com.mx\/portal\/?p=30094"},"modified":"2022-06-16T07:33:13","modified_gmt":"2022-06-16T12:33:13","slug":"gurria-presidira-el-foro-de-paris-para-la-paz-en-favor-del-multilateralismo-forbes","status":"publish","type":"post","link":"https:\/\/losperiodistas.com.mx\/portal\/gurria-presidira-el-foro-de-paris-para-la-paz-en-favor-del-multilateralismo-forbes\/","title":{"rendered":"Gurr\u00eda presidir\u00e1 el Foro de Par\u00eds para la Paz, en favor del multilateralismo | Forbes"},"content":{"rendered":"\n<p><em>El Foro de Par\u00eds para la Paz indic\u00f3 que Gurr\u00eda ha sido elegido por unanimidad de los miembros de su consejo ejecutivo y suceder\u00e1 al franc\u00e9s Pascal Lamy, antiguo ministro y exdirector general de la Organizaci\u00f3n Mundial del Comercio.<\/em><\/p>\n\n\n\n<figure class=\"wp-block-image size-large\"><img fetchpriority=\"high\" decoding=\"async\" width=\"1024\" height=\"576\" src=\"https:\/\/losperiodistas.com.mx\/portal\/wp-content\/uploads\/2022\/06\/91308156-1024x576.jpeg\" alt=\"\" class=\"wp-image-30097\" srcset=\"https:\/\/losperiodistas.com.mx\/portal\/wp-content\/uploads\/2022\/06\/91308156-1024x576.jpeg 1024w, https:\/\/losperiodistas.com.mx\/portal\/wp-content\/uploads\/2022\/06\/91308156-300x169.jpeg 300w, https:\/\/losperiodistas.com.mx\/portal\/wp-content\/uploads\/2022\/06\/91308156-768x432.jpeg 768w, https:\/\/losperiodistas.com.mx\/portal\/wp-content\/uploads\/2022\/06\/91308156.jpeg 1280w\" sizes=\"(max-width: 1024px) 100vw, 1024px\" \/><figcaption><em>Jos\u00e9 \u00c1ngel Gurr\u00eda Foto: Notimex<\/em><\/figcaption><\/figure>\n\n\n\n<p class=\"has-vivid-cyan-blue-color has-text-color has-medium-font-size\">FORBES STAFF<\/p>\n\n\n\n<p><strong>EFE.-&nbsp;<\/strong>El anterior secretario general de la OCDE, el mexicano Jos\u00e9 \u00c1ngel Gurr\u00eda, ser\u00e1 a partir de marzo de 2023 el nuevo presidente del Foro de Par\u00eds para la Paz, una instancia de di\u00e1logo creada en 2018 a instancias del jefe del Estado franc\u00e9s, Emmanuel Macron, para promover el multilateralismo.<\/p>\n\n\n\n<p>En un comunicado, el Foro de Par\u00eds para la Paz indic\u00f3 que Gurr\u00eda ha sido elegido por unanimidad de los miembros de su consejo ejecutivo y suceder\u00e1 al franc\u00e9s Pascal Lamy, antiguo ministro y exdirector general de la Organizaci\u00f3n Mundial del Comercio (OMC).<\/p>\n\n\n\n<figure class=\"wp-block-embed is-type-rich is-provider-twitter wp-block-embed-twitter\"><div class=\"wp-block-embed__wrapper\">\nhttps:\/\/twitter.com\/ParisPeaceForum\/status\/1537050405753987072?ref_src=twsrc%5Etfw%7Ctwcamp%5Etweetembed%7Ctwterm%5E1537050405753987072%7Ctwgr%5E%7Ctwcon%5Es1_c10&#038;ref_url=https%3A%2F%2Fwww.forbes.com.mx%2Fgurria-presidira-el-foro-de-paris-para-la-paz-en-favor-del-multilateralismo\n<\/div><\/figure>\n\n\n\n<p>Este organismo, cuya asamblea general est\u00e1 compuesta por once organizaciones del Norte y del Sur, destac\u00f3 la \u201cbrillante carrera\u201d que tuvo el pol\u00edtico mexicano en su pa\u00eds natal, donde fue ministro de Exteriores, Finanzas y Cr\u00e9dito P\u00fablico en los a\u00f1os 1990.<\/p>\n\n\n\n<p>Sobre todo, record\u00f3 que estuvo al frente de la Organizaci\u00f3n para la Cooperaci\u00f3n y el Desarrollo Econ\u00f3mico (OCDE) entre 2006 y 2021, y que durante ese periodo se esforz\u00f3 en hacerla \u201cm\u00e1s inclusiva gracias a nuevas adhesiones que reforzaron el v\u00ednculo con las principales econom\u00edas emergentes\u201d.<\/p>\n\n\n\n<p>Tambi\u00e9n hizo notar que bajo su direcci\u00f3n la organizaci\u00f3n \u201cse impuso como un pilar de la arquitectura de la gobernanza econ\u00f3mica mundial y reforz\u00f3 su compromiso activo ante el G20, el G7, la APEC y otros foros internacionales\u201d.<\/p>\n\n\n\n<p>Gurr\u00eda afirm\u00f3 en el mismo comunicado que durante su carrera pol\u00edtica y al frente de la OCDE se ha comprometido \u201ca reforzar el multilateralismo y a mejorar la gobernanza mundial\u201d.<\/p>\n\n\n\n<p><a href=\"https:\/\/www.forbes.com.mx\/\"><strong><em>Sigue la informaci\u00f3n sobre los negocios y la actualidad en Forbes M\u00e9xico<\/em><\/strong><\/a><\/p>\n\n\n\n<p>\u201cTeniendo en cuenta la evoluci\u00f3n del contexto internacional y la polarizaci\u00f3n geopol\u00edtica creciente, creo que el mandato del Foro de Par\u00eds para la Paz nunca ha sido tan pertinente y urgente\u201d, dijo.<\/p>\n\n\n\n<p>La primera edici\u00f3n del Foro de Par\u00eds para la Paz se celebr\u00f3 en noviembre de 2018 en un momento en que la presidencia de Donald Trump en Estados Unidos cuestionaba el multilateralismo y Macron quiso dar una respuesta con una instancia de di\u00e1logo.<\/p>\n\n\n\n<p>Desde entonces, este organismo reivindica haber reunido a 40.000 participantes de 175 pa\u00edses, 131 jefes de Estado y de Gobierno, 48 dirigentes de organismos internacionales y m\u00e1s de 500 empresas.\u00a0<\/p>\n\n\n\n<p>Fuente: https:\/\/www.forbes.com.mx\/gurria-presidira-el-foro-de-paris-para-la-paz-en-favor-del-multilateralismo\/<\/p>\n","protected":false},"excerpt":{"rendered":"<p>El Foro de Par\u00eds para la Paz indic\u00f3 que Gurr\u00eda ha sido elegido por unanimidad de los miembros de su [&hellip;]<\/p>\n","protected":false},"author":1,"featured_media":30097,"comment_status":"open","ping_status":"open","sticky":false,"template":"","format":"standard","meta":{"site-sidebar-layout":"default","site-content-layout":"","ast-site-content-layout":"default","site-content-style":"default","site-sidebar-style":"default","ast-global-header-display":"","ast-banner-title-visibility":"","ast-main-header-display":"","ast-hfb-above-header-display":"","ast-hfb-below-header-display":"","ast-hfb-mobile-header-display":"","site-post-title":"","ast-breadcrumbs-content":"","ast-featured-img":"","footer-sml-layout":"","theme-transparent-header-meta":"","adv-header-id-meta":"","stick-header-meta":"","header-above-stick-meta":"","header-main-stick-meta":"","header-below-stick-meta":"","astra-migrate-meta-layouts":"default","ast-page-background-enabled":"default","ast-page-background-meta":{"desktop":{"background-color":"var(--ast-global-color-4)","background-image":"","background-repeat":"repeat","background-position":"center center","background-size":"auto","background-attachment":"scroll","background-type":"","background-media":"","overlay-type":"","overlay-color":"","overlay-opacity":"","overlay-gradient":""},"tablet":{"background-color":"","background-image":"","background-repeat":"repeat","background-position":"center center","background-size":"auto","background-attachment":"scroll","background-type":"","background-media":"","overlay-type":"","overlay-color":"","overlay-opacity":"","overlay-gradient":""},"mobile":{"background-color":"","background-image":"","background-repeat":"repeat","background-position":"center center","background-size":"auto","background-attachment":"scroll","background-type":"","background-media":"","overlay-type":"","overlay-color":"","overlay-opacity":"","overlay-gradient":""}},"ast-content-background-meta":{"desktop":{"background-color":"var(--ast-global-color-5)","background-image":"","background-repeat":"repeat","background-position":"center center","background-size":"auto","background-attachment":"scroll","background-type":"","background-media":"","overlay-type":"","overlay-color":"","overlay-opacity":"","overlay-gradient":""},"tablet":{"background-color":"var(--ast-global-color-5)","background-image":"","background-repeat":"repeat","background-position":"center center","background-size":"auto","background-attachment":"scroll","background-type":"","background-media":"","overlay-type":"","overlay-color":"","overlay-opacity":"","overlay-gradient":""},"mobile":{"background-color":"var(--ast-global-color-5)","background-image":"","background-repeat":"repeat","background-position":"center center","background-size":"auto","background-attachment":"scroll","background-type":"","background-media":"","overlay-type":"","overlay-color":"","overlay-opacity":"","overlay-gradient":""}},"footnotes":""},"categories":[8],"tags":[10811,6298,2218],"class_list":["post-30094","post","type-post","status-publish","format-standard","has-post-thumbnail","hentry","category-noticias","tag-foro-de-paris-para-la-paz","tag-jose-angel-gurria","tag-ocde"],"_links":{"self":[{"href":"https:\/\/losperiodistas.com.mx\/portal\/wp-json\/wp\/v2\/posts\/30094","targetHints":{"allow":["GET"]}}],"collection":[{"href":"https:\/\/losperiodistas.com.mx\/portal\/wp-json\/wp\/v2\/posts"}],"about":[{"href":"https:\/\/losperiodistas.com.mx\/portal\/wp-json\/wp\/v2\/types\/post"}],"author":[{"embeddable":true,"href":"https:\/\/losperiodistas.com.mx\/portal\/wp-json\/wp\/v2\/users\/1"}],"replies":[{"embeddable":true,"href":"https:\/\/losperiodistas.com.mx\/portal\/wp-json\/wp\/v2\/comments?post=30094"}],"version-history":[{"count":1,"href":"https:\/\/losperiodistas.com.mx\/portal\/wp-json\/wp\/v2\/posts\/30094\/revisions"}],"predecessor-version":[{"id":30098,"href":"https:\/\/losperiodistas.com.mx\/portal\/wp-json\/wp\/v2\/posts\/30094\/revisions\/30098"}],"wp:featuredmedia":[{"embeddable":true,"href":"https:\/\/losperiodistas.com.mx\/portal\/wp-json\/wp\/v2\/media\/30097"}],"wp:attachment":[{"href":"https:\/\/losperiodistas.com.mx\/portal\/wp-json\/wp\/v2\/media?parent=30094"}],"wp:term":[{"taxonomy":"category","embeddable":true,"href":"https:\/\/losperiodistas.com.mx\/portal\/wp-json\/wp\/v2\/categories?post=30094"},{"taxonomy":"post_tag","embeddable":true,"href":"https:\/\/losperiodistas.com.mx\/portal\/wp-json\/wp\/v2\/tags?post=30094"}],"curies":[{"name":"wp","href":"https:\/\/api.w.org\/{rel}","templated":true}]}}