{"id":30090,"date":"2022-06-16T07:12:55","date_gmt":"2022-06-16T12:12:55","guid":{"rendered":"http:\/\/losperiodistas.com.mx\/portal\/?p=30090"},"modified":"2022-06-16T07:12:57","modified_gmt":"2022-06-16T12:12:57","slug":"lo-que-pasa-en-el-ejercito-se-queda-en-el-ejercito-el-infierno-de-denunciar-un-abuso-sexual-en-las-fuerzas-armadas-de-mexico-el-pais","status":"publish","type":"post","link":"https:\/\/losperiodistas.com.mx\/portal\/lo-que-pasa-en-el-ejercito-se-queda-en-el-ejercito-el-infierno-de-denunciar-un-abuso-sexual-en-las-fuerzas-armadas-de-mexico-el-pais\/","title":{"rendered":"\u201cLo que pasa en el ej\u00e9rcito se queda en el ej\u00e9rcito\u201d: el infierno de denunciar un abuso sexual en las Fuerzas Armadas de M\u00e9xico | El Pa\u00eds"},"content":{"rendered":"\n<p>Una sargento narra a EL PA\u00cdS las trabas y el riesgo de acusar a un superior de una agresi\u00f3n sufrida en las instalaciones militares<\/p>\n\n\n\n<figure class=\"wp-block-image size-large\"><img fetchpriority=\"high\" decoding=\"async\" width=\"1024\" height=\"683\" src=\"https:\/\/losperiodistas.com.mx\/portal\/wp-content\/uploads\/2022\/06\/GET6SZ4YIBHJ5LRTLMPBI3M6WI-1024x683.jpg\" alt=\"\" class=\"wp-image-30091\" srcset=\"https:\/\/losperiodistas.com.mx\/portal\/wp-content\/uploads\/2022\/06\/GET6SZ4YIBHJ5LRTLMPBI3M6WI-1024x683.jpg 1024w, https:\/\/losperiodistas.com.mx\/portal\/wp-content\/uploads\/2022\/06\/GET6SZ4YIBHJ5LRTLMPBI3M6WI-300x200.jpg 300w, https:\/\/losperiodistas.com.mx\/portal\/wp-content\/uploads\/2022\/06\/GET6SZ4YIBHJ5LRTLMPBI3M6WI-768x512.jpg 768w, https:\/\/losperiodistas.com.mx\/portal\/wp-content\/uploads\/2022\/06\/GET6SZ4YIBHJ5LRTLMPBI3M6WI-1536x1024.jpg 1536w, https:\/\/losperiodistas.com.mx\/portal\/wp-content\/uploads\/2022\/06\/GET6SZ4YIBHJ5LRTLMPBI3M6WI.jpg 1960w\" sizes=\"(max-width: 1024px) 100vw, 1024px\" \/><figcaption>A. F. J., v\u00edctima de abuso sexual por parte de un superior del Ej\u00e9rcito mexicano, el pasado 10 de junio en Ciudad de M\u00e9xico. M\u00d3NICA GONZ\u00c1LEZ<\/figcaption><\/figure>\n\n\n\n<p class=\"has-vivid-cyan-blue-color has-text-color has-medium-font-size\">BEATRIZ GUILL\u00c9N \/ EL PA\u00cdS<\/p>\n\n\n\n<p>El aliento del teniente coronel de infanter\u00eda Dorian&nbsp;<em>N<\/em>&nbsp;ol\u00eda ese d\u00eda a chile guajillo. La sargento A. F. J. lo dice un mes despu\u00e9s y se retuerce a muchos kil\u00f3metros de distancia. La militar denunci\u00f3 a finales de abril a su superior por abuso sexual en un proceso plagado de obst\u00e1culos. Desde entonces, dice a EL PA\u00cdS, su vida se ha convertido en una pesadilla: \u201cDenunci\u00e9 y me ech\u00e9 a todo el ej\u00e9rcito encima\u201d. La joven, de 30 a\u00f1os, afirma que ha sido apartada de sus funciones, aislada por sus compa\u00f1eros, acusada de insubordinaci\u00f3n y tambi\u00e9n amenazada de muerte. Si se atreve ahora a contar su historia es por miedo: \u201cTemo que la situaci\u00f3n vaya m\u00e1s all\u00e1 y me violen o me desaparezcan. Quiero que quede todo por escrito\u201d. La<a href=\"https:\/\/elpais.com\/mexico\/2022-05-13\/el-secretario-de-defensa-sobre-la-huida-del-ejercito-en-nueva-italia-no-habia-por-que-responder-a-la-fuerza.html\">&nbsp;Secretar\u00eda de la Defensa Nacional&nbsp;<\/a>no ha querido contestar a las preguntas de este peri\u00f3dico.<\/p>\n\n\n\n<p>Era 23 de abril por la ma\u00f1ana y la sargento primero auxiliar de inform\u00e1tica se dirigi\u00f3 al departamento de archivo para consultar informaci\u00f3n sobre unas impresoras. Desde su puesto en Tapachula, Chiapas, ten\u00eda que recopilar cu\u00e1ntas impresiones se hab\u00edan hecho ese mes en la 36<a href=\"https:\/\/elpais.com\/mexico\/2022-02-17\/un-poblado-de-guerrero-retiene-a-unos-50-militares-por-horas-en-senal-de-protesta-ante-los-supuestos-abusos-del-ejercito-en-la-zona.html\">&nbsp;zona militar<\/a>. Le faltaban los datos del batall\u00f3n 61, en Tonal\u00e1, y del 100, en Chiapas Nuevo. Toc\u00f3 en la puerta de madera y la atendi\u00f3 un soldado a trav\u00e9s de una reja: \u201c\u00bfQu\u00e9 necesita, mi sargento?\u201d.<\/p>\n\n\n\n<p>Durante esa conversaci\u00f3n, alguien se acerc\u00f3 por detr\u00e1s de A. F. J. y, dice, le agarr\u00f3 fuerte la cadera. \u201cRecorri\u00f3 todo mi cuerpo de la cintura hacia arriba, pero de verdad lo hizo con sa\u00f1a, restreg\u00e1ndose. Me agarr\u00f3 los senos, me los apret\u00f3 y movi\u00f3 con movimientos circulares\u201d, cuenta del tir\u00f3n. La joven se pone de pie para recrear la agresi\u00f3n: \u201cAcerc\u00f3 su pene contra mi cuerpo y me subi\u00f3, como que me di\u00f3 el&nbsp;<em>llegue<\/em>, lo que conocemos como&nbsp;<em>llegue<\/em>&nbsp;[embestida], me subi\u00f3: \u00a1zas!\u201d.<\/p>\n\n\n\n<p>\u201cMe volte\u00e9 y el teniente coronel Dorian me solt\u00f3. Se empez\u00f3 a re\u00edr y me dijo: \u2018Ay, perd\u00f3n, te confund\u00ed con Karina\u2019. Y se fue riendo. Yo me qued\u00e9 at\u00f3nita, blanca, no supe qu\u00e9 hacer. Vi c\u00f3mo se encontr\u00f3 a otro de justicia y le dijo ri\u00e9ndose: \u2018Ay, ya la cagu\u00e9, ya la regu\u00e9\u2019, y se metieron en su oficina\u201d, contin\u00faa la soldado y apunta: \u201cYo no me llevo con \u00e9l, no me gusta llevarme porque se dan malas interpretaciones, es triste pero as\u00ed es\u201d. A. F. J. afirma que se sinti\u00f3 \u201cdefraudada\u201d consigo misma: \u201cCuando iba en la secundaria me pas\u00f3 lo mismo y me jur\u00e9 a m\u00ed misma que ya no me iban a hacer ese tipo de cosas de nuevo\u201d, dice y entonces llora.<\/p>\n\n\n\n<figure class=\"wp-block-image size-large\"><img decoding=\"async\" width=\"1024\" height=\"576\" src=\"https:\/\/losperiodistas.com.mx\/portal\/wp-content\/uploads\/2022\/06\/KYVBBXQLXJAC5IBI24EVUGRK4U-1024x576.jpeg\" alt=\"\" class=\"wp-image-30092\" srcset=\"https:\/\/losperiodistas.com.mx\/portal\/wp-content\/uploads\/2022\/06\/KYVBBXQLXJAC5IBI24EVUGRK4U-1024x576.jpeg 1024w, https:\/\/losperiodistas.com.mx\/portal\/wp-content\/uploads\/2022\/06\/KYVBBXQLXJAC5IBI24EVUGRK4U-300x169.jpeg 300w, https:\/\/losperiodistas.com.mx\/portal\/wp-content\/uploads\/2022\/06\/KYVBBXQLXJAC5IBI24EVUGRK4U-768x432.jpeg 768w, https:\/\/losperiodistas.com.mx\/portal\/wp-content\/uploads\/2022\/06\/KYVBBXQLXJAC5IBI24EVUGRK4U-1536x864.jpeg 1536w, https:\/\/losperiodistas.com.mx\/portal\/wp-content\/uploads\/2022\/06\/KYVBBXQLXJAC5IBI24EVUGRK4U.jpeg 1960w\" sizes=\"(max-width: 1024px) 100vw, 1024px\" \/><figcaption>Denuncia de abuso sexual. interpuesta el 24 de abril por la sargento A.F. J., en Tapachula.<\/figcaption><\/figure>\n\n\n\n<p><\/p>\n\n\n\n<p>Al d\u00eda siguiente de la agresi\u00f3n, la joven redact\u00f3 una denuncia dirigida al centro de justicia militar n\u00famero 18 El Sabino, en Chiapas. \u201cA las dos horas de enviarla, baj\u00f3 un comandante a comunicarme que no iba a proceder. Me dijo: \u2018No lo voy a meter porque con este parte le vas a arruinar la carrera militar al jefe\u2019\u201d, cuenta la joven. Ante esa situaci\u00f3n, ella decidi\u00f3 escalar la denuncia: la envi\u00f3 a la direcci\u00f3n general de Derechos Humanos, al Observatorio de la Mujer y al comandante de la S\u00e9ptima Regi\u00f3n Militar, radicada en&nbsp;<a href=\"https:\/\/elpais.com\/mexico\/2021-12-11\/los-supervivientes-de-la-tragedia-en-chiapas-era-un-bulto-de-gente-muerta-tuve-que-salir-de-entre-20-cadaveres.html\">Tuxtla Guti\u00e9rrez, la capital del Estado<\/a>. Solo recibi\u00f3 una respuesta: \u201cEl citado Observatorio de Igualdad carece de facultades para conocer sobre las conductas que usted refiere\u201d. Este \u00f3rgano militar fue creado en 2011 espec\u00edficamente para \u201celiminar cualquier forma de discriminaci\u00f3n por motivos de g\u00e9nero\u201d. Ante una denuncia de abuso, se declaraba incompetente.<\/p>\n\n\n\n<p>En uno de los \u00faltimos registros que la Secretar\u00eda Nacional de Defensa tuvo que hacer p\u00fablico \u2014por medio de una petici\u00f3n de transparencia al peri\u00f3dico&nbsp;<em>El Sol de M\u00e9xico<\/em>\u2014 se cifran en 582 las denuncias por ataques sexuales al interior del Ej\u00e9rcito entre 2006 y 2021. Los expertos consideran que esos n\u00fameros son solo la punta del iceberg, porque&nbsp;<a href=\"https:\/\/elpais.com\/sociedad\/2019\/07\/31\/actualidad\/1564592004_914856.html\">la mayor\u00eda de las v\u00edctimas no se atreve a denunciar<\/a>. Seg\u00fan los mismos datos de la SEDENA, solo 33 militares han sido procesados en estos 15 a\u00f1os por esas agresiones.<\/p>\n\n\n\n<p>A. F. J. ha recibido mensajes de WhatsApp, revisados por este peri\u00f3dico, en el que otras compa\u00f1eras de la misma zona militar relatan ataques similares y recomiendan a la v\u00edctima que desista en su denuncia. Una mujer que pide mantener el anonimato le escribi\u00f3: \u201cHace tres a\u00f1os yo era soldado en la 36 zona militar y recib\u00eda acoso de parte de un sargento segundo. Me dec\u00eda que so\u00f1aba que ten\u00eda relaciones sexuales conmigo. Me amenazaba con \u00f3rdenes de arresto. Siempre tuve miedo de una violaci\u00f3n. Tuve que renunciar a mis sue\u00f1os a causa del acoso sexual y de no tener apoyo por parte de los superiores, porque su lema es que un soldado no puede actuar en contra de un superior. Desert\u00e9 del ej\u00e9rcito\u201d. Otra sargento, una compa\u00f1era, trat\u00f3 de aconsejarla: \u201cNo puedes ir contra el sistema, sabes que habr\u00e1 mandos que har\u00e1n lo imposible para que te vayas\u201d. Pero ella sigui\u00f3.<\/p>\n\n\n\n<figure class=\"wp-block-image\"><img decoding=\"async\" src=\"https:\/\/imagenes.elpais.com\/resizer\/hjeFFTnuZ1k_5e1LKt8oJF3KK9I=\/414x0\/cloudfront-eu-central-1.images.arcpublishing.com\/prisa\/P7WPOARDJ5A7LGI7EJZXMXP3WY.jpeg\" alt=\"Soldados en el Ej\u00e9rcito mexicano, en la 33 zona milita de Campeche.\"\/><figcaption>Soldados en el Ej\u00e9rcito mexicano, en la 33 zona milita de Campeche.MICHAEL BALAM (CUARTOSCURO)<\/figcaption><\/figure>\n\n\n\n<p>A los d\u00edas, una llamada de la direcci\u00f3n de Derechos Humanos hizo reaccionar a los mandos militares. Dieron inicio a un protocolo para la prevenci\u00f3n y atenci\u00f3n al hostigamiento sexual, y remitieron la denuncia de A. F. J. al centro El Sabino. \u201cEsta comandancia le otorga todas las facilidades para que acuda a la Unidad M\u00e9dica de Consulta Externa para que reciba la atenci\u00f3n m\u00e9dica y psicol\u00f3gica que requiera, as\u00ed como cualquier otra medida para su protecci\u00f3n, sin que pase desapercibido que su denuncia ya fue debidamente canalizada a la Agente del Ministerio P\u00fablico Militar\u201d, se lee en un documento del 26 de abril, firmado por el coronel de infanter\u00eda Hamlet Toledo.<\/p>\n\n\n\n<p>Pero lleg\u00f3 el 7 de mayo y nada se hab\u00eda movido. A. F. J. volvi\u00f3 a insistir a la comandancia: la \u201comisi\u00f3n\u201d tanto del Ministerio P\u00fablico Militar como del personal administrativo la revictimizaba. Escribi\u00f3, de nuevo, desesperada, el 13 de mayo: \u201cHan transcurrido 19 d\u00edas naturales desde que se cometi\u00f3 el hecho denunciado sin que se me haya recibido mi entrevista as\u00ed como tampoco se me ha designado por parte de la autoridad ministerial asesor jur\u00eddico ni se han decretado las medidas de protecci\u00f3n\u201d. Ese mismo d\u00eda lleg\u00f3 la respuesta del Estado Mayor para avisar que la denuncia se hab\u00eda canalizado a la Fiscal\u00eda General de Justicia Militar, con sede en Ciudad de M\u00e9xico y todo el proceso se har\u00eda all\u00ed a partir de entonces.<\/p>\n\n\n\n<p>Entre este vaiv\u00e9n de escritos, la vida de la joven sargento se volvi\u00f3 \u201calgo que nadie se puede imaginar\u201d. Toma aire y A. F. J. enumera: empezaron a seguirla y se tuvo que mudar de casa, recibi\u00f3 escritos con amenazas de muerte por debajo de la puerta de su oficina, sus compa\u00f1eros dejaron de hablarle, perdi\u00f3 el acceso a zonas de trabajo, le abrieron dos carpetas de investigaci\u00f3n acus\u00e1ndola de insubordinaci\u00f3n y extracci\u00f3n de documentos, y la amenazaron con expulsarla de las fuerzas armadas. \u201cEl comandante de la s\u00e9ptima regi\u00f3n dijo que las personas que trabaj\u00e1bamos dentro y denunci\u00e1bamos \u00e9ramos gente desleal, que no merec\u00edamos estar en el ej\u00e9rcito, que lo que pasaba en el ej\u00e9rcito se ten\u00eda que quedar en el ej\u00e9rcito\u201d, cuenta y a\u00f1ade enfadada: \u201cTambi\u00e9n me han dicho que c\u00f3mo me atrevo a denunciar, que si no me da verg\u00fcenza: \u00a1verg\u00fcenza le hubiera de dar a \u00e9l! Yo me estoy defendiendo. Lo que \u00e9l hizo es un abuso sexual agravado de un servidor p\u00fablico a otro\u201d.<\/p>\n\n\n\n<h2 class=\"wp-block-heading\">\u201cYo so\u00f1aba con pertenecer al ej\u00e9rcito\u201d<\/h2>\n\n\n\n<p>A. F. J. ingres\u00f3 al ej\u00e9rcito hace 10 a\u00f1os, cuando ella ten\u00eda 20 y estaba estudiando Administraci\u00f3n y Gesti\u00f3n Financiera en la Universidad Polit\u00e9cnica del Estado de Morelos. Hizo un servicio social en el Hospital Militar de Cuernavaca y se qued\u00f3 fascinada con la disciplina y el respeto que emanaban los uniformados. \u201cDesde entonces yo so\u00f1aba con pertenecer al ej\u00e9rcito\u201d, cuenta. Dej\u00f3 la carrera y consigui\u00f3 entrar en un puesto como soldado raso de inform\u00e1tica. Despu\u00e9s pas\u00f3 algunos a\u00f1os por Morelia, en Michoac\u00e1n, y en 2019 la enviaron a la frontera sur, a Tapachula. Ha ido escalando posiciones, y cuenta con orgullo, qued\u00f3 en el tercer puesto a nivel nacional en la promoci\u00f3n a sargento segundo. \u201cLa instituci\u00f3n es la m\u00e1s noble y buena, son las personas la que la han corrompido\u201d, defiende la militar.<\/p>\n\n\n\n<p>Cuando sucedi\u00f3 la agresi\u00f3n, A. F. J. estaba imbuida en un conflicto laboral con el general al mando de la zona militar 36, Miguel \u00c1ngel&nbsp;<em>N<\/em>. \u00c9l la hab\u00eda convocado un procedimiento llamado consejo de honor, en el que se eval\u00faa a los trabajadores castrenses. La sargento ya hab\u00eda superado uno en diciembre, pero a principios de enero de 2022 fue llamada de nuevo a otro por haber acumulado 36 d\u00edas de arresto en 2021 al incumplir la disciplina militar. Se hab\u00eda dormido durante una clase (tres d\u00edas de arresto), llegado tarde en tres ocasiones al pase de lista (una suma de 23 d\u00edas) y no hab\u00eda presentado suficiente respeto a un superior (10 d\u00edas): en total superaba los 30 d\u00edas permitidos en un a\u00f1o. La defensa de A. F. J. se bas\u00f3 en que se trataba de faltas leves cometidas durante un per\u00edodo emocional dif\u00edcil para ella por un problema familiar; ped\u00eda la oportunidad de corregir su conducta.<\/p>\n\n\n\n<p>Las sanciones tras un consejo de honor van desde la prisi\u00f3n militar durante 15 d\u00edas, el cambio de unidad a otra parte del pa\u00eds o la expulsi\u00f3n, seg\u00fan la gravedad de los hechos cometidos. La sargento afirma que ella no tuvo una oportunidad real de defenderse, porque el general ya hab\u00eda decidido mucho antes su castigo \u2014seg\u00fan induce de unas conversaciones filtradas entre los miembros del Consejo, tambi\u00e9n mostradas a este peri\u00f3dico\u2014. El 19 de enero, el general de la zona 36 certifica su baja del Ej\u00e9rcito porque \u201ccon su conducta ha demostrado indisciplina, falta de profesionalismo y celo en el cumplimiento de su deber\u201d.<\/p>\n\n\n\n<figure class=\"wp-block-image\"><img decoding=\"async\" src=\"https:\/\/imagenes.elpais.com\/resizer\/03M_U2MYOiaPF3fZX_tH_lvZGGI=\/414x0\/cloudfront-eu-central-1.images.arcpublishing.com\/prisa\/ALSWRMJK2FE2HHR5SOH2LUVM7A.jpg\" alt=\"La sargento A. F. J., en una entrevista en Ciudad de M\u00e9xico.\"\/><figcaption>La sargento A. F. J., en una entrevista en Ciudad de M\u00e9xico.M\u00d3NICA GONZ\u00c1LEZ ISLAS<\/figcaption><\/figure>\n\n\n\n<p>Tras amparos y recursos \u2014en los que A. F. J. apelaba a que el consejo se hab\u00eda desarrollado fuera de tiempo y que los arrestos no hab\u00edan tenido lugar en la 36 zona militar sino cuando ella estaba de servicio en otros batallones\u2014, la intervenci\u00f3n del general de Inform\u00e1tica (la unidad de la que depende la sargento), Haro C\u00e1rdenas, obliga a mantener a la joven en el puesto. El 25 de abril el general Miguel \u00c1ngel&nbsp;<em>N<\/em>&nbsp;emite un documento en el que declara inv\u00e1lido su propio consejo por \u201cno estar debidamente documentado\u201d y por \u201cvicios en el proceso\u201d. En ese marco sucede la agresi\u00f3n. La joven no puede evitar ver una conexi\u00f3n: \u201cEl teniente coronel Dorian forma parte del estado mayor del general de la 36 zona militar\u201d.<\/p>\n\n\n\n<p>El 11 de mayo es convocada de nuevo a un Consejo de Honor por los mismos hechos de 2021: \u201cMi general Miguel \u00c1ngel mand\u00f3 a decir que eso lo hab\u00eda hecho para que se me quitaran las ganas de seguir acusando a los diplomados y que de su cuenta corr\u00eda que me iban a correr del ej\u00e9rcito. Tratan de amedrentarme moralmente. Son hostilidades para acorralarme. Pero conmigo dif\u00edcilmente lo van a hacer porque yo ya estoy en este barco. Pido justicia y que el responsable pague por lo que hizo\u201d. EL PA\u00cdS ha tratado de conseguir la versi\u00f3n de la Sedena, pero no ha recibido respuesta.<\/p>\n\n\n\n<p>La sargento relata su experiencia en varios encuentros con este peri\u00f3dico en Ciudad de M\u00e9xico, donde est\u00e1 siguiendo el proceso de su denuncia. El 6 de junio rindi\u00f3 su primera declaraci\u00f3n para la carpeta de investigaci\u00f3n y ha tenido varios encuentros con peritos psicol\u00f3gicos. Sin embargo, sigue sin confiar en el proceso. Despu\u00e9s de estas pruebas debe volver a su puesto en Tapachula, \u201ca la boca del lobo\u201d. \u201cMe da miedo regresar, no s\u00e9 qu\u00e9 va a pasar conmigo, me da miedo que me lleguen a desaparecer\u201d, dice desesperada.&nbsp;<a href=\"https:\/\/elpais.com\/mexico\/2022-05-18\/el-pais-de-los-100000-desaparecidos.html\">En M\u00e9xico hay m\u00e1s de 100.000 personas desaparecidas<\/a>, un delito que se ha convertido, seg\u00fan la ONU, en el paradigma del crimen perfecto en el pa\u00eds. \u201cYo no quiero ser un n\u00famero m\u00e1s\u201d.<\/p>\n\n\n\n<p><a href=\"https:\/\/plus.elpais.com\/newsletters\/lnp\/1\/348\"><strong>Suscr\u00edbase aqu\u00ed<\/strong><\/a>a la\u00a0<em>newsletter<\/em>\u00a0de EL PA\u00cdS M\u00e9xico y reciba todas las claves informativas de la actualidad de este pa\u00eds<\/p>\n\n\n\n<p>Fuente: https:\/\/elpais.com\/mexico\/2022-06-16\/lo-que-pasa-en-el-ejercito-se-queda-en-el-ejercito-el-infierno-de-denunciar-un-abuso-sexual-en-las-fuerzas-armadas-de-mexico.html<\/p>\n","protected":false},"excerpt":{"rendered":"<p>Una sargento narra a EL PA\u00cdS las trabas y el riesgo de acusar a un superior de una agresi\u00f3n sufrida [&hellip;]<\/p>\n","protected":false},"author":1,"featured_media":30091,"comment_status":"open","ping_status":"open","sticky":false,"template":"","format":"standard","meta":{"site-sidebar-layout":"default","site-content-layout":"","ast-site-content-layout":"default","site-content-style":"default","site-sidebar-style":"default","ast-global-header-display":"","ast-banner-title-visibility":"","ast-main-header-display":"","ast-hfb-above-header-display":"","ast-hfb-below-header-display":"","ast-hfb-mobile-header-display":"","site-post-title":"","ast-breadcrumbs-content":"","ast-featured-img":"","footer-sml-layout":"","theme-transparent-header-meta":"","adv-header-id-meta":"","stick-header-meta":"","header-above-stick-meta":"","header-main-stick-meta":"","header-below-stick-meta":"","astra-migrate-meta-layouts":"default","ast-page-background-enabled":"default","ast-page-background-meta":{"desktop":{"background-color":"var(--ast-global-color-4)","background-image":"","background-repeat":"repeat","background-position":"center center","background-size":"auto","background-attachment":"scroll","background-type":"","background-media":"","overlay-type":"","overlay-color":"","overlay-opacity":"","overlay-gradient":""},"tablet":{"background-color":"","background-image":"","background-repeat":"repeat","background-position":"center center","background-size":"auto","background-attachment":"scroll","background-type":"","background-media":"","overlay-type":"","overlay-color":"","overlay-opacity":"","overlay-gradient":""},"mobile":{"background-color":"","background-image":"","background-repeat":"repeat","background-position":"center center","background-size":"auto","background-attachment":"scroll","background-type":"","background-media":"","overlay-type":"","overlay-color":"","overlay-opacity":"","overlay-gradient":""}},"ast-content-background-meta":{"desktop":{"background-color":"var(--ast-global-color-5)","background-image":"","background-repeat":"repeat","background-position":"center center","background-size":"auto","background-attachment":"scroll","background-type":"","background-media":"","overlay-type":"","overlay-color":"","overlay-opacity":"","overlay-gradient":""},"tablet":{"background-color":"var(--ast-global-color-5)","background-image":"","background-repeat":"repeat","background-position":"center center","background-size":"auto","background-attachment":"scroll","background-type":"","background-media":"","overlay-type":"","overlay-color":"","overlay-opacity":"","overlay-gradient":""},"mobile":{"background-color":"var(--ast-global-color-5)","background-image":"","background-repeat":"repeat","background-position":"center center","background-size":"auto","background-attachment":"scroll","background-type":"","background-media":"","overlay-type":"","overlay-color":"","overlay-opacity":"","overlay-gradient":""}},"footnotes":""},"categories":[8],"tags":[2743,3262],"class_list":["post-30090","post","type-post","status-publish","format-standard","has-post-thumbnail","hentry","category-noticias","tag-abusos-sexuales","tag-sedena"],"_links":{"self":[{"href":"https:\/\/losperiodistas.com.mx\/portal\/wp-json\/wp\/v2\/posts\/30090","targetHints":{"allow":["GET"]}}],"collection":[{"href":"https:\/\/losperiodistas.com.mx\/portal\/wp-json\/wp\/v2\/posts"}],"about":[{"href":"https:\/\/losperiodistas.com.mx\/portal\/wp-json\/wp\/v2\/types\/post"}],"author":[{"embeddable":true,"href":"https:\/\/losperiodistas.com.mx\/portal\/wp-json\/wp\/v2\/users\/1"}],"replies":[{"embeddable":true,"href":"https:\/\/losperiodistas.com.mx\/portal\/wp-json\/wp\/v2\/comments?post=30090"}],"version-history":[{"count":1,"href":"https:\/\/losperiodistas.com.mx\/portal\/wp-json\/wp\/v2\/posts\/30090\/revisions"}],"predecessor-version":[{"id":30093,"href":"https:\/\/losperiodistas.com.mx\/portal\/wp-json\/wp\/v2\/posts\/30090\/revisions\/30093"}],"wp:featuredmedia":[{"embeddable":true,"href":"https:\/\/losperiodistas.com.mx\/portal\/wp-json\/wp\/v2\/media\/30091"}],"wp:attachment":[{"href":"https:\/\/losperiodistas.com.mx\/portal\/wp-json\/wp\/v2\/media?parent=30090"}],"wp:term":[{"taxonomy":"category","embeddable":true,"href":"https:\/\/losperiodistas.com.mx\/portal\/wp-json\/wp\/v2\/categories?post=30090"},{"taxonomy":"post_tag","embeddable":true,"href":"https:\/\/losperiodistas.com.mx\/portal\/wp-json\/wp\/v2\/tags?post=30090"}],"curies":[{"name":"wp","href":"https:\/\/api.w.org\/{rel}","templated":true}]}}