{"id":30087,"date":"2022-06-16T06:42:51","date_gmt":"2022-06-16T11:42:51","guid":{"rendered":"http:\/\/losperiodistas.com.mx\/portal\/?p=30087"},"modified":"2022-06-16T06:42:53","modified_gmt":"2022-06-16T11:42:53","slug":"la-iglesia-catolica-advierte-sobre-el-peligro-de-ideologizacion-de-la-educacion-en-mexico-aci","status":"publish","type":"post","link":"https:\/\/losperiodistas.com.mx\/portal\/la-iglesia-catolica-advierte-sobre-el-peligro-de-ideologizacion-de-la-educacion-en-mexico-aci\/","title":{"rendered":"La Iglesia Cat\u00f3lica advierte sobre el peligro de ideologizaci\u00f3n de la educaci\u00f3n en M\u00e9xico\u00a0| ACI"},"content":{"rendered":"\n<figure class=\"wp-block-image size-full\"><img fetchpriority=\"high\" decoding=\"async\" width=\"900\" height=\"500\" src=\"https:\/\/losperiodistas.com.mx\/portal\/wp-content\/uploads\/2022\/06\/Ramon-Castro-Castro-EWTN-150622.jpg\" alt=\"\" class=\"wp-image-30088\" srcset=\"https:\/\/losperiodistas.com.mx\/portal\/wp-content\/uploads\/2022\/06\/Ramon-Castro-Castro-EWTN-150622.jpg 900w, https:\/\/losperiodistas.com.mx\/portal\/wp-content\/uploads\/2022\/06\/Ramon-Castro-Castro-EWTN-150622-300x167.jpg 300w, https:\/\/losperiodistas.com.mx\/portal\/wp-content\/uploads\/2022\/06\/Ramon-Castro-Castro-EWTN-150622-768x427.jpg 768w\" sizes=\"(max-width: 900px) 100vw, 900px\" \/><figcaption>Mons. Ram\u00f3n Castro Castro en entrevista con EWTN Noticias.<\/figcaption><\/figure>\n\n\n\n<p class=\"has-vivid-cyan-blue-color has-text-color has-medium-font-size\">DAVID RAMOS \/ ACI PRENSA<\/p>\n\n\n\n<p>La Iglesia Cat\u00f3lica advierte del peligro de \u201cla politizaci\u00f3n y la ideolog\u00eda de la educaci\u00f3n\u201d en M\u00e9xico, e hizo un llamado a los padres de familia a tener una participaci\u00f3n especial y activa en el proceso educativo de los ni\u00f1os.<\/p>\n\n\n\n<p>Entrevistado por ACI Prensa \/ EWTN Noticias, el secretario general de la Conferencia del Episcopado Mexicano (CEM) y Obispo de Cuernavaca, Mons. Ram\u00f3n Castro Castro, advirti\u00f3 que \u201cun riesgo latente\u201d para la educaci\u00f3n en M\u00e9xico \u201ces&nbsp;<strong>la politizaci\u00f3n y la ideolog\u00eda de la educaci\u00f3n<\/strong>, pues siendo una pol\u00edtica p\u00fablica de Estado se corre el riesgo de que sea instrumentalizada mediante una injerencia indebida y contraria a la libertad de educaci\u00f3n, con prop\u00f3sitos distintos a los fines naturales de la educaci\u00f3n\u201d.<\/p>\n\n\n\n<p>El Prelado mexicano alent\u00f3 adem\u00e1s que las autoridades civiles provean a los estudiantes mexicanos de \u201c<strong>libros de texto centrados en las ciencias de la realidad y en los valores trascendentales y universales, eternos y libres de toda ideolog\u00eda<\/strong>\u201d.<\/p>\n\n\n\n<p>Las declaraciones del Secretario General de la CEM recuerdan las cr\u00edticas dirigidas en los \u00faltimos a\u00f1os contra los libros escolares distribuidos por la Secretar\u00eda de Educaci\u00f3n P\u00fablica (SEP) de M\u00e9xico. Importantes plataformas como el Frente Nacional por la Familia han denunciado que muchos ejemplares promueven la ideolog\u00eda de g\u00e9nero.<\/p>\n\n\n\n<p>Mons. Castro Castro resalt\u00f3 que \u201cla educaci\u00f3n es el arma m\u00e1s poderosa de la que disponen las familias, personas y pa\u00edses para poder desarrollarse\u201d.<\/p>\n\n\n\n<p>\u201cEs ciertamente la base primordial para lograr el desarrollo humano integral. Ojo, integral, y que sea tambi\u00e9n sustentable de las personas, y constituye el sustento b\u00e1sico del crecimiento y progreso de los pa\u00edses\u201d, destac\u00f3.<\/p>\n\n\n\n<p>Por ello, continu\u00f3, la educaci\u00f3n es tanto \u201c<strong>una tarea fundamental de la familia, como un deber necesario para el Estado<\/strong>\u201d.<\/p>\n\n\n\n<p>El Prelado lament\u00f3 que \u201cM\u00e9xico vive una emergencia educativa como todo el mundo, agravada ahora por la pandemia tal y como lo hemos ya se\u00f1alado los obispos en el documento de la Conferencia Episcopal \u2018Educar para una nueva sociedad\u2019\u201d.<\/p>\n\n\n\n<p>En M\u00e9xico, continu\u00f3, \u201cprevalece la desigualdad, una desigualdad social, el desempleo, la pobreza, la inseguridad, la informalidad laboral, el asistencialismo, la marginaci\u00f3n de grupos vulnerables y una falta de conocimiento y de vivencia de la fe cristiana, por desgracia\u201d.<\/p>\n\n\n\n<p>Un importante desaf\u00edo, advirti\u00f3, \u201ces el presupuesto\u201d, pues se est\u00e1 disponiendo de un \u201cmenor uso de los recursos p\u00fablicos para los ni\u00f1os, adolescentes, para todo el pa\u00eds\u201d.<\/p>\n\n\n\n<p>\u201cCon datos del Centro de Investigaci\u00f3n Econ\u00f3mica y de Presupuesto, en el a\u00f1o en que se reanudaron las clases, ya en modo presencial en M\u00e9xico, el gasto p\u00fablico educativo ser\u00e1 el m\u00e1s bajo de los \u00faltimos 12 a\u00f1os con relaci\u00f3n al PIB\u201d, critic\u00f3.<\/p>\n\n\n\n<p>Tras subrayar la importancia de \u201cmejorar la inversi\u00f3n en la formaci\u00f3n y en la profesionalizaci\u00f3n del magisterio\u201d, el Obispo de Cuernavaca se\u00f1al\u00f3 que \u201ces indispensable lograr una mayor integraci\u00f3n y participaci\u00f3n de la comunidad educativa, en especial de los padres de familia, verdaderos art\u00edfices del proceso educativo en la vida de cualquier escolar\u201d.<\/p>\n\n\n\n<p>\u201cMuchos obst\u00e1culos podr\u00edan superarse si los padres de familia, los maestros, los alumnos, los directivos, trabajasen en equipo, poniendo en el centro de sus preocupaciones a cada alumno\u201d, dijo.<\/p>\n\n\n\n<p>Mons. Castro Castro record\u00f3 que \u201cel Papa Francisco ha propuesto un nuevo pacto educativo global, y ha insistido recientemente en la reuni\u00f3n con distintos representantes del sector educativo en la centralidad de la persona\u201d.<\/p>\n\n\n\n<p>Adem\u00e1s, indic\u00f3, el Santo Padre ha resaltado la importancia del \u201c<strong>reconocimiento de la participaci\u00f3n de los padres como garantes (&#8230;) de las tradiciones y valores<\/strong>\u201d.<\/p>\n\n\n\n<p>El Secretario General de la Conferencia del Episcopado Mexicano resalt\u00f3 que \u201cciertamente, la Iglesia Cat\u00f3lica puede ayudar a que la educaci\u00f3n en M\u00e9xico sea m\u00e1s humana, proclamando a tiempo y a destiempo la importancia de una educaci\u00f3n en sentido trascendente\u201d.<\/p>\n\n\n\n<p>Tras destacar que la educaci\u00f3n \u201ces la \u00fanica y verdadera soluci\u00f3n de fondo\u201d para la paz en M\u00e9xico, Mons. Castro Castro resalt\u00f3 que la Iglesia Cat\u00f3lica puede tener un papel clave en \u201cpromover colaboraci\u00f3n de Gobierno y sociedad por la educaci\u00f3n, apoyar la formaci\u00f3n de formadores en escuelas y universidades\u201d.<\/p>\n\n\n\n<p>\u201cY<strong>\u00a0mirar a Cristo y a Mar\u00eda como inspiraci\u00f3n y plenitud del proyecto educativo de la Iglesia<\/strong>\u201d, concluy\u00f3.<\/p>\n\n\n\n<p>Fuente: https:\/\/www.aciprensa.com\/noticias\/la-iglesia-catolica-advierte-sobre-el-peligro-de-ideologizacion-de-la-educacion-en-mexico-88004<\/p>\n","protected":false},"excerpt":{"rendered":"<p>DAVID RAMOS \/ ACI PRENSA La Iglesia Cat\u00f3lica advierte del peligro de \u201cla politizaci\u00f3n y la ideolog\u00eda de la educaci\u00f3n\u201d [&hellip;]<\/p>\n","protected":false},"author":1,"featured_media":30088,"comment_status":"open","ping_status":"open","sticky":false,"template":"","format":"standard","meta":{"site-sidebar-layout":"default","site-content-layout":"","ast-site-content-layout":"default","site-content-style":"default","site-sidebar-style":"default","ast-global-header-display":"","ast-banner-title-visibility":"","ast-main-header-display":"","ast-hfb-above-header-display":"","ast-hfb-below-header-display":"","ast-hfb-mobile-header-display":"","site-post-title":"","ast-breadcrumbs-content":"","ast-featured-img":"","footer-sml-layout":"","theme-transparent-header-meta":"","adv-header-id-meta":"","stick-header-meta":"","header-above-stick-meta":"","header-main-stick-meta":"","header-below-stick-meta":"","astra-migrate-meta-layouts":"default","ast-page-background-enabled":"default","ast-page-background-meta":{"desktop":{"background-color":"var(--ast-global-color-4)","background-image":"","background-repeat":"repeat","background-position":"center center","background-size":"auto","background-attachment":"scroll","background-type":"","background-media":"","overlay-type":"","overlay-color":"","overlay-opacity":"","overlay-gradient":""},"tablet":{"background-color":"","background-image":"","background-repeat":"repeat","background-position":"center center","background-size":"auto","background-attachment":"scroll","background-type":"","background-media":"","overlay-type":"","overlay-color":"","overlay-opacity":"","overlay-gradient":""},"mobile":{"background-color":"","background-image":"","background-repeat":"repeat","background-position":"center center","background-size":"auto","background-attachment":"scroll","background-type":"","background-media":"","overlay-type":"","overlay-color":"","overlay-opacity":"","overlay-gradient":""}},"ast-content-background-meta":{"desktop":{"background-color":"var(--ast-global-color-5)","background-image":"","background-repeat":"repeat","background-position":"center center","background-size":"auto","background-attachment":"scroll","background-type":"","background-media":"","overlay-type":"","overlay-color":"","overlay-opacity":"","overlay-gradient":""},"tablet":{"background-color":"var(--ast-global-color-5)","background-image":"","background-repeat":"repeat","background-position":"center center","background-size":"auto","background-attachment":"scroll","background-type":"","background-media":"","overlay-type":"","overlay-color":"","overlay-opacity":"","overlay-gradient":""},"mobile":{"background-color":"var(--ast-global-color-5)","background-image":"","background-repeat":"repeat","background-position":"center center","background-size":"auto","background-attachment":"scroll","background-type":"","background-media":"","overlay-type":"","overlay-color":"","overlay-opacity":"","overlay-gradient":""}},"footnotes":""},"categories":[8],"tags":[],"class_list":["post-30087","post","type-post","status-publish","format-standard","has-post-thumbnail","hentry","category-noticias"],"_links":{"self":[{"href":"https:\/\/losperiodistas.com.mx\/portal\/wp-json\/wp\/v2\/posts\/30087","targetHints":{"allow":["GET"]}}],"collection":[{"href":"https:\/\/losperiodistas.com.mx\/portal\/wp-json\/wp\/v2\/posts"}],"about":[{"href":"https:\/\/losperiodistas.com.mx\/portal\/wp-json\/wp\/v2\/types\/post"}],"author":[{"embeddable":true,"href":"https:\/\/losperiodistas.com.mx\/portal\/wp-json\/wp\/v2\/users\/1"}],"replies":[{"embeddable":true,"href":"https:\/\/losperiodistas.com.mx\/portal\/wp-json\/wp\/v2\/comments?post=30087"}],"version-history":[{"count":1,"href":"https:\/\/losperiodistas.com.mx\/portal\/wp-json\/wp\/v2\/posts\/30087\/revisions"}],"predecessor-version":[{"id":30089,"href":"https:\/\/losperiodistas.com.mx\/portal\/wp-json\/wp\/v2\/posts\/30087\/revisions\/30089"}],"wp:featuredmedia":[{"embeddable":true,"href":"https:\/\/losperiodistas.com.mx\/portal\/wp-json\/wp\/v2\/media\/30088"}],"wp:attachment":[{"href":"https:\/\/losperiodistas.com.mx\/portal\/wp-json\/wp\/v2\/media?parent=30087"}],"wp:term":[{"taxonomy":"category","embeddable":true,"href":"https:\/\/losperiodistas.com.mx\/portal\/wp-json\/wp\/v2\/categories?post=30087"},{"taxonomy":"post_tag","embeddable":true,"href":"https:\/\/losperiodistas.com.mx\/portal\/wp-json\/wp\/v2\/tags?post=30087"}],"curies":[{"name":"wp","href":"https:\/\/api.w.org\/{rel}","templated":true}]}}