{"id":30080,"date":"2022-06-15T20:30:07","date_gmt":"2022-06-16T01:30:07","guid":{"rendered":"http:\/\/losperiodistas.com.mx\/portal\/?p=30080"},"modified":"2022-06-16T06:20:26","modified_gmt":"2022-06-16T11:20:26","slug":"drenajes-de-lavaderos-de-almoloya-fueron-convertidos-en-tuneles-por-beneficio-economico-del-hotel-rosewood-ferrer-ljo","status":"publish","type":"post","link":"https:\/\/losperiodistas.com.mx\/portal\/drenajes-de-lavaderos-de-almoloya-fueron-convertidos-en-tuneles-por-beneficio-economico-del-hotel-rosewood-ferrer-ljo\/","title":{"rendered":"Drenajes de Lavaderos de Almoloya fueron convertidos en t\u00faneles por beneficio econ\u00f3mico del hotel Rosewood: Ferrer | LJO"},"content":{"rendered":"\n<figure class=\"wp-block-embed is-type-video is-provider-youtube wp-block-embed-youtube wp-embed-aspect-16-9 wp-has-aspect-ratio\"><div class=\"wp-block-embed__wrapper\">\n<iframe title=\"La recuperaci\u00f3n de espacios como los Lavaderos de Almoloya es hist\u00f3rica y justa: Manuel Villarruel\" width=\"500\" height=\"281\" src=\"https:\/\/www.youtube.com\/embed\/2wqQHEJoK_g?feature=oembed\" frameborder=\"0\" allow=\"accelerometer; autoplay; clipboard-write; encrypted-media; gyroscope; picture-in-picture; web-share\" referrerpolicy=\"strict-origin-when-cross-origin\" allowfullscreen><\/iframe>\n<\/div><\/figure>\n\n\n\n<p><\/p>\n\n\n\n<p class=\"has-vivid-cyan-blue-color has-text-color has-medium-font-size\">PAULA CARRIZOSA \/ LA JORNADA DE ORIENTE<\/p>\n\n\n\n<p>Los \u201ct\u00faneles\u201d que fueron abiertos y adecuados como elementos hist\u00f3ricos en los Lavaderos de Almoloya, mismos que en realidad son antigua infraestructura hidr\u00e1ulica, fueron intervenidos por el hotel Rosewood -al que le fue concesionado el espacio desde 2017- \u201ca escondidas, con el af\u00e1n de generar dinero no cultura, destruyendo la historia\u201d, se\u00f1al\u00f3 Igor Ferrer, colaborador del gobierno de Puebla en el proyecto de recuperaci\u00f3n de espacios p\u00fablicos.&nbsp;<\/p>\n\n\n\n<p>Al anunciar que el gobierno estatal trabaja en un proyecto de conservaci\u00f3n e intervenci\u00f3n del espacio en coordinaci\u00f3n con el Instituto Nacional de Antropolog\u00eda e Historia (INAH), Ferrer denunci\u00f3 que hay \u201cun deterioro tremendo en estas obras hidr\u00e1ulicas que fueron disfrazadas como t\u00faneles de \u00e9poca para sacar un beneficio econ\u00f3mico que ve\u00edan solamente estas empresas que ten\u00edan tomadas los espacios\u201d.&nbsp;&nbsp;<\/p>\n\n\n\n<p>En la conferencia matutina encabezada por el gobernador Luis Miguel Barbosa Huerta en la que se anunci\u00f3 el trabajo conjunto con el INAH, Ferrer complet\u00f3 que\u00a0<strong>a la par de los supuestos t\u00faneles, hab\u00eda una capilla \u201cque fue abierta beligerantemente, a escondidas, sin conocimiento de la autoridad para lograr estos cambios\u201d,<\/strong>\u00a0que se usaba para las bodas por lo civil, pero que originalmente era una cisterna y que ahora invade y filtra el agua.\u00a0<\/p>\n\n\n\n<p>A esto, dijo, se suma la corriente el\u00e9ctrica instalada en el piso de la capilla y del supuesto t\u00fanel, lo que hace que sea un peligro para cualquier visitante.&nbsp;<\/p>\n\n\n\n<blockquote class=\"wp-block-quote is-layout-flow wp-block-quote-is-layout-flow\"><p>\u201cLo que ser\u00eda de risa son las intervenciones en la entrada hacia la cisterna, pues pusieron la piedra que sostiene el arco al rev\u00e9s lo que garantiza que va a colapsar. Lo quitaron para darle mayor vista en la techumbre que es la calle que esta frente a los lavaderos, algo que podr\u00eda ser letal. Estaba detenido por el \u00b4esp\u00edritu santo\u00b4, a escondidas con el af\u00e1n de tener dinero y no cultura, destruyendo la historia de Puebla\u201d, expuso.&nbsp;&nbsp;<\/p><\/blockquote>\n\n\n\n<p>En ese sentido, el gobernador Luis Miguel Barbosa se\u00f1al\u00f3 que los t\u00faneles no eran t\u00faneles, sino que eran drenajes y recientemente los hicieron t\u00faneles. \u201cFue una zona que con estructuras no fuertes, porque las t\u00e9cnicas de construcci\u00f3n han ido mejorando, porque cuando estos desag\u00fces se volvieron t\u00faneles&nbsp;<a href=\"https:\/\/www.lajornadadeoriente.com.mx\/puebla\/cambios-en-lavaderos-de-almoloya-destruyeron-la-historia\/\" target=\"_blank\" rel=\"noreferrer noopener\">para fines de beneficio<\/a>&nbsp;tur\u00edstico de empresas hubo da\u00f1os estructurales muy importantes, que pueden poner en peligro la zona\u201d, mencion\u00f3 acompa\u00f1ado por Carlos Palafox, consejero jur\u00eddico del gobierno estatal.&nbsp;<\/p>\n\n\n\n<p>Al respecto, el titular del Centro INAH Puebla, Manuel Villarruel V\u00e1zquez, aplaudi\u00f3 la recuperaci\u00f3n de espacios que \u201cconforman esta historia, esta urdimbre\u201d en la que se fue construyendo la zona urbana, que forman parte de un legado que es necesario conservar. \u201cEl ejercicio de certeza jur\u00eddica de recuperaci\u00f3n de espacios es importante, hist\u00f3rico y justo, pues los espacios se recuperan para el uso de la ciudadan\u00eda y empezar a entender la historia\u201d.\u00a0<\/p>\n\n\n\n<p>Acot\u00f3 que&nbsp;<strong>al INAH le interesa la conservaci\u00f3n de los vestigios arqueol\u00f3gicos de los espacios hist\u00f3ricos que necesitan de un mantenimient<\/strong>o; indic\u00f3 que por tanto se buscar\u00e1n los mejores caminos para la conservaci\u00f3n.&nbsp;<\/p>\n\n\n\n<p>Expuso que mediante un recorrido por los lavaderos de Almoloya, lugar donde escurre el agua, en \u00e9l se habla del origen de la ciudad en un sistema de agua limpia, donde se aprovechaba y se lavaba con jabones que proven\u00edan de plantas naturales, por lo que el proceso era biodegradable, se pod\u00eda aprovechar y devolver el agua que volv\u00eda a correr al r\u00edo, sirviendo para otros usos.&nbsp;<\/p>\n\n\n\n<p>\u201cEs importante, desde el punto de vista hist\u00f3rico y natural, pues hablan de ese dialogo que la humanidad ten\u00eda con la naturaleza y los ecosistemas, a la par de que permite que las nuevas generaciones entiendan y se piense c\u00f3mo volver a dialoga con la naturaleza\u201d, estim\u00f3.&nbsp;<\/p>\n\n\n\n<p>Villarruel V\u00e1zquez acot\u00f3 que es necesario hacer un programa de intervenci\u00f3n y dictaminaci\u00f3n, adem\u00e1s de que fue adecuada la medida de atenci\u00f3n inmediata como lo fue el cerrar para su revisi\u00f3n los espacios subterr\u00e1neos para revisar su estabilidad. \u201cSer\u00e1 un rescate ventajoso de la ciudad de Puebla\u201d, concluy\u00f3.&nbsp;<\/p>\n\n\n\n<p>A su vez, Enrique G\u00f3mez, supervisor&nbsp;<a href=\"https:\/\/twitter.com\/CentroINAHPue\" target=\"_blank\" rel=\"noreferrer noopener\">del centro<\/a>&nbsp;INAH, complet\u00f3 que el terreno presenta escurrimientos y ello acarrea un problema de inestabilidad, marcado por la p\u00e9rdida de tierra entre la b\u00f3veda y el piso, que hacen que no exista la conexi\u00f3n con la que la tierra permit\u00eda la transici\u00f3n de las cargas. \u201cEl haber bajado el piso de los canales convierte a todo el sistema en un riesgo mayor, pues no se ten\u00eda previsto su uso como t\u00faneles, sino que eran desag\u00fces\u201d, expuso.&nbsp;&nbsp;<\/p>\n\n\n\n<p>En su turno, el arquitecto Alberto Miranda, dijo que ya se tomaron medidas de seguridad, a la par de que el tiempo que estuvieron cerrados hizo que se deterioraran con el desprendimiento del material de los supuestos t\u00faneles, de los cuales se escarb\u00f3 y se recubrieron con materiales muy ligeros.&nbsp;<\/p>\n\n\n\n<p>Por \u00faltimo, Alejandro Montiel, el historiador designado por el gobierno estatal,\u00a0<strong>consider\u00f3 que con este trabajo se han precisado cosas, pues se hab\u00edan construido leyendas. \u201cLa historia de Puebla es suficientemente maravillosa para inventar cosas que no tienen sentido\u201d<\/strong>, dijo y record\u00f3 que el Centro INAH Puebla tiene investigaciones sobre esa zona, que podr\u00edan ser rescatadas en beneficio del proyecto.\u00a0<\/p>\n\n\n\n<p>Fuente: https:\/\/www.lajornadadeoriente.com.mx\/puebla\/cambios-en-lavaderos-de-almoloya-destruyeron-la-historia\/<\/p>\n","protected":false},"excerpt":{"rendered":"<p>PAULA CARRIZOSA \/ LA JORNADA DE ORIENTE Los \u201ct\u00faneles\u201d que fueron abiertos y adecuados como elementos hist\u00f3ricos en los Lavaderos [&hellip;]<\/p>\n","protected":false},"author":1,"featured_media":30081,"comment_status":"open","ping_status":"open","sticky":false,"template":"","format":"standard","meta":{"site-sidebar-layout":"default","site-content-layout":"","ast-site-content-layout":"default","site-content-style":"default","site-sidebar-style":"default","ast-global-header-display":"","ast-banner-title-visibility":"","ast-main-header-display":"","ast-hfb-above-header-display":"","ast-hfb-below-header-display":"","ast-hfb-mobile-header-display":"","site-post-title":"","ast-breadcrumbs-content":"","ast-featured-img":"","footer-sml-layout":"","theme-transparent-header-meta":"","adv-header-id-meta":"","stick-header-meta":"","header-above-stick-meta":"","header-main-stick-meta":"","header-below-stick-meta":"","astra-migrate-meta-layouts":"default","ast-page-background-enabled":"default","ast-page-background-meta":{"desktop":{"background-color":"var(--ast-global-color-4)","background-image":"","background-repeat":"repeat","background-position":"center center","background-size":"auto","background-attachment":"scroll","background-type":"","background-media":"","overlay-type":"","overlay-color":"","overlay-opacity":"","overlay-gradient":""},"tablet":{"background-color":"","background-image":"","background-repeat":"repeat","background-position":"center center","background-size":"auto","background-attachment":"scroll","background-type":"","background-media":"","overlay-type":"","overlay-color":"","overlay-opacity":"","overlay-gradient":""},"mobile":{"background-color":"","background-image":"","background-repeat":"repeat","background-position":"center center","background-size":"auto","background-attachment":"scroll","background-type":"","background-media":"","overlay-type":"","overlay-color":"","overlay-opacity":"","overlay-gradient":""}},"ast-content-background-meta":{"desktop":{"background-color":"var(--ast-global-color-5)","background-image":"","background-repeat":"repeat","background-position":"center center","background-size":"auto","background-attachment":"scroll","background-type":"","background-media":"","overlay-type":"","overlay-color":"","overlay-opacity":"","overlay-gradient":""},"tablet":{"background-color":"var(--ast-global-color-5)","background-image":"","background-repeat":"repeat","background-position":"center center","background-size":"auto","background-attachment":"scroll","background-type":"","background-media":"","overlay-type":"","overlay-color":"","overlay-opacity":"","overlay-gradient":""},"mobile":{"background-color":"var(--ast-global-color-5)","background-image":"","background-repeat":"repeat","background-position":"center center","background-size":"auto","background-attachment":"scroll","background-type":"","background-media":"","overlay-type":"","overlay-color":"","overlay-opacity":"","overlay-gradient":""}},"footnotes":""},"categories":[8],"tags":[10805,1037,10806,10804],"class_list":["post-30080","post","type-post","status-publish","format-standard","has-post-thumbnail","hentry","category-noticias","tag-hotel-rosewood","tag-inah","tag-jacobo-martinez","tag-lavaderos-de-almoloya"],"_links":{"self":[{"href":"https:\/\/losperiodistas.com.mx\/portal\/wp-json\/wp\/v2\/posts\/30080","targetHints":{"allow":["GET"]}}],"collection":[{"href":"https:\/\/losperiodistas.com.mx\/portal\/wp-json\/wp\/v2\/posts"}],"about":[{"href":"https:\/\/losperiodistas.com.mx\/portal\/wp-json\/wp\/v2\/types\/post"}],"author":[{"embeddable":true,"href":"https:\/\/losperiodistas.com.mx\/portal\/wp-json\/wp\/v2\/users\/1"}],"replies":[{"embeddable":true,"href":"https:\/\/losperiodistas.com.mx\/portal\/wp-json\/wp\/v2\/comments?post=30080"}],"version-history":[{"count":1,"href":"https:\/\/losperiodistas.com.mx\/portal\/wp-json\/wp\/v2\/posts\/30080\/revisions"}],"predecessor-version":[{"id":30082,"href":"https:\/\/losperiodistas.com.mx\/portal\/wp-json\/wp\/v2\/posts\/30080\/revisions\/30082"}],"wp:featuredmedia":[{"embeddable":true,"href":"https:\/\/losperiodistas.com.mx\/portal\/wp-json\/wp\/v2\/media\/30081"}],"wp:attachment":[{"href":"https:\/\/losperiodistas.com.mx\/portal\/wp-json\/wp\/v2\/media?parent=30080"}],"wp:term":[{"taxonomy":"category","embeddable":true,"href":"https:\/\/losperiodistas.com.mx\/portal\/wp-json\/wp\/v2\/categories?post=30080"},{"taxonomy":"post_tag","embeddable":true,"href":"https:\/\/losperiodistas.com.mx\/portal\/wp-json\/wp\/v2\/tags?post=30080"}],"curies":[{"name":"wp","href":"https:\/\/api.w.org\/{rel}","templated":true}]}}