{"id":30072,"date":"2022-06-15T19:06:17","date_gmt":"2022-06-16T00:06:17","guid":{"rendered":"http:\/\/losperiodistas.com.mx\/portal\/?p=30072"},"modified":"2022-06-16T06:06:44","modified_gmt":"2022-06-16T11:06:44","slug":"falta-de-agua-crisis-latente-en-mexico","status":"publish","type":"post","link":"https:\/\/losperiodistas.com.mx\/portal\/falta-de-agua-crisis-latente-en-mexico\/","title":{"rendered":"<strong>Falta de agua, crisis latente en M\u00e9xico<\/strong>"},"content":{"rendered":"\n<p><\/p>\n\n\n\n<p class=\"has-vivid-cyan-blue-color has-text-color\" style=\"font-size:26px\">Por Fernando Manzanilla Prieto<\/p>\n\n\n\n<p>Actualmente el mundo atraviesa por diversas crisis que ponen en jaque a la humanidad. Se habla de crisis econ\u00f3micas, ambientales, de seguridad e incluso de valores, las cuales sin duda son muy importantes. Sin embargo, muchas veces las naciones pasan por alto una de las crisis m\u00e1s importante y latente para los seres humanos como es la de la falta del agua, un l\u00edquido vital para la propia vida.<\/p>\n\n\n\n<p>De acuerdo a la Organizaci\u00f3n Mundial de la Salud (OMS) y la UNICEF, al menos 2 mil 200 millones de personas en el planeta carecen del acceso a servicios de agua potable, gestionados de forma segura.<\/p>\n\n\n\n<p>Desafortunadamente en nuestro pa\u00eds la situaci\u00f3n no es distinta. &nbsp;Hace algunos d\u00edas, la Comisi\u00f3n Interamericana de Derechos Humanos (CIDH) public\u00f3 el V Informe Anual de la Relator\u00eda Especial sobre Derechos Econ\u00f3micos, Sociales, Culturales y Ambientales (REDESCA) 2021 en el cual advirti\u00f3 su preocupaci\u00f3n por los elevados \u00edndices de falta de agua en M\u00e9xico, ya que estima puede provocar una \u201ccrisis social sin precedentes\u201d.<\/p>\n\n\n\n<p>La Relator\u00eda Especial ha tomado nota de un estudio elaborado por la Comisi\u00f3n Nacional del Agua (Conagua) en 2019, que precisa que m\u00e1s del 80% de 95 sitios de monitoreo de la calidad superficial del agua en el estado de Puebla, que incluye r\u00edos, cuencas y presas, se encuentran en sem\u00e1foro rojo por \u201cfuerte contaminaci\u00f3n\u201d y \u201ccontaminaci\u00f3n\u201d provocada por la presencia de altas concentraciones de metales pesados, qu\u00edmicos t\u00f3xicos y materia fecal.<\/p>\n\n\n\n<p>En este mismo sentido, cifras del Instituto Nacional de Estad\u00edstica y Geograf\u00eda (Inegi) confirmaron que s\u00f3lo la tercera parte de las viviendas (471 mil 226) reciben agua a diario; 302 mil 709, cada tercer d\u00eda; 259 mil 200, dos veces por semana; 222 mil 851, una vez por semana; 92 mil 005, de vez en cuando, y m\u00e1s de 170 mil 352 hogares no reciben agua. Situaci\u00f3n que se ve exacerbada en las comunidades rurales.<\/p>\n\n\n\n<p>Es importante destacar que M\u00e9xico ha enfrentado en 2021 una de las sequ\u00edas m\u00e1s severas y extendidas en d\u00e9cadas. M\u00e1s de 50 millones de personas experimentan alg\u00fan tipo de escasez, seg\u00fan investigadores cient\u00edficos de dentro y fuera de M\u00e9xico.<\/p>\n\n\n\n<p>En concreto, en el pa\u00eds, entre 12.5 y 15 millones de habitantes no tienen acceso a agua potable, esto representa aproximadamente al 10% de la poblaci\u00f3n, sin embargo, entre quienes s\u00ed acceden, casi un 30% no cuenta con la cantidad ni la calidad suficiente.<\/p>\n\n\n\n<p>Por otra parte, es relevante que M\u00e9xico es uno de los 25 pa\u00edses del mundo que enfrenta un mayor estr\u00e9s h\u00eddrico, seg\u00fan el Instituto de Recursos Mundiales.<\/p>\n\n\n\n<p>Tomando en consideraci\u00f3n este marco, la Relator\u00eda Especial ha manifestado que el derecho a la vida, a la alimentaci\u00f3n, a la vivienda, a la salud, al agua y a un ambiente sano se est\u00e1n viendo y se ver\u00e1n cada vez m\u00e1s impactados por la emergencia clim\u00e1tica, provocando una crisis social sin precedentes, que adem\u00e1s se suma a la generada por la pandemia.<\/p>\n\n\n\n<p>Es as\u00ed que este organismo mira con preocupaci\u00f3n que, dado los elevados \u00edndices de falta de dotaci\u00f3n de agua en varios lugares del pa\u00eds, esto pueda verse exacerbado con el incremento de temperaturas, poniendo en riesgo la garant\u00eda de derechos y la posibilidad de tener una vida digna de millones de personas.<\/p>\n\n\n\n<p>Recordemos que hace un poco m\u00e1s de una d\u00e9cada, la Asamblea General de las Naciones Unidas reconoci\u00f3 el derecho de todos los seres humanos a tener acceso a una cantidad de agua suficiente para el uso dom\u00e9stico y personal, segura, aceptable y asequible, as\u00ed como accesible f\u00edsicamente.<\/p>\n\n\n\n<p>Como lo he mencionado en el pasado en este mismo espacio, es necesario que tengamos presente que sin agua no hay vida.<\/p>\n\n\n\n<p>Es por ello que insisto en que el llamado es a actuar y sumar esfuerzos entre todos los sectores: p\u00fablico, privado, social, acad\u00e9mico, especialistas y la ciudadan\u00eda en general, para generar mecanismos que abonen a una estrategia integral a favor de la adecuada conservaci\u00f3n del agua.<\/p>\n","protected":false},"excerpt":{"rendered":"<p>Por Fernando Manzanilla Prieto Actualmente el mundo atraviesa por diversas crisis que ponen en jaque a la humanidad. Se habla [&hellip;]<\/p>\n","protected":false},"author":1,"featured_media":30073,"comment_status":"open","ping_status":"open","sticky":false,"template":"","format":"standard","meta":{"site-sidebar-layout":"default","site-content-layout":"","ast-site-content-layout":"default","site-content-style":"default","site-sidebar-style":"default","ast-global-header-display":"","ast-banner-title-visibility":"","ast-main-header-display":"","ast-hfb-above-header-display":"","ast-hfb-below-header-display":"","ast-hfb-mobile-header-display":"","site-post-title":"","ast-breadcrumbs-content":"","ast-featured-img":"","footer-sml-layout":"","theme-transparent-header-meta":"","adv-header-id-meta":"","stick-header-meta":"","header-above-stick-meta":"","header-main-stick-meta":"","header-below-stick-meta":"","astra-migrate-meta-layouts":"default","ast-page-background-enabled":"default","ast-page-background-meta":{"desktop":{"background-color":"var(--ast-global-color-4)","background-image":"","background-repeat":"repeat","background-position":"center center","background-size":"auto","background-attachment":"scroll","background-type":"","background-media":"","overlay-type":"","overlay-color":"","overlay-opacity":"","overlay-gradient":""},"tablet":{"background-color":"","background-image":"","background-repeat":"repeat","background-position":"center center","background-size":"auto","background-attachment":"scroll","background-type":"","background-media":"","overlay-type":"","overlay-color":"","overlay-opacity":"","overlay-gradient":""},"mobile":{"background-color":"","background-image":"","background-repeat":"repeat","background-position":"center center","background-size":"auto","background-attachment":"scroll","background-type":"","background-media":"","overlay-type":"","overlay-color":"","overlay-opacity":"","overlay-gradient":""}},"ast-content-background-meta":{"desktop":{"background-color":"var(--ast-global-color-5)","background-image":"","background-repeat":"repeat","background-position":"center center","background-size":"auto","background-attachment":"scroll","background-type":"","background-media":"","overlay-type":"","overlay-color":"","overlay-opacity":"","overlay-gradient":""},"tablet":{"background-color":"var(--ast-global-color-5)","background-image":"","background-repeat":"repeat","background-position":"center center","background-size":"auto","background-attachment":"scroll","background-type":"","background-media":"","overlay-type":"","overlay-color":"","overlay-opacity":"","overlay-gradient":""},"mobile":{"background-color":"var(--ast-global-color-5)","background-image":"","background-repeat":"repeat","background-position":"center center","background-size":"auto","background-attachment":"scroll","background-type":"","background-media":"","overlay-type":"","overlay-color":"","overlay-opacity":"","overlay-gradient":""}},"footnotes":""},"categories":[24,8],"tags":[10801,507,485],"class_list":["post-30072","post","type-post","status-publish","format-standard","has-post-thumbnail","hentry","category-fernando-manzanilla","category-noticias","tag-falta-agua","tag-oms","tag-unicef"],"_links":{"self":[{"href":"https:\/\/losperiodistas.com.mx\/portal\/wp-json\/wp\/v2\/posts\/30072","targetHints":{"allow":["GET"]}}],"collection":[{"href":"https:\/\/losperiodistas.com.mx\/portal\/wp-json\/wp\/v2\/posts"}],"about":[{"href":"https:\/\/losperiodistas.com.mx\/portal\/wp-json\/wp\/v2\/types\/post"}],"author":[{"embeddable":true,"href":"https:\/\/losperiodistas.com.mx\/portal\/wp-json\/wp\/v2\/users\/1"}],"replies":[{"embeddable":true,"href":"https:\/\/losperiodistas.com.mx\/portal\/wp-json\/wp\/v2\/comments?post=30072"}],"version-history":[{"count":1,"href":"https:\/\/losperiodistas.com.mx\/portal\/wp-json\/wp\/v2\/posts\/30072\/revisions"}],"predecessor-version":[{"id":30074,"href":"https:\/\/losperiodistas.com.mx\/portal\/wp-json\/wp\/v2\/posts\/30072\/revisions\/30074"}],"wp:featuredmedia":[{"embeddable":true,"href":"https:\/\/losperiodistas.com.mx\/portal\/wp-json\/wp\/v2\/media\/30073"}],"wp:attachment":[{"href":"https:\/\/losperiodistas.com.mx\/portal\/wp-json\/wp\/v2\/media?parent=30072"}],"wp:term":[{"taxonomy":"category","embeddable":true,"href":"https:\/\/losperiodistas.com.mx\/portal\/wp-json\/wp\/v2\/categories?post=30072"},{"taxonomy":"post_tag","embeddable":true,"href":"https:\/\/losperiodistas.com.mx\/portal\/wp-json\/wp\/v2\/tags?post=30072"}],"curies":[{"name":"wp","href":"https:\/\/api.w.org\/{rel}","templated":true}]}}