{"id":3003,"date":"2021-01-05T08:18:54","date_gmt":"2021-01-05T14:18:54","guid":{"rendered":"http:\/\/losperiodistas.com.mx\/portal\/?p=3003"},"modified":"2021-01-05T08:18:54","modified_gmt":"2021-01-05T14:18:54","slug":"no-podemos-permitir-que-morena-siga-con-el-control-del-congreso-francisco-martin-moreno-forbes","status":"publish","type":"post","link":"https:\/\/losperiodistas.com.mx\/portal\/no-podemos-permitir-que-morena-siga-con-el-control-del-congreso-francisco-martin-moreno-forbes\/","title":{"rendered":"\u2018No podemos permitir que Morena siga con el control del Congreso\u2019: Francisco Mart\u00edn Moreno | Forbes"},"content":{"rendered":"\n<p style=\"font-size:18px\"><em>El presidente de la Rep\u00fablica me dedic\u00f3 cuatro ma\u00f1aneras diciendo que &#8216;yo era p\u00e9simo escritor que nadie me le\u00eda&#8217;, dice Francisco Mart\u00edn Moreno Biehl, escritor y periodista.<\/em><\/p>\n\n\n\n<p class=\"has-vivid-cyan-blue-color has-text-color has-medium-font-size\">ENRIQUE HERN\u00c1NDEZ \/ FORBES<\/p>\n\n\n\n<p>El escritor y periodista&nbsp;<strong>Francisco Mart\u00edn Moreno Biehl\u200b\u200b<\/strong>&nbsp;ve con buenos ojos aparecer en la boleta electoral en 2021 para frenar y&nbsp;<strong>arrebatarle el control de la C\u00e1mara de Diputados<\/strong>&nbsp;y as\u00ed evitar que el presidente de la Rep\u00fablica, Andr\u00e9s Manuel L\u00f3pez Obrador, pueda manipular el presupuesto y contin\u00fae con lo que considera es la destrucci\u00f3n de la econom\u00eda mexicana.&nbsp;&nbsp;<\/p>\n\n\n\n<p>\u201c<strong>Yo tendr\u00eda que ser candidato independiente<\/strong>, porque no podr\u00eda afiliarme a ning\u00fan partido ni a ninguna alianza. (\u2026) Creo que es admirable lo que est\u00e1 haciendo S\u00ed Por M\u00e9xico\u201d, declara el autor de los libros\u00a0<em>M\u00e9xico Negro<\/em>\u00a0y\u00a0<em>M\u00e9xico Sediento<\/em>.<\/p>\n\n\n\n<p>El escritor y periodista&nbsp;<strong>Francisco Mart\u00edn Moreno Biehl\u200b\u200b<\/strong>&nbsp;ve con buenos ojos aparecer en la boleta electoral en 2021 para frenar y&nbsp;<strong>arrebatarle el control de la C\u00e1mara de Diputados<\/strong>&nbsp;y as\u00ed evitar que el presidente de la Rep\u00fablica, Andr\u00e9s Manuel L\u00f3pez Obrador, pueda manipular el presupuesto y contin\u00fae con lo que considera es la destrucci\u00f3n de la econom\u00eda mexicana.&nbsp;&nbsp;<\/p>\n\n\n\n<p>\u201c<strong>Yo tendr\u00eda que ser candidato independiente<\/strong>, porque no podr\u00eda afiliarme a ning\u00fan partido ni a ninguna alianza. (\u2026) Creo que es admirable lo que est\u00e1 haciendo S\u00ed Por M\u00e9xico\u201d, declara el autor de los libros\u00a0<em>M\u00e9xico Negro<\/em>\u00a0y\u00a0<em>M\u00e9xico Sediento<\/em>.<\/p>\n\n\n\n<p>Fuente: https:\/\/www.forbes.com.mx\/politica-no-podemos-permitir-que-morena-siga-con-el-control-del-congreso-francisco-martin-moreno\/<\/p>\n","protected":false},"excerpt":{"rendered":"<p>El presidente de la Rep\u00fablica me dedic\u00f3 cuatro ma\u00f1aneras diciendo que &#8216;yo era p\u00e9simo escritor que nadie me le\u00eda&#8217;, dice [&hellip;]<\/p>\n","protected":false},"author":1,"featured_media":3004,"comment_status":"open","ping_status":"open","sticky":false,"template":"","format":"standard","meta":{"site-sidebar-layout":"default","site-content-layout":"","ast-site-content-layout":"default","site-content-style":"default","site-sidebar-style":"default","ast-global-header-display":"","ast-banner-title-visibility":"","ast-main-header-display":"","ast-hfb-above-header-display":"","ast-hfb-below-header-display":"","ast-hfb-mobile-header-display":"","site-post-title":"","ast-breadcrumbs-content":"","ast-featured-img":"","footer-sml-layout":"","theme-transparent-header-meta":"","adv-header-id-meta":"","stick-header-meta":"","header-above-stick-meta":"","header-main-stick-meta":"","header-below-stick-meta":"","astra-migrate-meta-layouts":"default","ast-page-background-enabled":"default","ast-page-background-meta":{"desktop":{"background-color":"var(--ast-global-color-4)","background-image":"","background-repeat":"repeat","background-position":"center center","background-size":"auto","background-attachment":"scroll","background-type":"","background-media":"","overlay-type":"","overlay-color":"","overlay-opacity":"","overlay-gradient":""},"tablet":{"background-color":"","background-image":"","background-repeat":"repeat","background-position":"center center","background-size":"auto","background-attachment":"scroll","background-type":"","background-media":"","overlay-type":"","overlay-color":"","overlay-opacity":"","overlay-gradient":""},"mobile":{"background-color":"","background-image":"","background-repeat":"repeat","background-position":"center center","background-size":"auto","background-attachment":"scroll","background-type":"","background-media":"","overlay-type":"","overlay-color":"","overlay-opacity":"","overlay-gradient":""}},"ast-content-background-meta":{"desktop":{"background-color":"var(--ast-global-color-5)","background-image":"","background-repeat":"repeat","background-position":"center center","background-size":"auto","background-attachment":"scroll","background-type":"","background-media":"","overlay-type":"","overlay-color":"","overlay-opacity":"","overlay-gradient":""},"tablet":{"background-color":"var(--ast-global-color-5)","background-image":"","background-repeat":"repeat","background-position":"center center","background-size":"auto","background-attachment":"scroll","background-type":"","background-media":"","overlay-type":"","overlay-color":"","overlay-opacity":"","overlay-gradient":""},"mobile":{"background-color":"var(--ast-global-color-5)","background-image":"","background-repeat":"repeat","background-position":"center center","background-size":"auto","background-attachment":"scroll","background-type":"","background-media":"","overlay-type":"","overlay-color":"","overlay-opacity":"","overlay-gradient":""}},"footnotes":""},"categories":[8],"tags":[],"class_list":["post-3003","post","type-post","status-publish","format-standard","has-post-thumbnail","hentry","category-noticias"],"_links":{"self":[{"href":"https:\/\/losperiodistas.com.mx\/portal\/wp-json\/wp\/v2\/posts\/3003","targetHints":{"allow":["GET"]}}],"collection":[{"href":"https:\/\/losperiodistas.com.mx\/portal\/wp-json\/wp\/v2\/posts"}],"about":[{"href":"https:\/\/losperiodistas.com.mx\/portal\/wp-json\/wp\/v2\/types\/post"}],"author":[{"embeddable":true,"href":"https:\/\/losperiodistas.com.mx\/portal\/wp-json\/wp\/v2\/users\/1"}],"replies":[{"embeddable":true,"href":"https:\/\/losperiodistas.com.mx\/portal\/wp-json\/wp\/v2\/comments?post=3003"}],"version-history":[{"count":1,"href":"https:\/\/losperiodistas.com.mx\/portal\/wp-json\/wp\/v2\/posts\/3003\/revisions"}],"predecessor-version":[{"id":3005,"href":"https:\/\/losperiodistas.com.mx\/portal\/wp-json\/wp\/v2\/posts\/3003\/revisions\/3005"}],"wp:featuredmedia":[{"embeddable":true,"href":"https:\/\/losperiodistas.com.mx\/portal\/wp-json\/wp\/v2\/media\/3004"}],"wp:attachment":[{"href":"https:\/\/losperiodistas.com.mx\/portal\/wp-json\/wp\/v2\/media?parent=3003"}],"wp:term":[{"taxonomy":"category","embeddable":true,"href":"https:\/\/losperiodistas.com.mx\/portal\/wp-json\/wp\/v2\/categories?post=3003"},{"taxonomy":"post_tag","embeddable":true,"href":"https:\/\/losperiodistas.com.mx\/portal\/wp-json\/wp\/v2\/tags?post=3003"}],"curies":[{"name":"wp","href":"https:\/\/api.w.org\/{rel}","templated":true}]}}