{"id":30021,"date":"2022-06-15T08:31:07","date_gmt":"2022-06-15T13:31:07","guid":{"rendered":"http:\/\/losperiodistas.com.mx\/portal\/?p=30021"},"modified":"2022-06-15T08:31:09","modified_gmt":"2022-06-15T13:31:09","slug":"el-ultimo-fenomeno-del-toreo-marco-el-nino-prodigio-abc","status":"publish","type":"post","link":"https:\/\/losperiodistas.com.mx\/portal\/el-ultimo-fenomeno-del-toreo-marco-el-nino-prodigio-abc\/","title":{"rendered":"El \u00faltimo fen\u00f3meno del toreo: Marco, el ni\u00f1o prodigio | ABC"},"content":{"rendered":"\n<p><em>Con solo catorce a\u00f1os, ha causado sensaci\u00f3n en el panorama taurino con sus precoces maneras y su valor natural. El peque\u00f1o salmantino, al que llaman &#8216;el nuevo Juli&#8217;, juega como un chiquillo y torea como un hombre: \u00abNo siento miedo, solo responsabilidad\u00bb, asegura antes de su cita del domingo en Granada<\/em><\/p>\n\n\n\n<figure class=\"wp-block-image size-large\"><img fetchpriority=\"high\" decoding=\"async\" width=\"1024\" height=\"586\" src=\"https:\/\/losperiodistas.com.mx\/portal\/wp-content\/uploads\/2022\/06\/Captura-de-Pantalla-2022-06-15-a-las-8.10.55-1024x586.jpg\" alt=\"\" class=\"wp-image-30026\" srcset=\"https:\/\/losperiodistas.com.mx\/portal\/wp-content\/uploads\/2022\/06\/Captura-de-Pantalla-2022-06-15-a-las-8.10.55-1024x586.jpg 1024w, https:\/\/losperiodistas.com.mx\/portal\/wp-content\/uploads\/2022\/06\/Captura-de-Pantalla-2022-06-15-a-las-8.10.55-300x172.jpg 300w, https:\/\/losperiodistas.com.mx\/portal\/wp-content\/uploads\/2022\/06\/Captura-de-Pantalla-2022-06-15-a-las-8.10.55-768x440.jpg 768w, https:\/\/losperiodistas.com.mx\/portal\/wp-content\/uploads\/2022\/06\/Captura-de-Pantalla-2022-06-15-a-las-8.10.55.jpg 1254w\" sizes=\"(max-width: 1024px) 100vw, 1024px\" \/><figcaption>http:\/\/players.brightcove.net\/55814260001\/rkDAq3Wf_default\/index.html?videoId=6306145453112 <a href=\"https:\/\/players.brightcove.net\/55814260001\/rkDAq3Wf_default\/index.html?videoId=6306145453112\">Marco P\u00e9rez, el ni\u00f1o torero que ama la poes\u00eda<\/a> en <a href=\"http:\/\/www.abc.es\/\/multimedia\/videos\">Videos<\/a><\/figcaption><\/figure>\n\n\n\n<p class=\"has-vivid-cyan-blue-color has-text-color has-medium-font-size\">ROSARIO P\u00c9REZ \/ ABC<\/p>\n\n\n\n<p><a href=\"https:\/\/www.abc.es\/cultura\/toros\/abci-marco-perez-nino-torero-enf-202206150258_noticia.html#disqus_thread\"><\/a>Marco cruza el umbral de su habitaci\u00f3n, da un beso a Monito, el peluche que lo acompa\u00f1a a todas las ciudades donde torea, y suelta la mochila. Saca la agenda escolar, repasa las tareas del d\u00eda siguiente y relee un trabajo sobre\u00a0<strong>Federico Garc\u00eda Lorca<\/strong>. \u00abHe elegido el poema de la &#8216;Sangre derramada&#8217;. Me impacta c\u00f3mo es capaz de transmitir con tantas met\u00e1foras la muerte del maestro S\u00e1nchez Mej\u00edas, esa situaci\u00f3n tan horrenda\u00bb, relata con desparpajo\u00a0<strong>Marco P\u00e9rez<\/strong>\u00a0(Salamanca, 2007), el ni\u00f1o prodigio que ha revolucionado el toreo con sus precoces maneras y su valor natural.<\/p>\n\n\n\n<p>\u00abVoy a seguir entrenando al m\u00e1ximo. Estoy dispuesto a entregarme totalmente al toro, es una profesi\u00f3n que amo\u00bb, expresa bajo la atenta mirada de su madre.<\/p>\n\n\n\n<p><strong>Lourdes<\/strong>&nbsp;suspira. Su vida es un suspiro desde que aquellos primeros juegos con el capote se convirtieron en un camino muy serio frente a animales bravos de verdad. \u00abSufro mucho. Estoy muy orgullosa de su esfuerzo, pero cada vez que torea lo paso fatal. Soy enfermera y procuro adaptar mis turnos en el hospital para acompa\u00f1arlo a todas las plazas, aunque luego no soy capaz de estar en el tendido y tengo que salirme fuera o quedarme en el hotel. Me da mucho miedo\u00bb. Las tardes que Marco torea se hacen muy largas: \u00abCuando va a tentaderos con animales peque\u00f1os le hago fotos. Pero ahora cada vez son m\u00e1s grandes y lo paso muy mal. \u00c9l es muy fr\u00e1gil y s\u00e9 que se la va a jugar\u00bb.<\/p>\n\n\n\n<figure class=\"wp-block-image\"><img decoding=\"async\" src=\"https:\/\/static2.abc.es\/media\/cultura\/2022\/05\/27\/marco0-U44118455031hFi-510x349@abc.jpg\" alt=\"Marco P\u00e9rez, un torero en Salamanca\"\/><figcaption>Marco P\u00e9rez, un torero en Salamanca<\/figcaption><\/figure>\n\n\n\n<p>El d\u00eda a d\u00eda de Lourdes ha cambiado desde que su hijo dijo eso de \u00abmam\u00e1, pap\u00e1, quiero ser torero\u00bb. Su<strong>&nbsp;sue\u00f1o de luces<\/strong>&nbsp;se afianz\u00f3 tras presenciar un festival en Ciudad Rodrigo en 2014: \u00abAquella sensaci\u00f3n de respeto y esa emoci\u00f3n con toros y toreros me lleg\u00f3 mucho\u00bb, recuerda el peque\u00f1o salmantino. La afici\u00f3n taurina corr\u00eda ya por su sangre:&nbsp;<strong>Vicente<\/strong>, su progenitor, fue novillero, aunque una lesi\u00f3n le hizo abandonar pronto la profesi\u00f3n. \u00abMe retir\u00e9 y mont\u00e9 una carnicer\u00eda. Ahora me siento orgulloso de que mi hijo tome el camino elegido, aunque sepa que conlleva mucho sacrificio\u00bb, relata el padre, , relata el padre tras el exitoso paso de Marco por tierras mexicanas. \u00abLo que no me planteo es quedarme all\u00ed, para m\u00ed lo prioritario son mis estudios\u00bb. Porque Marco no solo brilla en la arena, en el instituto es alumno de sobresalientes. \u00abSi saco menos nota me enfado, me gusta esforzarme\u00bb, apunta. Aunque su m\u00e1xima meta es ser torero, no renuncia a los<strong>&nbsp;estudios<\/strong>: \u00abQuiero ser m\u00e9dico; tambi\u00e9n me gustan enfermer\u00eda y periodismo. Con disciplina y organizaci\u00f3n, todo se puede conseguir\u00bb.<\/p>\n\n\n\n<figure class=\"wp-block-image\"><img decoding=\"async\" src=\"https:\/\/static1.abc.es\/media\/cultura\/2022\/05\/27\/madre5-U66857870324nbV-510x349@abc.jpg\" alt=\"Lourdes, su madre, le ayuda a vestirse de corto\"\/><figcaption>Lourdes, su madre, le ayuda a vestirse de corto<\/figcaption><\/figure>\n\n\n\n<p>Afronta sus retos con naturalidad, sin agobios ni quejas. Este ni\u00f1o del siglo XXI parece de otro tiempo, con valores olvidados hoy. Sorprende el respeto con el que habla de los toreros. \u00abMe gustan todos. La gente se r\u00ede cuando digo que no tengo uno favorito, pero de todos se aprende. De uno observo el trazo del muletazo, de otro un quite vistoso, de otro la torer\u00eda&#8230; Y lo voy incorporando a la l\u00ednea de mi propio concepto, sin imitar a nadie\u00bb.<strong>&nbsp;\u00bfM\u00e1s de arte o de valor?<\/strong>&nbsp;\u00abMe gusta la l\u00ednea art\u00edstica, pero sin valor no hay arte\u00bb. Palabra de un barbilampi\u00f1o que no levanta metro y medio de la alfombra sobre la que juega. All\u00ed coloca un sinf\u00edn de cacharros taurinos: un cami\u00f3n que transporta toros bravos de distinto pelaje, bueyes alunarados como los de Florito y una placita de madera. Marco juega como el ni\u00f1o que es y torea como un hombre. Camina sobre el tapiz como si anduviera en el ruedo, desde el armario donde cuelga el estoque y un traje corto hasta la pared adornada con una camiseta blanca firmada por Sergio Ramos y regalada por Talavante. \u00abMi equipo es el&nbsp;<strong>Real Madrid<\/strong>\u00bb, manifiesta este ni\u00f1o al que no hay deporte que se le resista: desde el f\u00fatbol al atletismo. Docenas de medallas de ganador en maratones adornan una percha azul pur\u00edsima. \u00abCon el instituto y los entrenamientos en la escuela taurina, ya apenas tengo tiempo para participar en esas carreras\u00bb, se\u00f1ala. En su tiempo libre, lo mismo inventa travesuras en un tobog\u00e1n con sus primos que va de caza o escucha a Pablo L\u00f3pez. O lee las \u00faltimas p\u00e1ginas de un libro de<strong>&nbsp;Agatha Christie<\/strong>&nbsp;antes de ver el v\u00eddeo de alguna faena hist\u00f3rica.<em>Marco juega como el ni\u00f1o que es y torea como un hombre. Camina sobre el tapiz como si anduviera en el ruedo, desde el armario donde cuelga el estoque y un traje corto hasta la pared adornada con una camiseta blanca firmada por Sergio Ramos y regalada por Talavante<\/em><\/p>\n\n\n\n<p>Entre sus joyas, una&nbsp;<strong>capilla<\/strong>&nbsp;con estampitas y medallas con la Virgen de la Pe\u00f1a de Francia y el Cristo de los Toreros. \u00abEs muy religioso, reza el \u00e1ngel de la guarda todas las noches\u00bb, explica su madre. Cuentan que el miedo se combate mejor con fe, aunque los temores no persiguen la mente de Marco: \u00abCuando sales a la plaza no tienes presente en la cabeza que te puede coger un toro. Yo creo que tienes que salir del hotel sabiendo que asumes riesgos, pero con el objetivo de triunfar.&nbsp;<strong>Miedo<\/strong>&nbsp;como tal no siento, paso nervios y responsabilidad por verme acartelado con las figuras. Codearme con los grandes es un sue\u00f1o\u00bb.<\/p>\n\n\n\n<figure class=\"wp-block-image\"><img decoding=\"async\" src=\"https:\/\/static1.abc.es\/media\/cultura\/2022\/05\/27\/marco1-U68015268701kss-510x349@abc.jpg\" alt=\"Toreo de sal\u00f3n ante la atenta mirada de sus padres y su hermana\"\/><figcaption>Toreo de sal\u00f3n ante la atenta mirada de sus padres y su hermana<\/figcaption><\/figure>\n\n\n\n<p>Con un torero de \u00e9poca se le compara por su precocidad y sus innatas condiciones.&nbsp;<strong>El Juli<\/strong>&nbsp;est\u00e1 presente en la mente de profesionales y aficionados cuando observan las faenas virales de Marco: \u00abCreo que son trayectorias distintas y momentos distintos. Tengo claro que debo tener los pies en el suelo y seguir esforz\u00e1ndome\u00bb.<em>\u00abMe gusta la l\u00ednea art\u00edstica, pero sin valor no hay arte\u00bb<\/em><\/p>\n\n\n\n<p>Con la conversaci\u00f3n centrada en el toro, Marco nos invita a bajar al garaje de su casa salmantina. Cada rinc\u00f3n luce una fotograf\u00eda de su corta pero intensa carrera: la pureza asoma en cada natural desde que tom\u00f3 la primera comuni\u00f3n y se enfrent\u00f3 a una becerra. \u00abEs torero\u00bb, resumi\u00f3&nbsp;<strong>Morante<\/strong>&nbsp;hace poco. Las instant\u00e1neas en blanco y negro dan paso al toreo de sal\u00f3n: Marco coge el capote que cubre una bicicleta y, con sus padres y su hermana en la barrera del sof\u00e1, deletrea la ver\u00f3nica con desparpajo. Al fondo, ladra Gala, la perrita a la que ha abrazado minutos antes.<\/p>\n\n\n\n<p>Marco suelta el capote y da besos a&nbsp;<strong>Andrea,<\/strong>&nbsp;su hermana. \u00abEs m\u00e1s cari\u00f1oso que yo\u00bb, dice esta estudiante de Enfermer\u00eda. M\u00e1s t\u00edmida que el benjam\u00edn, habla con pasi\u00f3n del artista de la casa: \u00abAdmiro la ambici\u00f3n y la fuerza de voluntad que tiene para sacar tiempo para entrenar, estudiar y obtener buenos resultados en ambas cosas\u00bb. Andrea conoce el nivel de exigencia del instituto y valora \u00abmucho\u00bb cuando llega tarde de los tentaderos y se queda hasta bien entrada la noche haciendo los deberes. O sus madrugadas para repasar un examen. Marco lo ve como algo normal: \u00abSiempre en situaciones dif\u00edciles el mundo del toro nos ense\u00f1a c\u00f3mo aplicar la superaci\u00f3n y la constancia\u00bb. Por encima de todo: \u00abEl respeto a los compa\u00f1eros y ser buena persona\u00bb.<\/p>\n\n\n\n<figure class=\"wp-block-image\"><img decoding=\"async\" src=\"https:\/\/static2.abc.es\/media\/cultura\/2022\/05\/27\/marco9-U74627418505wPT-510x349@abc.jpg\" alt=\"Marco repasa los deberes\"\/><figcaption>Marco repasa los deberes<\/figcaption><\/figure>\n\n\n\n<p>Su sensibilidad asoma mientras un informativo habla del pan y la sal. \u00ab\u00bfC\u00f3mo pueden dedicar tiempo a eso cuando hay una guerra en Ucrania? Me da mucha pena el sufrimiento de todas esas personas y de que los ni\u00f1os se vean inmersos en una pelea que no va con ellos\u00bb. Aunque reconoce que hay \u00abcosas primordiales\u00bb, lamenta que la&nbsp;<strong>televisi\u00f3n<\/strong>&nbsp;no dedique apenas tiempo al mundo taurino y, tambi\u00e9n, la intolerancia de los &#8216;antis&#8217;: \u00abLa Fiesta es un arte. El toro vive cinco a\u00f1os totalmente libre, se le trata como al mejor animal y en todo momento se le tiene el m\u00e1ximo respeto\u00bb. \u00bfY sus&nbsp;<strong>amigos del cole<\/strong>&nbsp;c\u00f3mo lo ven? \u00abHan crecido conmigo y saben que me desvivo por los toros. Es algo inusual que un ni\u00f1o toree, pero les hace ilusi\u00f3n tener un amigo torero y a veces me preguntan c\u00f3mo se da una chicuelina, qui\u00e9n pone banderillas&#8230; Intento crear afici\u00f3n\u00bb. Su familia se mantiene alejada de los que critican que un ni\u00f1o toree. \u00abNo nos importa lo que diga o piense la gente. Nos importa la felicidad de nuestro hijo y lo apoyamos aunque sepamos que es una profesi\u00f3n de riesgo, como lo son muchas otras\u00bb, subraya el progenitor, que ultima los detalles del viaje a Granada, en cuya feria act\u00faa este nuevo fen\u00f3meno el pr\u00f3ximo domingo. En la ciudad de la Alhambra ya toc\u00f3 la gloria en un festival de figuras: \u00abMe dio positividad para seguir entren\u00e1ndome\u00bb.<\/p>\n\n\n\n<figure class=\"wp-block-image\"><img decoding=\"async\" src=\"https:\/\/static4.abc.es\/media\/cultura\/2022\/05\/27\/juego-U14727780274eZr-510x349@abc.jpg\" alt=\"Jugando en la alfombra\"\/><figcaption>Jugando en la alfombra<\/figcaption><\/figure>\n\n\n\n<p>Marco, con catorce a\u00f1os, conoce ya medio mundo: \u00abMe gusta mucho viajar y vivir experiencias nuevas, sobre todo me llam\u00f3 la atenci\u00f3n Ecuador, por el contraste de culturas\u00bb. En su joven memoria, el agradecimiento a\u00a0<strong>Juan Bautista<\/strong>, su apoderado, y la cita en Colombia: \u00abFue una sensaci\u00f3n \u00fanica que me sacara a hombros el maestro\u00a0<strong>C\u00e9sar Rinc\u00f3n<\/strong>\u00bb. O su triunfo en la ciudad de la Alhambra: \u00abLa tarde en Granada me dio mucha positividad para seguir entren\u00e1ndome\u00bb. Entran al quite sus padres: \u00abDeber\u00eda hacer un diario; escribe novelas y lo hace fenomenal\u00bb. Un cuaderno de viajes donde contar sus aventuras en esa Fiesta que tanto le cautiva y donde Marco ha causado sensaci\u00f3n vestido de corto. Dos a\u00f1os le faltan para saltar al\u00a0<strong>escalaf\u00f3n de luces<\/strong>\u00a0en Espa\u00f1a: \u00abHasta los diecis\u00e9is no est\u00e1 permitido\u00bb. Antes de esa fecha, los clarines tocan a gloria por el nuevo prodigio del toreo.<\/p>\n\n\n\n<p>Fuente: https:\/\/www.abc.es\/cultura\/toros\/abci-marco-perez-nino-torero-enf-202206150258_noticia.html<\/p>\n\n\n\n<p><\/p>\n\n\n\n<p>TAMBI\u00c9N ESTE VIDEO: <\/p>\n\n\n\n<figure class=\"wp-block-embed is-type-video is-provider-youtube wp-block-embed-youtube wp-embed-aspect-16-9 wp-has-aspect-ratio\"><div class=\"wp-block-embed__wrapper\">\nhttps:\/\/youtu.be\/Si1LFOwVCnw\n<\/div><\/figure>\n","protected":false},"excerpt":{"rendered":"<p>Con solo catorce a\u00f1os, ha causado sensaci\u00f3n en el panorama taurino con sus precoces maneras y su valor natural. El [&hellip;]<\/p>\n","protected":false},"author":1,"featured_media":30027,"comment_status":"open","ping_status":"open","sticky":false,"template":"","format":"standard","meta":{"site-sidebar-layout":"default","site-content-layout":"","ast-site-content-layout":"default","site-content-style":"default","site-sidebar-style":"default","ast-global-header-display":"","ast-banner-title-visibility":"","ast-main-header-display":"","ast-hfb-above-header-display":"","ast-hfb-below-header-display":"","ast-hfb-mobile-header-display":"","site-post-title":"","ast-breadcrumbs-content":"","ast-featured-img":"","footer-sml-layout":"","theme-transparent-header-meta":"","adv-header-id-meta":"","stick-header-meta":"","header-above-stick-meta":"","header-main-stick-meta":"","header-below-stick-meta":"","astra-migrate-meta-layouts":"default","ast-page-background-enabled":"default","ast-page-background-meta":{"desktop":{"background-color":"var(--ast-global-color-4)","background-image":"","background-repeat":"repeat","background-position":"center center","background-size":"auto","background-attachment":"scroll","background-type":"","background-media":"","overlay-type":"","overlay-color":"","overlay-opacity":"","overlay-gradient":""},"tablet":{"background-color":"","background-image":"","background-repeat":"repeat","background-position":"center center","background-size":"auto","background-attachment":"scroll","background-type":"","background-media":"","overlay-type":"","overlay-color":"","overlay-opacity":"","overlay-gradient":""},"mobile":{"background-color":"","background-image":"","background-repeat":"repeat","background-position":"center center","background-size":"auto","background-attachment":"scroll","background-type":"","background-media":"","overlay-type":"","overlay-color":"","overlay-opacity":"","overlay-gradient":""}},"ast-content-background-meta":{"desktop":{"background-color":"var(--ast-global-color-5)","background-image":"","background-repeat":"repeat","background-position":"center center","background-size":"auto","background-attachment":"scroll","background-type":"","background-media":"","overlay-type":"","overlay-color":"","overlay-opacity":"","overlay-gradient":""},"tablet":{"background-color":"var(--ast-global-color-5)","background-image":"","background-repeat":"repeat","background-position":"center center","background-size":"auto","background-attachment":"scroll","background-type":"","background-media":"","overlay-type":"","overlay-color":"","overlay-opacity":"","overlay-gradient":""},"mobile":{"background-color":"var(--ast-global-color-5)","background-image":"","background-repeat":"repeat","background-position":"center center","background-size":"auto","background-attachment":"scroll","background-type":"","background-media":"","overlay-type":"","overlay-color":"","overlay-opacity":"","overlay-gradient":""}},"footnotes":""},"categories":[8],"tags":[10789,10790,10791],"class_list":["post-30021","post","type-post","status-publish","format-standard","has-post-thumbnail","hentry","category-noticias","tag-marco-perez","tag-nino-torero","tag-nuevo-juli"],"_links":{"self":[{"href":"https:\/\/losperiodistas.com.mx\/portal\/wp-json\/wp\/v2\/posts\/30021","targetHints":{"allow":["GET"]}}],"collection":[{"href":"https:\/\/losperiodistas.com.mx\/portal\/wp-json\/wp\/v2\/posts"}],"about":[{"href":"https:\/\/losperiodistas.com.mx\/portal\/wp-json\/wp\/v2\/types\/post"}],"author":[{"embeddable":true,"href":"https:\/\/losperiodistas.com.mx\/portal\/wp-json\/wp\/v2\/users\/1"}],"replies":[{"embeddable":true,"href":"https:\/\/losperiodistas.com.mx\/portal\/wp-json\/wp\/v2\/comments?post=30021"}],"version-history":[{"count":1,"href":"https:\/\/losperiodistas.com.mx\/portal\/wp-json\/wp\/v2\/posts\/30021\/revisions"}],"predecessor-version":[{"id":30028,"href":"https:\/\/losperiodistas.com.mx\/portal\/wp-json\/wp\/v2\/posts\/30021\/revisions\/30028"}],"wp:featuredmedia":[{"embeddable":true,"href":"https:\/\/losperiodistas.com.mx\/portal\/wp-json\/wp\/v2\/media\/30027"}],"wp:attachment":[{"href":"https:\/\/losperiodistas.com.mx\/portal\/wp-json\/wp\/v2\/media?parent=30021"}],"wp:term":[{"taxonomy":"category","embeddable":true,"href":"https:\/\/losperiodistas.com.mx\/portal\/wp-json\/wp\/v2\/categories?post=30021"},{"taxonomy":"post_tag","embeddable":true,"href":"https:\/\/losperiodistas.com.mx\/portal\/wp-json\/wp\/v2\/tags?post=30021"}],"curies":[{"name":"wp","href":"https:\/\/api.w.org\/{rel}","templated":true}]}}