{"id":30010,"date":"2022-06-15T07:19:46","date_gmt":"2022-06-15T12:19:46","guid":{"rendered":"http:\/\/losperiodistas.com.mx\/portal\/?p=30010"},"modified":"2022-06-15T07:19:48","modified_gmt":"2022-06-15T12:19:48","slug":"entrevista-monreal-me-ha-costado-la-mitad-de-mi-vida-fundar-morena-no-me-ire-sinembargo","status":"publish","type":"post","link":"https:\/\/losperiodistas.com.mx\/portal\/entrevista-monreal-me-ha-costado-la-mitad-de-mi-vida-fundar-morena-no-me-ire-sinembargo\/","title":{"rendered":"ENTREVISTA | Monreal: \u201cMe ha costado la mitad de mi vida fundar Morena. No me ir\u00e9\u201d\u00a0| SinEmbargo"},"content":{"rendered":"\n<p><em>El Senador Ricardo Monreal afirm\u00f3 en entrevista con SinEmbargo Al Aire que la diferencia de opiniones dentro de Morena es parte de la universalidad que existe en el partido, sin embargo, dijo, esto no significa que deba de abandonar sus ideas y principios.<\/em><\/p>\n\n\n\n<figure class=\"wp-block-embed is-type-video is-provider-youtube wp-block-embed-youtube wp-embed-aspect-16-9 wp-has-aspect-ratio\"><div class=\"wp-block-embed__wrapper\">\n<iframe title=\"ENTREVISTA | Monreal: &quot;Me ha costado la mitad de mi vida fundar Morena. No me ir\u00e9&quot;\" width=\"500\" height=\"281\" src=\"https:\/\/www.youtube.com\/embed\/2gtLlPk-PfA?feature=oembed\" frameborder=\"0\" allow=\"accelerometer; autoplay; clipboard-write; encrypted-media; gyroscope; picture-in-picture; web-share\" referrerpolicy=\"strict-origin-when-cross-origin\" allowfullscreen><\/iframe>\n<\/div><\/figure>\n\n\n\n<p><\/p>\n\n\n\n<p class=\"has-vivid-cyan-blue-color has-text-color has-medium-font-size\">REDACCI\u00d3N SINEMBARGO<\/p>\n\n\n\n<p>Ciudad de M\u00e9xico, 14 de junio (SinEmbargo).-\u00a0<strong>Ricardo Monreal \u00c1vila<\/strong>, el coordinador de\u00a0<strong>Morena<\/strong>\u00a0en el Senado, rechaz\u00f3 las acusaciones y se\u00f1alamientos que existen dentro del movimiento de querer acabar con la unidad que hay dentro de la Cuarta Transformaci\u00f3n y asegur\u00f3 que no dejar\u00e1 al partido, al que dedic\u00f3 la mitad de su vida para fundar.<\/p>\n\n\n\n<blockquote class=\"wp-block-quote is-layout-flow wp-block-quote-is-layout-flow\"><p>\u201c\u00bfPor qu\u00e9 seguir en Morena?, porque soy fundador, \u00bfpor qu\u00e9 seguir en Morena? Porque tengo 25 a\u00f1os luchando en procesos democr\u00e1ticos, \u00bfpor qu\u00e9 seguir en Morena?, porque tengo 25 a\u00f1os luchando con el cambio de r\u00e9gimen, \u00bfpor qu\u00e9 seguir en Morena? porque creo que era necesaria la transici\u00f3n pol\u00edtica, \u00bfpor qu\u00e9 seguir en Morena?, porque me ha costado la mitad de mi vida fundar Morena, soy fundador, fui perseguido pol\u00edticamente, me inventaron expedientes en mi contra, me persiguieron, me pisotearon, c\u00f3mo no voy a querer a Morena, me siento bien en Morena\u201d, dijo el Senador en entrevista con \u00c1lvaro Delgado y Alejandro P\u00e1ez en el programa&nbsp;<strong><em>Los Periodistas<\/em><\/strong>&nbsp;que se transmite por YouTube a trav\u00e9s del canal de SinEmbargo Al Aire.<\/p><\/blockquote>\n\n\n\n<p>Ricardo Monreal afirm\u00f3 que la diferencia de opiniones dentro del partido guinda es parte de la universalidad que existe en Morena, sin embargo, dijo, esto no significa que deba de abandonar sus ideas y principios, ya que, sostuvo, quienes han integrado desde un principio el movimiento lo impulsaron con ese objetivo de pluralidad.<\/p>\n\n\n\n<p>\u201cQue algunos dirigentes no coincida conmigo es parte del movimiento y parte de lo que est\u00e1 pasando en la universalidad de Morena, pero no por ello voy a abandonar, mis ideas y principios porque quienes fundamos Morena lo hicimos con ese prop\u00f3sito, democracia, combate a la corrupci\u00f3n, cambio de r\u00e9gimen, incluso erradicar al M\u00e9xico de un solo hombre, eso lo hicimos en morena, por qu\u00e9 no seguir luchando\u201d.<\/p>\n\n\n\n<figure class=\"wp-block-image\" id=\"attachment_4153918\"><img decoding=\"async\" src=\"https:\/\/i1.wp.com\/www.sinembargo.mx\/wp-content\/uploads\/2022\/03\/rmonreal.jpg?resize=700%2C369&amp;quality=80&amp;strip=all&amp;ssl=1\" alt=\"\" class=\"wp-image-4153918\"\/><figcaption>Ricardo Monreal, presidente de la Jucopo, durante una conferencia de prensa. Foto: Graciela L\u00f3pez, Cuartoscuro.<\/figcaption><\/figure>\n\n\n\n<p>Monreal rechaz\u00f3 los se\u00f1alamientos que lo acusan de provocar que Morena haya perdido elecciones, como la del 2021 en la Ciudad de M\u00e9xico, y record\u00f3 que \u00e9l, a diferencia de otros personajes, nunca ha perdido en los comicios en los que ha participado de manera directa.<\/p>\n\n\n\n<p>\u201cNunca he perdido una elecci\u00f3n, estuve de responsable en los 16 estados, si eso fuera gan\u00e9 14, eso es falso [\u2026] Ni estoy enojado con Morena, ni menos con sus militantes que son los que me han llevado al poder, simplemente tengo diferencias, puntos de vista diferentes\u201d.<\/p>\n\n\n\n<p>Este lunes, Citlalli Hern\u00e1ndez, Secretaria General de Morena, asegur\u00f3 tambi\u00e9n en SinEmbargo Al Aire que el Senador Monreal trataba de \u201censuciar\u201d la unidad dentro de Morena al decir que no fue invitado al evento del domingo pasado en Toluca, Estado de M\u00e9xico.<\/p>\n\n\n\n<p>\u201cFue invitado, decir que no fue invitado o fue excluido, perd\u00f3n, pero es faltar a la verdad. Me parece que m\u00e1s bien, \u00e9l debe recapacitar cu\u00e1les son sus posturas porque fue invitado, yo p\u00fablicamente, como Secretaria General del partido, le tiendo la mano, \u00e9l ha formado parte importante de lo que se ha construido, pero ahora decir que fue excluido falta a la verdad [\u2026] Insisto, creo que decir que no se le invit\u00f3 o fue excluido pues no es lo correcto porque insin\u00faa que nosotros mismos provocamos divisi\u00f3n\u201d, dijo Hern\u00e1ndez en entrevista con\u00a0<em>Los Periodistas<\/em>.<video preload=\"none\" src=\"https:\/\/nv.vi-serve.com\/vis-media\/1099\/1956\/ZP-ck4ABWzNu3astaZf7_720p.mp4\"><\/p>\n\n\n\n<figure class=\"wp-block-image\" id=\"attachment_4088964\"><img decoding=\"async\" src=\"https:\/\/i2.wp.com\/www.sinembargo.mx\/wp-content\/uploads\/2021\/12\/cuartoscuro-687929-digital-1.jpeg?resize=700%2C369&amp;quality=80&amp;strip=all&amp;ssl=1\" alt=\"\" class=\"wp-image-4088964\"\/><figcaption>Ricardo Monreal y Citlalli Hern\u00e1ndez. Foto: Cuartoscuro.<\/figcaption><\/figure>\n\n\n\n<p>Morena realiz\u00f3 este domingo una Asamblea Informativa en la ciudad de Toluca, convocada por el presidente del partido, Mario Delgado, con miras a la renovaci\u00f3n de la gubernatura en la entidad mexiquense, en 2023, y a la Presidencia de la Rep\u00fablica, en 2024.<\/p>\n\n\n\n<p>En el evento estuvieron presentes los tres principales aspirantes a suceder al Presidente L\u00f3pez Obrador: la Jefa de Gobierno de la Ciudad de M\u00e9xico, Claudia Sheinbaum; el Canciller Marcelo Ebrard; y el Secretario de Gobernaci\u00f3n, Ad\u00e1n Augusto L\u00f3pez. El gran ausente fue precisamente Monreal.<\/p>\n\n\n\n<p>Ante esta situaci\u00f3n, el Senador explic\u00f3 que no fue invitado al llamado \u201cdesayuno de la unidad\u201d e indic\u00f3 que solo recibi\u00f3 una llamada de Mario Delgado, quien le pidi\u00f3 que convidara a todos los miembros de la bancada al evento del domingo.<\/p>\n\n\n\n<p>\u201cNo fui invitado al desayuno de la unidad que se desarroll\u00f3 de las 9 a las 11 de la ma\u00f1ana. S\u00ed me habl\u00f3 Mario Delgado para correrme la cortes\u00eda de que fuera el conducto de invitar a senadoras y senadores al acto masivo a desarrollarse a las 11 de la ma\u00f1ana, pero no fui convocado al desayuno porque me han platicado los que asistieron que ah\u00ed se defini\u00f3 la ruta al 2023 y al 2024 y ah\u00ed estaba quien dio toda la ruta, no era el presidente del partido, el Secretario de Gobernaci\u00f3n le dicen, todo lo que se dijo ah\u00ed seguramente se va a saber porque quiz\u00e1 por eso no quisieron que fuera\u201d.<\/p>\n\n\n\n<figure class=\"wp-block-image\" id=\"attachment_4098184\"><img decoding=\"async\" src=\"https:\/\/i1.wp.com\/www.sinembargo.mx\/wp-content\/uploads\/2022\/01\/cuartoscuro-850358-digital.jpeg?resize=700%2C639&amp;quality=80&amp;strip=all&amp;ssl=1\" alt=\"\" class=\"wp-image-4098184\"\/><figcaption>El Senador Ricardo Monreal critic\u00f3 que en Morena \u201cpersisten comportamientos facciosos y autodestructivos\u201d.<br>Foto: Mario Jasso, Cuartoscuro.<\/figcaption><\/figure>\n\n\n\n<p>Ricardo Monreal reconoci\u00f3 que el no ser invitado al desayuno del pasado domingo pudo causarle incomodidad y al mismo tiempo reiter\u00f3 que no avala que las encuestas sean utilizadas como el m\u00e9todo de selecci\u00f3n de candidatos dentro de Morena, por lo que llam\u00f3 a buscar nuevos mecanismos de selecci\u00f3n que refuercen la confianza pol\u00edtica dentro de la instituci\u00f3n.<\/p>\n\n\n\n<blockquote class=\"wp-block-quote is-layout-flow wp-block-quote-is-layout-flow\"><p>\u201cEst\u00e1 bien, no fui convocado, no fui invitado y acepto que quiz\u00e1s me resulte inc\u00f3modo porque yo no hubiera estado de acuerdo con las encuestas, ustedes saben que yo no avalo las encuestas que hace el partido, no estoy conforme, no estoy de acuerdo, al contrario he pugnado por democratizar Morena, buscar mecanismos innovadores de selecci\u00f3n de candidatos, que permitan mantener la confianza y la fuerza pol\u00edtica en una instituci\u00f3n como la nuestra y no perdernos, extraviarnos sobre lo que nos dio origen en la conformaci\u00f3n de este gran movimiento social\u201d.<\/p><\/blockquote>\n\n\n\n<p>Al ser cuestionado sobre si su manera de pensar y la diferencia de ideas con Morena podr\u00edan generar que el Presidente Andr\u00e9s Manuel L\u00f3pez Obrador pueda sentirse inc\u00f3modo, Ricardo Monreal dijo que no busca crear ning\u00fan tipo de conflicto con el mandatario y asegur\u00f3 que nunca lo confrontar\u00eda.<\/p>\n\n\n\n<p>\u201cYo he sido siempre aut\u00f3nomo en mi opini\u00f3n y yo no creo que perturbe o moleste frontalmente al Presidente. Yo no creo en las encuestas porque soy v\u00edctima de ellas, yo no creo en las encuestas que hace el partido porque no tienen transparencia, yo no creo en el mensaje \u00fanico, yo no creo en eso, si por algo form\u00e9 Morena es porque nos quer\u00edamos alejar de ese tipo de practicas que lastimaron la democracia, yo sigo siendo congruente, no quiero confrontarme con el Presidente, nunca lo voy a hacer, pero tengo una opini\u00f3n distinta\u201d.<\/p>\n\n\n\n<figure class=\"wp-block-image\" id=\"attachment_4101534\"><img decoding=\"async\" src=\"https:\/\/i1.wp.com\/www.sinembargo.mx\/wp-content\/uploads\/2022\/01\/amlo-y-ricardo-monreal.jpg?resize=700%2C370&amp;quality=80&amp;strip=all&amp;ssl=1\" alt=\"El Presidente Andr\u00e9s Manuel L\u00f3pez Obrador y el Senador Ricardo Monreal.\" class=\"wp-image-4101534\"\/><figcaption>El Presidente Andr\u00e9s Manuel L\u00f3pez Obrador y el Senador Ricardo Monreal. Foto: Sa\u00fal L\u00f3pez, Cuartoscuro<\/figcaption><\/figure>\n\n\n\n<p><strong>APOYO A SANDRA CUEVAS<\/strong><\/p>\n\n\n\n<p>Respecto a los se\u00f1alamientos que lo acusan de haber influido de manera directa en la derrota de Morena en la Ciudad de M\u00e9xico, y sobre todo en la Alcald\u00eda Cuauht\u00e9moc, en 2021 al operar a favor de la actual Alcaldesa Sandra Cuevas, Ricardo Monreal rechaz\u00f3 que fuera as\u00ed y afirm\u00f3 que \u00e9l no es responsable de la elecci\u00f3n de candidatos.<\/p>\n\n\n\n<blockquote class=\"wp-block-quote is-layout-flow wp-block-quote-is-layout-flow\"><p>\u201cSandra es amiga m\u00eda, la estimo, por cierto, no la han dejado trabajar, ya est\u00e1n de nuevo queri\u00e9ndola expulsar o inhabilitar\u201d.<\/p><\/blockquote>\n\n\n\n<p>A pregunta expresa de Alejandro P\u00e1ez sobre si la Jefa de Gobierno, Claudia Sheinbaum, es la responsable de \u201cno dejarla trabajar\u201d, el Senador dijo que no pod\u00eda afirmar este se\u00f1alamiento.<\/p>\n\n\n\n<p>\u201cEl Gobierno, porque no s\u00e9 si sea Claudia Sheinbaum, no me atrevo a tanto, pero no la han dejado trabajar\u201d.<\/p>\n\n\n\n<figure class=\"wp-block-image\" id=\"attachment_3988177\"><img decoding=\"async\" src=\"https:\/\/i0.wp.com\/www.sinembargo.mx\/wp-content\/uploads\/2021\/06\/efca47a1-8269-4bbe-a68b-358d4b3ae4c3.jpg?resize=700%2C369&amp;quality=80&amp;strip=all&amp;ssl=1\" alt=\"\" class=\"wp-image-3988177\"\/><figcaption>Sandra Cuevas junto a Ricardo Monreal. Foto: Especial.<\/figcaption><\/figure>\n\n\n\n<p>El l\u00edder de Morena en el Senado dijo que \u00e9l no fue el responsable de la derrota en las urnas en diversas alcald\u00edas de la Ciudad de M\u00e9xico en 2021 e indic\u00f3 que suele d\u00e1rsele m\u00e1s poder del que en realidad tiene.<\/p>\n\n\n\n<blockquote class=\"wp-block-quote is-layout-flow wp-block-quote-is-layout-flow\"><p>\u201cYo no soy el responsable de haber elegido a los candidatos, yo no soy el responsable de la estrategia de la Ciudad de M\u00e9xico, yo no soy el responsable de haber seleccionado y excluido, yo no soy el responsable de eso, no puedo admitir de ninguna manera eso, aqu\u00ed nada m\u00e1s hay un responsable, es el partido y el Gobierno, esa intriga palaciega cal\u00f3 hasta el fondo y esa intriga palaciega es la que se usa constantemente\u201d.<\/p><\/blockquote>\n\n\n\n<p>Finalmente, Ricardo Monreal reafirm\u00f3 su compromiso y lealtad con Morena y el Presidente L\u00f3pez Obrador, pues record\u00f3, desde el Senado se han aprobado la gran mayor\u00edas de iniciativas propuestas por el mandatario.<\/p>\n\n\n\n<p>\u201cYo he sido leal a Morena, tan he sido leal a Morena que todas las reformas y leyes que me han enviado han salido en el Senado, todas las iniciativas que le han interesado al Presidente as\u00ed como nombramientos han salido con di\u00e1logo, con apertura, incluso por unanimidad muchos de ellos\u201d.<\/p>\n\n\n\n<p>Fuente: https:\/\/www.sinembargo.mx\/14-06-2022\/4203028<\/p>\n","protected":false},"excerpt":{"rendered":"<p>El Senador Ricardo Monreal afirm\u00f3 en entrevista con SinEmbargo Al Aire que la diferencia de opiniones dentro de Morena es [&hellip;]<\/p>\n","protected":false},"author":1,"featured_media":30011,"comment_status":"open","ping_status":"open","sticky":false,"template":"","format":"standard","meta":{"site-sidebar-layout":"default","site-content-layout":"","ast-site-content-layout":"default","site-content-style":"default","site-sidebar-style":"default","ast-global-header-display":"","ast-banner-title-visibility":"","ast-main-header-display":"","ast-hfb-above-header-display":"","ast-hfb-below-header-display":"","ast-hfb-mobile-header-display":"","site-post-title":"","ast-breadcrumbs-content":"","ast-featured-img":"","footer-sml-layout":"","theme-transparent-header-meta":"","adv-header-id-meta":"","stick-header-meta":"","header-above-stick-meta":"","header-main-stick-meta":"","header-below-stick-meta":"","astra-migrate-meta-layouts":"default","ast-page-background-enabled":"default","ast-page-background-meta":{"desktop":{"background-color":"var(--ast-global-color-4)","background-image":"","background-repeat":"repeat","background-position":"center center","background-size":"auto","background-attachment":"scroll","background-type":"","background-media":"","overlay-type":"","overlay-color":"","overlay-opacity":"","overlay-gradient":""},"tablet":{"background-color":"","background-image":"","background-repeat":"repeat","background-position":"center center","background-size":"auto","background-attachment":"scroll","background-type":"","background-media":"","overlay-type":"","overlay-color":"","overlay-opacity":"","overlay-gradient":""},"mobile":{"background-color":"","background-image":"","background-repeat":"repeat","background-position":"center center","background-size":"auto","background-attachment":"scroll","background-type":"","background-media":"","overlay-type":"","overlay-color":"","overlay-opacity":"","overlay-gradient":""}},"ast-content-background-meta":{"desktop":{"background-color":"var(--ast-global-color-5)","background-image":"","background-repeat":"repeat","background-position":"center center","background-size":"auto","background-attachment":"scroll","background-type":"","background-media":"","overlay-type":"","overlay-color":"","overlay-opacity":"","overlay-gradient":""},"tablet":{"background-color":"var(--ast-global-color-5)","background-image":"","background-repeat":"repeat","background-position":"center center","background-size":"auto","background-attachment":"scroll","background-type":"","background-media":"","overlay-type":"","overlay-color":"","overlay-opacity":"","overlay-gradient":""},"mobile":{"background-color":"var(--ast-global-color-5)","background-image":"","background-repeat":"repeat","background-position":"center center","background-size":"auto","background-attachment":"scroll","background-type":"","background-media":"","overlay-type":"","overlay-color":"","overlay-opacity":"","overlay-gradient":""}},"footnotes":""},"categories":[8],"tags":[4120,247,2098],"class_list":["post-30010","post","type-post","status-publish","format-standard","has-post-thumbnail","hentry","category-noticias","tag-mexico-2024","tag-morena","tag-ricardo-monreal"],"_links":{"self":[{"href":"https:\/\/losperiodistas.com.mx\/portal\/wp-json\/wp\/v2\/posts\/30010","targetHints":{"allow":["GET"]}}],"collection":[{"href":"https:\/\/losperiodistas.com.mx\/portal\/wp-json\/wp\/v2\/posts"}],"about":[{"href":"https:\/\/losperiodistas.com.mx\/portal\/wp-json\/wp\/v2\/types\/post"}],"author":[{"embeddable":true,"href":"https:\/\/losperiodistas.com.mx\/portal\/wp-json\/wp\/v2\/users\/1"}],"replies":[{"embeddable":true,"href":"https:\/\/losperiodistas.com.mx\/portal\/wp-json\/wp\/v2\/comments?post=30010"}],"version-history":[{"count":1,"href":"https:\/\/losperiodistas.com.mx\/portal\/wp-json\/wp\/v2\/posts\/30010\/revisions"}],"predecessor-version":[{"id":30012,"href":"https:\/\/losperiodistas.com.mx\/portal\/wp-json\/wp\/v2\/posts\/30010\/revisions\/30012"}],"wp:featuredmedia":[{"embeddable":true,"href":"https:\/\/losperiodistas.com.mx\/portal\/wp-json\/wp\/v2\/media\/30011"}],"wp:attachment":[{"href":"https:\/\/losperiodistas.com.mx\/portal\/wp-json\/wp\/v2\/media?parent=30010"}],"wp:term":[{"taxonomy":"category","embeddable":true,"href":"https:\/\/losperiodistas.com.mx\/portal\/wp-json\/wp\/v2\/categories?post=30010"},{"taxonomy":"post_tag","embeddable":true,"href":"https:\/\/losperiodistas.com.mx\/portal\/wp-json\/wp\/v2\/tags?post=30010"}],"curies":[{"name":"wp","href":"https:\/\/api.w.org\/{rel}","templated":true}]}}