{"id":30007,"date":"2022-06-15T06:58:38","date_gmt":"2022-06-15T11:58:38","guid":{"rendered":"http:\/\/losperiodistas.com.mx\/portal\/?p=30007"},"modified":"2022-06-15T06:58:40","modified_gmt":"2022-06-15T11:58:40","slug":"marko-cortes-exige-a-amlo-dejar-de-promover-corcholatas-pan-denuncia-evento-de-toluca-ante-el-ine-proceso","status":"publish","type":"post","link":"https:\/\/losperiodistas.com.mx\/portal\/marko-cortes-exige-a-amlo-dejar-de-promover-corcholatas-pan-denuncia-evento-de-toluca-ante-el-ine-proceso\/","title":{"rendered":"Marko Cort\u00e9s exige a AMLO dejar de promover \u201ccorcholatas\u201d; PAN denuncia evento de Toluca ante el INE | Proceso"},"content":{"rendered":"\n<p><em>El PAN solicit\u00f3 una investigaci\u00f3n cuyo objetivo sea fiscalizar los recursos empleados en el evento de Morena en Toluca.<\/em><\/p>\n\n\n\n<figure class=\"wp-block-image size-full\"><img fetchpriority=\"high\" decoding=\"async\" width=\"800\" height=\"450\" src=\"https:\/\/losperiodistas.com.mx\/portal\/wp-content\/uploads\/2022\/06\/f800x450-156360_207806_5285.jpeg\" alt=\"\" class=\"wp-image-30008\" srcset=\"https:\/\/losperiodistas.com.mx\/portal\/wp-content\/uploads\/2022\/06\/f800x450-156360_207806_5285.jpeg 800w, https:\/\/losperiodistas.com.mx\/portal\/wp-content\/uploads\/2022\/06\/f800x450-156360_207806_5285-300x169.jpeg 300w, https:\/\/losperiodistas.com.mx\/portal\/wp-content\/uploads\/2022\/06\/f800x450-156360_207806_5285-768x432.jpeg 768w\" sizes=\"(max-width: 800px) 100vw, 800px\" \/><figcaption>Marko Cort\u00e9s, dirigente nacional panista. Foto: Eduardo Miranda<\/figcaption><\/figure>\n\n\n\n<p class=\"has-vivid-cyan-blue-color has-text-color has-medium-font-size\">ARTURO RODR\u00cdGUEZ GARC\u00cdA \/ PROCESO<\/p>\n\n\n\n<p>CIUDAD DE M\u00c9XICO (apro).- El dirigente nacional del PAN, Marko Cort\u00e9s Mendoza, conmin\u00f3 hoy al presidente Andr\u00e9s Manuel L\u00f3pez Obrador a que deje de promover \u201cilegalmente a sus corcholatas\u201d y de adelantar procesos electorales.<\/p>\n\n\n\n<p>Las expresiones del dirigente panista son en respuesta al mitin celebrado el pasado domingo en Toluca, donde los principales aspirantes a la sucesi\u00f3n presidencial de 2024 por Morena, desplegaron espectaculares, pancartas y porras para la ovaci\u00f3n.<\/p>\n\n\n\n<h5 class=\"wp-block-heading\">NOTICIAS RELACIONADAS<\/h5>\n\n\n\n<ul class=\"wp-block-list\"><li><a href=\"https:\/\/www.proceso.com.mx\/nacional\/politica\/2022\/6\/13\/si-tanto-les-urge-las-corcholatas-de-morena-andar-haciendo-campana-que-renuncien-kenia-lopez-287638.html\">Si tanto les urge a las \u00abcorcholatas\u00bb de Morena andar haciendo campa\u00f1a, que renuncien: Kenia L\u00f3pez<\/a><\/li><li><a href=\"https:\/\/www.proceso.com.mx\/nacional\/2022\/6\/13\/tras-evento-de-corcholatas-amlo-pide-invitar-monreal-clouthier-rumbo-eleccion-de-2024-287610.html\">Tras evento de \u00abcorcholatas\u00bb, AMLO pide invitar a Monreal y a Clouthier rumbo a elecci\u00f3n de 2024<\/a><\/li><li><a href=\"https:\/\/www.proceso.com.mx\/nacional\/2022\/6\/13\/excluido-monreal-opina-que-mitin-de-morena-en-toluca-es-un-acto-anticipado-de-campana-287630.html\">Excluido, Monreal opina que mitin de Morena en Toluca es un acto anticipado de campa\u00f1a<\/a><\/li><li><a href=\"https:\/\/www.proceso.com.mx\/nacional\/2022\/6\/13\/si-se-invito-responde-sheinbaum-polemica-por-exclusion-de-monreal-en-evento-de-morena-287645.html\">\u00a1S\u00ed se invit\u00f3!, responde Sheinbaum a pol\u00e9mica por \u00abexclusi\u00f3n\u00bb de Monreal en evento de Morena<\/a><\/li><\/ul>\n\n\n\n<p>\u201cLe exigimos Presidente, que deje de andar adelantando procesos electorales y promoviendo ilegalmente a sus corcholatas. Mejor p\u00f3ngase a trabajar a favor de M\u00e9xico, porque a partir de su gobierno estamos peor en econom\u00eda, seguridad y salud\u201d, dijo Cort\u00e9s Mendoza.<\/p>\n\n\n\n<p>Adem\u00e1s, pidi\u00f3 al mandatario federal que saque de la congeladora las iniciativas de la oposici\u00f3n, tales como el seguro de desempleo, el seguro popular, las Escuelas de Tiempo Completo y las Estancias Infantiles que las oposiciones proponen regresar.<\/p>\n\n\n\n<p>Adem\u00e1s, exigi\u00f3 se apruebe la iniciativa de Energ\u00edas Renovables.<\/p>\n\n\n\n<p>Esta tarde, la representaci\u00f3n del PAN ante el Instituto nacional Electoral (INE), present\u00f3 una denuncia por actos anticipados de campa\u00f1a en contra de Morena, demandando que se impongan medidas cautelares para suspender de manera inmediata toda publicidad referente al evento del pasado domingo en Toluca.<\/p>\n\n\n\n<p>Adem\u00e1s, solicit\u00f3 una investigaci\u00f3n cuyo objetivo sea fiscalizar los recursos empleados en el evento.<\/p>\n\n\n\n<p>Para el PAN, dicha actividad y la publicidad desplegada para la promoci\u00f3n personal de figuras del morenismo, influye en la equidad de la contienda electoral a trav\u00e9s de eventos y una estrategia concentrada para hacer un fraude a la ley.<\/p>\n\n\n\n<p>Fuente: https:\/\/www.proceso.com.mx\/nacional\/2022\/6\/14\/marko-cortes-exige-amlo-dejar-de-promover-corcholatas-pan-denuncia-evento-de-toluca-ante-el-ine-287733.html<\/p>\n","protected":false},"excerpt":{"rendered":"<p>El PAN solicit\u00f3 una investigaci\u00f3n cuyo objetivo sea fiscalizar los recursos empleados en el evento de Morena en Toluca. ARTURO [&hellip;]<\/p>\n","protected":false},"author":1,"featured_media":30008,"comment_status":"open","ping_status":"open","sticky":false,"template":"","format":"standard","meta":{"site-sidebar-layout":"default","site-content-layout":"","ast-site-content-layout":"default","site-content-style":"default","site-sidebar-style":"default","ast-global-header-display":"","ast-banner-title-visibility":"","ast-main-header-display":"","ast-hfb-above-header-display":"","ast-hfb-below-header-display":"","ast-hfb-mobile-header-display":"","site-post-title":"","ast-breadcrumbs-content":"","ast-featured-img":"","footer-sml-layout":"","theme-transparent-header-meta":"","adv-header-id-meta":"","stick-header-meta":"","header-above-stick-meta":"","header-main-stick-meta":"","header-below-stick-meta":"","astra-migrate-meta-layouts":"default","ast-page-background-enabled":"default","ast-page-background-meta":{"desktop":{"background-color":"var(--ast-global-color-4)","background-image":"","background-repeat":"repeat","background-position":"center center","background-size":"auto","background-attachment":"scroll","background-type":"","background-media":"","overlay-type":"","overlay-color":"","overlay-opacity":"","overlay-gradient":""},"tablet":{"background-color":"","background-image":"","background-repeat":"repeat","background-position":"center center","background-size":"auto","background-attachment":"scroll","background-type":"","background-media":"","overlay-type":"","overlay-color":"","overlay-opacity":"","overlay-gradient":""},"mobile":{"background-color":"","background-image":"","background-repeat":"repeat","background-position":"center center","background-size":"auto","background-attachment":"scroll","background-type":"","background-media":"","overlay-type":"","overlay-color":"","overlay-opacity":"","overlay-gradient":""}},"ast-content-background-meta":{"desktop":{"background-color":"var(--ast-global-color-5)","background-image":"","background-repeat":"repeat","background-position":"center center","background-size":"auto","background-attachment":"scroll","background-type":"","background-media":"","overlay-type":"","overlay-color":"","overlay-opacity":"","overlay-gradient":""},"tablet":{"background-color":"var(--ast-global-color-5)","background-image":"","background-repeat":"repeat","background-position":"center center","background-size":"auto","background-attachment":"scroll","background-type":"","background-media":"","overlay-type":"","overlay-color":"","overlay-opacity":"","overlay-gradient":""},"mobile":{"background-color":"var(--ast-global-color-5)","background-image":"","background-repeat":"repeat","background-position":"center center","background-size":"auto","background-attachment":"scroll","background-type":"","background-media":"","overlay-type":"","overlay-color":"","overlay-opacity":"","overlay-gradient":""}},"footnotes":""},"categories":[8],"tags":[199,5486,2089,247,248],"class_list":["post-30007","post","type-post","status-publish","format-standard","has-post-thumbnail","hentry","category-noticias","tag-amlo","tag-elecciones-2024","tag-marko-cortes","tag-morena","tag-pan"],"_links":{"self":[{"href":"https:\/\/losperiodistas.com.mx\/portal\/wp-json\/wp\/v2\/posts\/30007","targetHints":{"allow":["GET"]}}],"collection":[{"href":"https:\/\/losperiodistas.com.mx\/portal\/wp-json\/wp\/v2\/posts"}],"about":[{"href":"https:\/\/losperiodistas.com.mx\/portal\/wp-json\/wp\/v2\/types\/post"}],"author":[{"embeddable":true,"href":"https:\/\/losperiodistas.com.mx\/portal\/wp-json\/wp\/v2\/users\/1"}],"replies":[{"embeddable":true,"href":"https:\/\/losperiodistas.com.mx\/portal\/wp-json\/wp\/v2\/comments?post=30007"}],"version-history":[{"count":1,"href":"https:\/\/losperiodistas.com.mx\/portal\/wp-json\/wp\/v2\/posts\/30007\/revisions"}],"predecessor-version":[{"id":30009,"href":"https:\/\/losperiodistas.com.mx\/portal\/wp-json\/wp\/v2\/posts\/30007\/revisions\/30009"}],"wp:featuredmedia":[{"embeddable":true,"href":"https:\/\/losperiodistas.com.mx\/portal\/wp-json\/wp\/v2\/media\/30008"}],"wp:attachment":[{"href":"https:\/\/losperiodistas.com.mx\/portal\/wp-json\/wp\/v2\/media?parent=30007"}],"wp:term":[{"taxonomy":"category","embeddable":true,"href":"https:\/\/losperiodistas.com.mx\/portal\/wp-json\/wp\/v2\/categories?post=30007"},{"taxonomy":"post_tag","embeddable":true,"href":"https:\/\/losperiodistas.com.mx\/portal\/wp-json\/wp\/v2\/tags?post=30007"}],"curies":[{"name":"wp","href":"https:\/\/api.w.org\/{rel}","templated":true}]}}