{"id":30004,"date":"2022-06-15T06:52:18","date_gmt":"2022-06-15T11:52:18","guid":{"rendered":"http:\/\/losperiodistas.com.mx\/portal\/?p=30004"},"modified":"2022-06-15T06:52:20","modified_gmt":"2022-06-15T11:52:20","slug":"el-papa-la-guerra-en-ucrania-no-es-una-costumbre-sino-el-martirio-de-un-pueblo-vatican-news","status":"publish","type":"post","link":"https:\/\/losperiodistas.com.mx\/portal\/el-papa-la-guerra-en-ucrania-no-es-una-costumbre-sino-el-martirio-de-un-pueblo-vatican-news\/","title":{"rendered":"El Papa: La guerra en Ucrania no es una \u00abcostumbre\u00bb sino el martirio de un pueblo | Vatican News"},"content":{"rendered":"\n<p><em>Francisco, al final de la audiencia general, vuelve a hablar de la guerra en Europa del Este y pide que no se la considere \u00abuna cosa lejana\u00bb, sino el tormento de una naci\u00f3n a la que hay que acompa\u00f1ar con ayuda y oraciones<\/em><\/p>\n\n\n\n<figure class=\"wp-block-embed is-type-video is-provider-youtube wp-block-embed-youtube wp-embed-aspect-16-9 wp-has-aspect-ratio\"><div class=\"wp-block-embed__wrapper\">\n<iframe title=\"El Papa: La guerra en Ucrania no es una &quot;costumbre&quot; sino el martirio de un pueblo\" width=\"500\" height=\"281\" src=\"https:\/\/www.youtube.com\/embed\/9p_pG9Wtgzs?feature=oembed\" frameborder=\"0\" allow=\"accelerometer; autoplay; clipboard-write; encrypted-media; gyroscope; picture-in-picture; web-share\" referrerpolicy=\"strict-origin-when-cross-origin\" allowfullscreen><\/iframe>\n<\/div><\/figure>\n\n\n\n<p><\/p>\n\n\n\n<p class=\"has-vivid-cyan-blue-color has-text-color has-medium-font-size\">ANDREA DE ANGELIS \/ VATICAN NEWS<\/p>\n\n\n\n<p>El recuerdo se desvanece, el dolor corre el riesgo de enfriarse. El Papa Francisco utiliza esta expresi\u00f3n para describir la situaci\u00f3n que vive la poblaci\u00f3n ucraniana desde hace casi cuatro meses. Lo hace al final de la audiencia general de este mi\u00e9rcoles, dirigi\u00e9ndose a los peregrinos de lengua italiana. El Papa invita una vez m\u00e1s a no olvidar el drama de la guerra:<\/p>\n\n\n\n<p><em>Por favor, no olvidemos al pueblo martirizado de Ucrania en guerra. No nos acostumbremos a vivir como si la guerra fuera algo lejano. Que nuestro recuerdo, nuestro afecto, nuestra oraci\u00f3n y nuestra ayuda vayan siempre hacia este pueblo que est\u00e1 sufriendo tanto y que est\u00e1 llevando adelante un verdadero martirio.<\/em><\/p>\n\n\n\n<p>LEA TAMBI\u00c9N<a href=\"https:\/\/www.vaticannews.va\/es\/mundo\/news\/2022-06\/cien-dias-de-guerra-para-decir-no-a-todas-las-guerras.html\"><\/a>03\/06\/2022<\/p>\n\n\n\n<h2 class=\"wp-block-heading\"><a href=\"https:\/\/www.vaticannews.va\/es\/mundo\/news\/2022-06\/cien-dias-de-guerra-para-decir-no-a-todas-las-guerras.html\">Cien d\u00edas de guerra para decir \u00abno\u00bb a todas las guerras<\/a><\/h2>\n\n\n\n<p>No nos acostumbremos a la realidad de la guerra. Un concepto que el Papa ha reiterado varias veces desde el inicio del conflicto, destacando por ejemplo la importancia de la ayuda humanitaria que -dijo el pasado mes de marzo- no debe interrumpirse. Tambi\u00e9n el domingo pasado Francisco, en&nbsp;<a href=\"https:\/\/www.vatican.va\/content\/francesco\/es\/angelus\/2022\/documents\/20220612-angelus.html\">los saludos que siguieron a la oraci\u00f3n del \u00c1ngelus<\/a>, dirigi\u00f3 su pensamiento al conflicto de Ucrania, invocando oraciones por esa poblaci\u00f3n e instando a los fieles a no olvidar lo que est\u00e1 sucediendo:<\/p>\n\n\n\n<p><em>El pensamiento por la poblaci\u00f3n ucraniana afligida por la guerra est\u00e1 siempre vivo en mi coraz\u00f3n. Que el paso del tiempo no enfr\u00ede nuestro dolor y nuestra preocupaci\u00f3n por esta gente martirizada. \u00a1Por favor, no nos acostumbremos a esta tr\u00e1gica realidad! Llev\u00e9mosla siempre en nuestro coraz\u00f3n. Recemos y luchemos por la paz.<\/em><\/p>\n\n\n\n<p>Fuente: https:\/\/www.vaticannews.va\/es\/papa\/news\/2022-06\/papa-francisco-guerra-ucrania-no-es-una-costumbre-llamamiento.html<\/p>\n","protected":false},"excerpt":{"rendered":"<p>Francisco, al final de la audiencia general, vuelve a hablar de la guerra en Europa del Este y pide que [&hellip;]<\/p>\n","protected":false},"author":1,"featured_media":30005,"comment_status":"open","ping_status":"open","sticky":false,"template":"","format":"standard","meta":{"site-sidebar-layout":"default","site-content-layout":"","ast-site-content-layout":"default","site-content-style":"default","site-sidebar-style":"default","ast-global-header-display":"","ast-banner-title-visibility":"","ast-main-header-display":"","ast-hfb-above-header-display":"","ast-hfb-below-header-display":"","ast-hfb-mobile-header-display":"","site-post-title":"","ast-breadcrumbs-content":"","ast-featured-img":"","footer-sml-layout":"","theme-transparent-header-meta":"","adv-header-id-meta":"","stick-header-meta":"","header-above-stick-meta":"","header-main-stick-meta":"","header-below-stick-meta":"","astra-migrate-meta-layouts":"default","ast-page-background-enabled":"default","ast-page-background-meta":{"desktop":{"background-color":"var(--ast-global-color-4)","background-image":"","background-repeat":"repeat","background-position":"center center","background-size":"auto","background-attachment":"scroll","background-type":"","background-media":"","overlay-type":"","overlay-color":"","overlay-opacity":"","overlay-gradient":""},"tablet":{"background-color":"","background-image":"","background-repeat":"repeat","background-position":"center center","background-size":"auto","background-attachment":"scroll","background-type":"","background-media":"","overlay-type":"","overlay-color":"","overlay-opacity":"","overlay-gradient":""},"mobile":{"background-color":"","background-image":"","background-repeat":"repeat","background-position":"center center","background-size":"auto","background-attachment":"scroll","background-type":"","background-media":"","overlay-type":"","overlay-color":"","overlay-opacity":"","overlay-gradient":""}},"ast-content-background-meta":{"desktop":{"background-color":"var(--ast-global-color-5)","background-image":"","background-repeat":"repeat","background-position":"center center","background-size":"auto","background-attachment":"scroll","background-type":"","background-media":"","overlay-type":"","overlay-color":"","overlay-opacity":"","overlay-gradient":""},"tablet":{"background-color":"var(--ast-global-color-5)","background-image":"","background-repeat":"repeat","background-position":"center center","background-size":"auto","background-attachment":"scroll","background-type":"","background-media":"","overlay-type":"","overlay-color":"","overlay-opacity":"","overlay-gradient":""},"mobile":{"background-color":"var(--ast-global-color-5)","background-image":"","background-repeat":"repeat","background-position":"center center","background-size":"auto","background-attachment":"scroll","background-type":"","background-media":"","overlay-type":"","overlay-color":"","overlay-opacity":"","overlay-gradient":""}},"footnotes":""},"categories":[8],"tags":[8046,196],"class_list":["post-30004","post","type-post","status-publish","format-standard","has-post-thumbnail","hentry","category-noticias","tag-guerra-ucrania","tag-papa-francisco"],"_links":{"self":[{"href":"https:\/\/losperiodistas.com.mx\/portal\/wp-json\/wp\/v2\/posts\/30004","targetHints":{"allow":["GET"]}}],"collection":[{"href":"https:\/\/losperiodistas.com.mx\/portal\/wp-json\/wp\/v2\/posts"}],"about":[{"href":"https:\/\/losperiodistas.com.mx\/portal\/wp-json\/wp\/v2\/types\/post"}],"author":[{"embeddable":true,"href":"https:\/\/losperiodistas.com.mx\/portal\/wp-json\/wp\/v2\/users\/1"}],"replies":[{"embeddable":true,"href":"https:\/\/losperiodistas.com.mx\/portal\/wp-json\/wp\/v2\/comments?post=30004"}],"version-history":[{"count":1,"href":"https:\/\/losperiodistas.com.mx\/portal\/wp-json\/wp\/v2\/posts\/30004\/revisions"}],"predecessor-version":[{"id":30006,"href":"https:\/\/losperiodistas.com.mx\/portal\/wp-json\/wp\/v2\/posts\/30004\/revisions\/30006"}],"wp:featuredmedia":[{"embeddable":true,"href":"https:\/\/losperiodistas.com.mx\/portal\/wp-json\/wp\/v2\/media\/30005"}],"wp:attachment":[{"href":"https:\/\/losperiodistas.com.mx\/portal\/wp-json\/wp\/v2\/media?parent=30004"}],"wp:term":[{"taxonomy":"category","embeddable":true,"href":"https:\/\/losperiodistas.com.mx\/portal\/wp-json\/wp\/v2\/categories?post=30004"},{"taxonomy":"post_tag","embeddable":true,"href":"https:\/\/losperiodistas.com.mx\/portal\/wp-json\/wp\/v2\/tags?post=30004"}],"curies":[{"name":"wp","href":"https:\/\/api.w.org\/{rel}","templated":true}]}}