{"id":30001,"date":"2022-06-15T06:23:12","date_gmt":"2022-06-15T11:23:12","guid":{"rendered":"http:\/\/losperiodistas.com.mx\/portal\/?p=30001"},"modified":"2022-06-15T06:23:14","modified_gmt":"2022-06-15T11:23:14","slug":"alito-moreno-promueve-amparo-contra-audios-de-layda-sansores-el-financiero","status":"publish","type":"post","link":"https:\/\/losperiodistas.com.mx\/portal\/alito-moreno-promueve-amparo-contra-audios-de-layda-sansores-el-financiero\/","title":{"rendered":"\u2018Alito\u2019 Moreno promueve amparo contra audios de Layda Sansores | El Financiero"},"content":{"rendered":"\n<p><em>El juez se declar\u00f3 incompetente y orden\u00f3 turnarlo a un juzgado de Campeche, entidad donde sucedieron los actos que acusa el l\u00edder del PRI.<\/em><\/p>\n\n\n\n<figure class=\"wp-block-image size-full\"><img fetchpriority=\"high\" decoding=\"async\" width=\"800\" height=\"532\" src=\"https:\/\/losperiodistas.com.mx\/portal\/wp-content\/uploads\/2022\/06\/OQXHNSHRZRDL7NEZ2JQQPQDN7Y.jpeg\" alt=\"\" class=\"wp-image-30002\" srcset=\"https:\/\/losperiodistas.com.mx\/portal\/wp-content\/uploads\/2022\/06\/OQXHNSHRZRDL7NEZ2JQQPQDN7Y.jpeg 800w, https:\/\/losperiodistas.com.mx\/portal\/wp-content\/uploads\/2022\/06\/OQXHNSHRZRDL7NEZ2JQQPQDN7Y-300x200.jpeg 300w, https:\/\/losperiodistas.com.mx\/portal\/wp-content\/uploads\/2022\/06\/OQXHNSHRZRDL7NEZ2JQQPQDN7Y-768x511.jpeg 768w\" sizes=\"(max-width: 800px) 100vw, 800px\" \/><figcaption><strong>PRI\u00a0<\/strong>Alejandro \u00abAlito\u00bb Moreno C\u00e1rdenas en la conferencia de prensa, despu\u00e9s de la reuni\u00f3n con los expresidentes del PRI.\u00a0(Nicol\u00e1s Tavira)<\/figcaption><\/figure>\n\n\n\n<p class=\"has-vivid-cyan-blue-color has-text-color has-medium-font-size\">PEDRO HIRIART \/ EL FINANCIERO<\/p>\n\n\n\n<p>El&nbsp;<strong>presidente del PRI, Alejandro Moreno<\/strong>, mejor conocido como&nbsp;<em>Alito<\/em>, busc\u00f3 tramitar un amparo para frenar los audios que ha publicado la<strong>&nbsp;gobernadora de Campeche, Layda Sansores<\/strong>.<\/p>\n\n\n\n<p>Con este recurso,\u00a0<em>Alito<\/em>\u00a0pretend\u00eda ponerle un freno a las grabaciones que ha publicado Sansores en su programa \u201c<em><strong>Martes del Jaguar<\/strong><\/em>\u201d, y en los que se escucha al presidente del PRI insultando a periodistas y proveedores del gobierno estatal.<\/p>\n\n\n\n<p>Sin embargo, el titular del Juzgado Decimosexto de Distrito en Materia Administrativa, el&nbsp;<strong>juez Gabriel Regis L\u00f3pez<\/strong>, se declar\u00f3 incompetente para conocer este asunto, y orden\u00f3 turnarlo a un juzgado de Campeche, entidad donde sucedieron los actos que acusa el l\u00edder del PRI.<\/p>\n\n\n\n<h1 class=\"wp-block-heading\">El \u2018audigte\u2019 de Moreno<\/h1>\n\n\n\n<p>Este martes, en su reciente edici\u00f3n del programa \u201cMartes del Jaguar\u201d, la mandataria estatal de Campeche, Layda Sansores present\u00f3 un<a href=\"https:\/\/www.elfinanciero.com.mx\/nacional\/2022\/06\/14\/layda-sansores-vs-alito-nueva-filtracion-pone-en-la-cuerda-floja-relacion-entre-moreno-y-el-pri\/\" target=\"_blank\" rel=\"noreferrer noopener\"><strong>nuevo audio<\/strong>&nbsp;<\/a>que involucra al dirigente del tricolor en un acto de corrupci\u00f3n.<\/p>\n\n\n\n<p>\u201cAqu\u00ed podemos ver que hasta los diputados federales est\u00e1n en el negocio&#8230; Es evidente que la corrupci\u00f3n la viv\u00edan a flor de piel; lo han hecho y lo siguen haciendo con tanta naturalidad. \u00a1Las acciones de quienes han saqueado al pueblo no deben quedar impunes!\u201d, escribi\u00f3 Sansores en Twitter.<\/p>\n\n\n\n<p>La funcionaria dio a conocer una conversaci\u00f3n entre el&nbsp;<a href=\"https:\/\/www.elfinanciero.com.mx\/nacional\/2022\/06\/13\/esta-es-la-razon-por-la-que-alito-moreno-tiene-asegurada-su-continuidad-en-el-pri\/\"><u><strong>l\u00edder del PRI<\/strong><\/u><\/a>&nbsp;con el&nbsp;<strong>diputado federal Javier Casique Z\u00e1rate<\/strong>&nbsp;para realizar algunos movimientos en el sector farmac\u00e9utico con el resto de los gobernadores del pa\u00eds.<\/p>\n\n\n\n<p>\u201cVamos<strong>, vamos juntos a venderla all\u00e1, yo me dedico al negocio de las medicinas<\/strong>&nbsp;\u201c, se escucha decir al interlocutor del dirigente del PRI, mientras que \u00e9l responde \u201cyo te meto, y con los \u2018gobers\u2019 que ganen, yo lo meto\u201d.<\/p>\n\n\n\n<p>Durante el audio filtrado se da a entender que\u00a0<strong>Alejandro Moreno<\/strong>\u00a0esperaba, presuntamente, i<strong>nfluir en el abasto de medicamentos,\u00a0<\/strong>as\u00ed como en la distribuci\u00f3n de despensas para los ciudadanos que se dan en diferentes estados de la Rep\u00fablica, especialmente en las que gobernaba el PRI.<\/p>\n\n\n\n<p>Fuente: https:\/\/www.elfinanciero.com.mx\/nacional\/2022\/06\/15\/busca-alito-amparo-contra-audios-de-layda\/<\/p>\n","protected":false},"excerpt":{"rendered":"<p>El juez se declar\u00f3 incompetente y orden\u00f3 turnarlo a un juzgado de Campeche, entidad donde sucedieron los actos que acusa [&hellip;]<\/p>\n","protected":false},"author":1,"featured_media":30002,"comment_status":"open","ping_status":"open","sticky":false,"template":"","format":"standard","meta":{"site-sidebar-layout":"default","site-content-layout":"","ast-site-content-layout":"default","site-content-style":"default","site-sidebar-style":"default","ast-global-header-display":"","ast-banner-title-visibility":"","ast-main-header-display":"","ast-hfb-above-header-display":"","ast-hfb-below-header-display":"","ast-hfb-mobile-header-display":"","site-post-title":"","ast-breadcrumbs-content":"","ast-featured-img":"","footer-sml-layout":"","theme-transparent-header-meta":"","adv-header-id-meta":"","stick-header-meta":"","header-above-stick-meta":"","header-main-stick-meta":"","header-below-stick-meta":"","astra-migrate-meta-layouts":"default","ast-page-background-enabled":"default","ast-page-background-meta":{"desktop":{"background-color":"var(--ast-global-color-4)","background-image":"","background-repeat":"repeat","background-position":"center center","background-size":"auto","background-attachment":"scroll","background-type":"","background-media":"","overlay-type":"","overlay-color":"","overlay-opacity":"","overlay-gradient":""},"tablet":{"background-color":"","background-image":"","background-repeat":"repeat","background-position":"center center","background-size":"auto","background-attachment":"scroll","background-type":"","background-media":"","overlay-type":"","overlay-color":"","overlay-opacity":"","overlay-gradient":""},"mobile":{"background-color":"","background-image":"","background-repeat":"repeat","background-position":"center center","background-size":"auto","background-attachment":"scroll","background-type":"","background-media":"","overlay-type":"","overlay-color":"","overlay-opacity":"","overlay-gradient":""}},"ast-content-background-meta":{"desktop":{"background-color":"var(--ast-global-color-5)","background-image":"","background-repeat":"repeat","background-position":"center center","background-size":"auto","background-attachment":"scroll","background-type":"","background-media":"","overlay-type":"","overlay-color":"","overlay-opacity":"","overlay-gradient":""},"tablet":{"background-color":"var(--ast-global-color-5)","background-image":"","background-repeat":"repeat","background-position":"center center","background-size":"auto","background-attachment":"scroll","background-type":"","background-media":"","overlay-type":"","overlay-color":"","overlay-opacity":"","overlay-gradient":""},"mobile":{"background-color":"var(--ast-global-color-5)","background-image":"","background-repeat":"repeat","background-position":"center center","background-size":"auto","background-attachment":"scroll","background-type":"","background-media":"","overlay-type":"","overlay-color":"","overlay-opacity":"","overlay-gradient":""}},"footnotes":""},"categories":[8],"tags":[10782,10784,3379,10783],"class_list":["post-30001","post","type-post","status-publish","format-standard","has-post-thumbnail","hentry","category-noticias","tag-alito-moreno","tag-javier-casique-zarate","tag-layda-sansores","tag-martes-del-jaguar"],"_links":{"self":[{"href":"https:\/\/losperiodistas.com.mx\/portal\/wp-json\/wp\/v2\/posts\/30001","targetHints":{"allow":["GET"]}}],"collection":[{"href":"https:\/\/losperiodistas.com.mx\/portal\/wp-json\/wp\/v2\/posts"}],"about":[{"href":"https:\/\/losperiodistas.com.mx\/portal\/wp-json\/wp\/v2\/types\/post"}],"author":[{"embeddable":true,"href":"https:\/\/losperiodistas.com.mx\/portal\/wp-json\/wp\/v2\/users\/1"}],"replies":[{"embeddable":true,"href":"https:\/\/losperiodistas.com.mx\/portal\/wp-json\/wp\/v2\/comments?post=30001"}],"version-history":[{"count":1,"href":"https:\/\/losperiodistas.com.mx\/portal\/wp-json\/wp\/v2\/posts\/30001\/revisions"}],"predecessor-version":[{"id":30003,"href":"https:\/\/losperiodistas.com.mx\/portal\/wp-json\/wp\/v2\/posts\/30001\/revisions\/30003"}],"wp:featuredmedia":[{"embeddable":true,"href":"https:\/\/losperiodistas.com.mx\/portal\/wp-json\/wp\/v2\/media\/30002"}],"wp:attachment":[{"href":"https:\/\/losperiodistas.com.mx\/portal\/wp-json\/wp\/v2\/media?parent=30001"}],"wp:term":[{"taxonomy":"category","embeddable":true,"href":"https:\/\/losperiodistas.com.mx\/portal\/wp-json\/wp\/v2\/categories?post=30001"},{"taxonomy":"post_tag","embeddable":true,"href":"https:\/\/losperiodistas.com.mx\/portal\/wp-json\/wp\/v2\/tags?post=30001"}],"curies":[{"name":"wp","href":"https:\/\/api.w.org\/{rel}","templated":true}]}}