{"id":29996,"date":"2022-06-15T06:09:44","date_gmt":"2022-06-15T11:09:44","guid":{"rendered":"http:\/\/losperiodistas.com.mx\/portal\/?p=29996"},"modified":"2022-06-15T06:09:46","modified_gmt":"2022-06-15T11:09:46","slug":"balaceras-y-narcobloqueos-en-san-cristobal-de-las-casas-desataron-panico-entre-la-poblacion-infobae","status":"publish","type":"post","link":"https:\/\/losperiodistas.com.mx\/portal\/balaceras-y-narcobloqueos-en-san-cristobal-de-las-casas-desataron-panico-entre-la-poblacion-infobae\/","title":{"rendered":"Balaceras y narcobloqueos en San Crist\u00f3bal de las Casas desataron p\u00e1nico entre la poblaci\u00f3n | Infobae"},"content":{"rendered":"\n<p>P<em>resuntos sicarios realizaron bloqueos y dispararon al aire en la ciudad chiapaneca, lo cual provoc\u00f3 p\u00e1nico entre la poblaci\u00f3n<\/em><\/p>\n\n\n\n<figure class=\"wp-block-image size-large\"><img fetchpriority=\"high\" decoding=\"async\" width=\"1024\" height=\"577\" src=\"https:\/\/losperiodistas.com.mx\/portal\/wp-content\/uploads\/2022\/06\/Captura-de-Pantalla-2022-06-15-a-las-6.07.22-1024x577.jpg\" alt=\"\" class=\"wp-image-29999\" srcset=\"https:\/\/losperiodistas.com.mx\/portal\/wp-content\/uploads\/2022\/06\/Captura-de-Pantalla-2022-06-15-a-las-6.07.22-1024x577.jpg 1024w, https:\/\/losperiodistas.com.mx\/portal\/wp-content\/uploads\/2022\/06\/Captura-de-Pantalla-2022-06-15-a-las-6.07.22-300x169.jpg 300w, https:\/\/losperiodistas.com.mx\/portal\/wp-content\/uploads\/2022\/06\/Captura-de-Pantalla-2022-06-15-a-las-6.07.22-768x433.jpg 768w, https:\/\/losperiodistas.com.mx\/portal\/wp-content\/uploads\/2022\/06\/Captura-de-Pantalla-2022-06-15-a-las-6.07.22.jpg 1522w\" sizes=\"(max-width: 1024px) 100vw, 1024px\" \/><\/figure>\n\n\n\n<p>Video en: <a href=\"https:\/\/www.infobae.com\/america\/mexico\/2022\/06\/14\/se-registran-fuertes-balaceras-y-narcobloqueos-en-san-cristobal-de-las-casas\/\">https:\/\/www.infobae.com\/america\/mexico\/2022\/06\/14\/se-registran-fuertes-balaceras-y-narcobloqueos-en-san-cristobal-de-las-casas\/<\/a><\/p>\n\n\n\n<p><\/p>\n\n\n\n<p class=\"has-vivid-cyan-blue-color has-text-color has-medium-font-size\">INFOBAE<\/p>\n\n\n\n<p>Pobladores de&nbsp;<strong>San Crist\u00f3bal de las Casas<\/strong>, Chiapas, reportaron mediante redes sociales lapresencia de un grupo de&nbsp;<strong>sujetos fuertemente armados en calles de la ciudad<\/strong>, quienes realizaron<strong>&nbsp;bloqueos y dispararon al aire<\/strong>&nbsp;en diferentes ocasiones.<\/p>\n\n\n\n<p>La incursi\u00f3n armada habr\u00eda empezado alrededor de las<strong>&nbsp;13:30 horas de este martes 14 de junio<\/strong>, hora en la cual se report\u00f3 que&nbsp;<strong>una fuerte cantidad de civiles con prendas negras y el rostro cubierto&nbsp;<\/strong>acudieron a las calles de la ciudad<strong>&nbsp;portando armas largas y equipo t\u00e1ctico<\/strong>.<\/p>\n\n\n\n<p>De acuerdo con testigos que presenciaron los hechos, un grupo de&nbsp;<strong>alrededor de 40 personas armadas<\/strong>&nbsp;se desplaz\u00f3&nbsp;<strong>al norte de la ciudad&nbsp;<\/strong>para<strong>&nbsp;bloquear vialidades con camiones y disparar al aire<\/strong>.<\/p>\n\n\n\n<p>Por su parte,<strong>&nbsp;las autoridades<\/strong>&nbsp;municipales y estatales&nbsp;<strong>no han brindado informaci\u00f3n sobre la situaci\u00f3n de seguridad en la entidad<\/strong>, pues de acuerdo con reportes de medios locales, una multitud de personas resguard\u00e1ndose en comercios de la zona, pues temen por su integridad debido a la presencia de los sujetos armados.<img decoding=\"async\" alt=\"(Foto: Especial)\" height=\"960\" width=\"720\" class=\"\" src=\"https:\/\/cloudfront-us-east-1.images.arcpublishing.com\/infobae\/VNRGUMSJVFCTHFNMHRL5PK3YYE.jpg\" srcset=\"https:\/\/www.infobae.com\/new-resizer\/yDQmfXk1dTs4go6-1hK8o78bvBg=\/420x560\/filters:format(webp):quality(85)\/cloudfront-us-east-1.images.arcpublishing.com\/infobae\/VNRGUMSJVFCTHFNMHRL5PK3YYE.jpg 420w,https:\/\/www.infobae.com\/new-resizer\/qhXI8fwLX1BMYNRRiOynbz3uLdU=\/768x1024\/filters:format(webp):quality(85)\/cloudfront-us-east-1.images.arcpublishing.com\/infobae\/VNRGUMSJVFCTHFNMHRL5PK3YYE.jpg 768w,https:\/\/www.infobae.com\/new-resizer\/PFAK-ZNPyct9O6X8kZ-hBKk-SgI=\/992x1323\/filters:format(webp):quality(85)\/cloudfront-us-east-1.images.arcpublishing.com\/infobae\/VNRGUMSJVFCTHFNMHRL5PK3YYE.jpg 992w,https:\/\/www.infobae.com\/new-resizer\/RqMEtLKXOuwvbfel4P8gccT91Jc=\/1200x1600\/filters:format(webp):quality(85)\/cloudfront-us-east-1.images.arcpublishing.com\/infobae\/VNRGUMSJVFCTHFNMHRL5PK3YYE.jpg 1200w\">(Foto: Especial)<\/p>\n\n\n\n<p>De acuerdo con los primeros reportes,&nbsp;<strong>dos grupos del crimen organizado se estar\u00edan enfrentado por el control de comercios y del mercado norte<\/strong>&nbsp;de la entidad, lo cual habr\u00eda desencadenado&nbsp;<strong>una fuerte balacera&nbsp;<\/strong>en la entidad.<\/p>\n\n\n\n<p>Horas antes de la incursi\u00f3n armada, vecinos de San Crist\u00f3bal de las Casas<strong>&nbsp;reportaron pintas en el Mercado Norte de la entidad<\/strong>, por medio de los cuales&nbsp;<strong>se exig\u00eda la destituci\u00f3n del administrado<\/strong>r del centro de distribuci\u00f3n de alimentos y mercanc\u00edas.<\/p>\n\n\n\n<p>Anteriormente,<strong>&nbsp;locatarios del mercado<\/strong>&nbsp;hab\u00edan denunciado ante las autoridades locales actividades il\u00edcitas en el lugar, pues presuntamente el punto comercial<strong>&nbsp;es utilizado para distribu\u00edr mercanc\u00edas il\u00edcitas<\/strong>, por lo cual dos grupos del crimen organizado se disputar\u00edan su control.<\/p>\n\n\n\n<p><strong>El Mercado Norte es conocido<\/strong>&nbsp;desde hace a\u00f1os por ser la&nbsp;<strong>zona de venta de autom\u00f3viles robados, sustancias il\u00edcitas y armas<\/strong>; el sitio se encuentra ubicado entre una gasolinera y un supermercado, lugar en el cual se encontraban diversas personas realizando compras durante la tarde de este martes.<img decoding=\"async\" alt=\"(Foto: Especial)\" height=\"1200\" width=\"540\" class=\"\" src=\"https:\/\/cloudfront-us-east-1.images.arcpublishing.com\/infobae\/LZGD2JGLRVERHOSUBVIQFKENQE.jpg\" srcset=\"https:\/\/www.infobae.com\/new-resizer\/W0YA3DPJP8VQ-LVsZYSRT-NWuzI=\/420x747\/filters:format(webp):quality(85)\/cloudfront-us-east-1.images.arcpublishing.com\/infobae\/LZGD2JGLRVERHOSUBVIQFKENQE.jpg 420w,https:\/\/www.infobae.com\/new-resizer\/12b-qVfnsymCcGyaiSwoWHktmgo=\/768x1365\/filters:format(webp):quality(85)\/cloudfront-us-east-1.images.arcpublishing.com\/infobae\/LZGD2JGLRVERHOSUBVIQFKENQE.jpg 768w,https:\/\/www.infobae.com\/new-resizer\/m73ijB45IZyOI444r3xyw9ttWKk=\/992x1764\/filters:format(webp):quality(85)\/cloudfront-us-east-1.images.arcpublishing.com\/infobae\/LZGD2JGLRVERHOSUBVIQFKENQE.jpg 992w,https:\/\/www.infobae.com\/new-resizer\/GN5QFc-E3GvYWouVZUtllp0PidQ=\/1200x2133\/filters:format(webp):quality(85)\/cloudfront-us-east-1.images.arcpublishing.com\/infobae\/LZGD2JGLRVERHOSUBVIQFKENQE.jpg 1200w\">(Foto: Especial)<\/p>\n\n\n\n<p>De acuerdo con medios locales,&nbsp;<strong>el enfrentamiento armado<\/strong>&nbsp;entre grupos criminales antag\u00f3nicos&nbsp;<strong>habr\u00eda iniciado al interior del Mercado Norte<\/strong>, y posteriormente los presuntos sicarios se movilizaron a diversos puntos de la zona, donde realizaron bloqueos y disparos al aire.<\/p>\n\n\n\n<p>Una de las bandas criminales involucradas en la incursi\u00f3n armada fue identificada extraoficialmente como&nbsp;<strong>Los Motonetos<\/strong>, grupo delictivo que se caracteriza por&nbsp;<strong>realizar disparos al aire desde diversos puntos de San Crist\u00f3bal de las Casas<\/strong>, lo cual ha derivado en la muerte de personas debido a impactos de balas perdidas.<\/p>\n\n\n\n<p><strong>Los Motonetos han extendido su dominio en la entidad debido a diversas operaciones il\u00edcitas<\/strong>&nbsp;cometidas en la entidad, por las cuales se han presentado diversas denuncias en su contra, cuyas investigaciones no han sido cumplimentadas por las autoridades locales.<\/p>\n\n\n\n<p>Alrededor de las&nbsp;<strong>17 horas&nbsp;<\/strong>se report\u00f3 la&nbsp;<strong>presencia de fuerzas de seguridad de los tres niveles de gobierno<\/strong>, pues polic\u00edas locales y estatales, as\u00ed como elementos del<strong>&nbsp;Ej\u00e9rcito Mexicano<\/strong>, se movilizaron a la zona norte del San Crist\u00f3bal de las Casas para retomar el control de la seguridad.<img loading=\"lazy\" decoding=\"async\" alt=\"(Foto: Especial)\" height=\"792\" width=\"753\" class=\"\" src=\"https:\/\/cloudfront-us-east-1.images.arcpublishing.com\/infobae\/RJ4AFEOO4NEM5KJKBUOR4SAL24.jpeg\" srcset=\"https:\/\/www.infobae.com\/new-resizer\/WO2Q2stf47OeeGVKsI3utLdCWJM=\/420x420\/filters:format(webp):quality(85)\/cloudfront-us-east-1.images.arcpublishing.com\/infobae\/RJ4AFEOO4NEM5KJKBUOR4SAL24.jpeg 420w,https:\/\/www.infobae.com\/new-resizer\/v1Fe_zwBb8OksuqbxOSupzAMUmc=\/768x768\/filters:format(webp):quality(85)\/cloudfront-us-east-1.images.arcpublishing.com\/infobae\/RJ4AFEOO4NEM5KJKBUOR4SAL24.jpeg 768w,https:\/\/www.infobae.com\/new-resizer\/ADdWYo4EJ6KNK--EDflPc-O4mpk=\/992x992\/filters:format(webp):quality(85)\/cloudfront-us-east-1.images.arcpublishing.com\/infobae\/RJ4AFEOO4NEM5KJKBUOR4SAL24.jpeg 992w,https:\/\/www.infobae.com\/new-resizer\/sqG3KBFpBFBbZv829YO84i6AHgQ=\/1200x1200\/filters:format(webp):quality(85)\/cloudfront-us-east-1.images.arcpublishing.com\/infobae\/RJ4AFEOO4NEM5KJKBUOR4SAL24.jpeg 1200w,https:\/\/www.infobae.com\/new-resizer\/MirKI7r14GwJYCcu4ij9oEj98Bg=\/1440x1440\/filters:format(webp):quality(85)\/cloudfront-us-east-1.images.arcpublishing.com\/infobae\/RJ4AFEOO4NEM5KJKBUOR4SAL24.jpeg 1440w\">(Foto: Especial)<\/p>\n\n\n\n<p>Un habitante de la entidad que se encontraba cerca del lugar de los hechos denunci\u00f3 mediante redes sociales que<strong>&nbsp;las balaceras comenzaron despu\u00e9s de las 13:30 horas<\/strong>, por lo que<strong>&nbsp;busc\u00f3 refugio en el Hotel Villas Vanesa<\/strong>, cuyo personal ayud\u00f3 a las personas presentes en el sitio a resguardarse ante los disparos de arma de fuego.<\/p>\n\n\n\n<p>Alrededor de las<strong>\u00a015:23 horas, el mismo usuario denunci\u00f3 que las detonaciones segu\u00edan realiz\u00e1ndose\u00a0<\/strong>cerca del lugar en el cual se encontraba resguardado, sitio al cual no hab\u00eda acudido ning\u00fana autoridad para atender el enfrentamiento.<\/p>\n\n\n\n<p>Fuente: https:\/\/www.infobae.com\/america\/mexico\/2022\/06\/14\/se-registran-fuertes-balaceras-y-narcobloqueos-en-san-cristobal-de-las-casas\/<\/p>\n","protected":false},"excerpt":{"rendered":"<p>Presuntos sicarios realizaron bloqueos y dispararon al aire en la ciudad chiapaneca, lo cual provoc\u00f3 p\u00e1nico entre la poblaci\u00f3n Video [&hellip;]<\/p>\n","protected":false},"author":1,"featured_media":29999,"comment_status":"open","ping_status":"open","sticky":false,"template":"","format":"standard","meta":{"site-sidebar-layout":"default","site-content-layout":"","ast-site-content-layout":"default","site-content-style":"default","site-sidebar-style":"default","ast-global-header-display":"","ast-banner-title-visibility":"","ast-main-header-display":"","ast-hfb-above-header-display":"","ast-hfb-below-header-display":"","ast-hfb-mobile-header-display":"","site-post-title":"","ast-breadcrumbs-content":"","ast-featured-img":"","footer-sml-layout":"","theme-transparent-header-meta":"","adv-header-id-meta":"","stick-header-meta":"","header-above-stick-meta":"","header-main-stick-meta":"","header-below-stick-meta":"","astra-migrate-meta-layouts":"default","ast-page-background-enabled":"default","ast-page-background-meta":{"desktop":{"background-color":"var(--ast-global-color-4)","background-image":"","background-repeat":"repeat","background-position":"center center","background-size":"auto","background-attachment":"scroll","background-type":"","background-media":"","overlay-type":"","overlay-color":"","overlay-opacity":"","overlay-gradient":""},"tablet":{"background-color":"","background-image":"","background-repeat":"repeat","background-position":"center center","background-size":"auto","background-attachment":"scroll","background-type":"","background-media":"","overlay-type":"","overlay-color":"","overlay-opacity":"","overlay-gradient":""},"mobile":{"background-color":"","background-image":"","background-repeat":"repeat","background-position":"center center","background-size":"auto","background-attachment":"scroll","background-type":"","background-media":"","overlay-type":"","overlay-color":"","overlay-opacity":"","overlay-gradient":""}},"ast-content-background-meta":{"desktop":{"background-color":"var(--ast-global-color-5)","background-image":"","background-repeat":"repeat","background-position":"center center","background-size":"auto","background-attachment":"scroll","background-type":"","background-media":"","overlay-type":"","overlay-color":"","overlay-opacity":"","overlay-gradient":""},"tablet":{"background-color":"var(--ast-global-color-5)","background-image":"","background-repeat":"repeat","background-position":"center center","background-size":"auto","background-attachment":"scroll","background-type":"","background-media":"","overlay-type":"","overlay-color":"","overlay-opacity":"","overlay-gradient":""},"mobile":{"background-color":"var(--ast-global-color-5)","background-image":"","background-repeat":"repeat","background-position":"center center","background-size":"auto","background-attachment":"scroll","background-type":"","background-media":"","overlay-type":"","overlay-color":"","overlay-opacity":"","overlay-gradient":""}},"footnotes":""},"categories":[8],"tags":[10781,10779,10780],"class_list":["post-29996","post","type-post","status-publish","format-standard","has-post-thumbnail","hentry","category-noticias","tag-narcobloqueos","tag-san-cristobal-de-las-casas","tag-violencia-armada"],"_links":{"self":[{"href":"https:\/\/losperiodistas.com.mx\/portal\/wp-json\/wp\/v2\/posts\/29996","targetHints":{"allow":["GET"]}}],"collection":[{"href":"https:\/\/losperiodistas.com.mx\/portal\/wp-json\/wp\/v2\/posts"}],"about":[{"href":"https:\/\/losperiodistas.com.mx\/portal\/wp-json\/wp\/v2\/types\/post"}],"author":[{"embeddable":true,"href":"https:\/\/losperiodistas.com.mx\/portal\/wp-json\/wp\/v2\/users\/1"}],"replies":[{"embeddable":true,"href":"https:\/\/losperiodistas.com.mx\/portal\/wp-json\/wp\/v2\/comments?post=29996"}],"version-history":[{"count":1,"href":"https:\/\/losperiodistas.com.mx\/portal\/wp-json\/wp\/v2\/posts\/29996\/revisions"}],"predecessor-version":[{"id":30000,"href":"https:\/\/losperiodistas.com.mx\/portal\/wp-json\/wp\/v2\/posts\/29996\/revisions\/30000"}],"wp:featuredmedia":[{"embeddable":true,"href":"https:\/\/losperiodistas.com.mx\/portal\/wp-json\/wp\/v2\/media\/29999"}],"wp:attachment":[{"href":"https:\/\/losperiodistas.com.mx\/portal\/wp-json\/wp\/v2\/media?parent=29996"}],"wp:term":[{"taxonomy":"category","embeddable":true,"href":"https:\/\/losperiodistas.com.mx\/portal\/wp-json\/wp\/v2\/categories?post=29996"},{"taxonomy":"post_tag","embeddable":true,"href":"https:\/\/losperiodistas.com.mx\/portal\/wp-json\/wp\/v2\/tags?post=29996"}],"curies":[{"name":"wp","href":"https:\/\/api.w.org\/{rel}","templated":true}]}}