{"id":29993,"date":"2022-06-15T06:01:46","date_gmt":"2022-06-15T11:01:46","guid":{"rendered":"http:\/\/losperiodistas.com.mx\/portal\/?p=29993"},"modified":"2022-06-15T06:01:49","modified_gmt":"2022-06-15T11:01:49","slug":"aprueban-en-comisiones-castigo-de-hasta-10-anos-de-carcel-por-instalar-espectaculares-sin-permiso-oem","status":"publish","type":"post","link":"https:\/\/losperiodistas.com.mx\/portal\/aprueban-en-comisiones-castigo-de-hasta-10-anos-de-carcel-por-instalar-espectaculares-sin-permiso-oem\/","title":{"rendered":"Aprueban en Comisiones castigo de hasta 10 a\u00f1os de c\u00e1rcel por instalar espectaculares sin permiso | OEM"},"content":{"rendered":"\n<p><em>Por unanimidad de votos, los diputados de las comisiones unidas aprobaron la Ley de Atenci\u00f3n y Prevenci\u00f3n de la Contaminaci\u00f3n Visual y Auditiva<\/em><\/p>\n\n\n\n<figure class=\"wp-block-image size-full\"><img fetchpriority=\"high\" decoding=\"async\" width=\"768\" height=\"479\" src=\"https:\/\/losperiodistas.com.mx\/portal\/wp-content\/uploads\/2022\/06\/Aprueban-en-Comisiones-castigo-de-hasta-con-10-an\u0303os-de-ca\u0301rcel-por-instalar-espectaculares-sin-permiso.jpeg\" alt=\"\" class=\"wp-image-29994\" srcset=\"https:\/\/losperiodistas.com.mx\/portal\/wp-content\/uploads\/2022\/06\/Aprueban-en-Comisiones-castigo-de-hasta-con-10-an\u0303os-de-ca\u0301rcel-por-instalar-espectaculares-sin-permiso.jpeg 768w, https:\/\/losperiodistas.com.mx\/portal\/wp-content\/uploads\/2022\/06\/Aprueban-en-Comisiones-castigo-de-hasta-con-10-an\u0303os-de-ca\u0301rcel-por-instalar-espectaculares-sin-permiso-300x187.jpeg 300w\" sizes=\"(max-width: 768px) 100vw, 768px\" \/><figcaption>Cortes\u00eda Congreso<\/figcaption><\/figure>\n\n\n\n<p class=\"has-vivid-cyan-blue-color has-text-color has-medium-font-size\">JARED CARCA\u00d1O \/ EL SOL DE PUEBLA<\/p>\n\n\n\n<p>Por unanimidad de votos, los diputados de las comisiones unidas de Procuraci\u00f3n y Administraci\u00f3n de Justicia y de Medio Ambiente, aprobaron la iniciativa del gobernador de Puebla, Miguel Barbosa Huerta, con la que busca castigar hasta con 10 a\u00f1os de c\u00e1rcel a las personas que instalen anuncios espectaculares sin permiso y para expedir la Ley de Atenci\u00f3n y Prevenci\u00f3n de la Contaminaci\u00f3n Visual y Auditiva.<\/p>\n\n\n\n<p>La tarde del 14 de junio, los miembros de ambas comisiones realizaron a puerta cerrada la segunda mesa de trabajo para conocer las propuestas que env\u00edo el mandatario estatal al Poder Legislativo.<\/p>\n\n\n\n<p>Posteriormente, votaron por separado la iniciativa para expedir la Ley de Atenci\u00f3n y Prevenci\u00f3n de la Contaminaci\u00f3n Visual y Auditiva y la iniciativa para adicionar fracciones al art\u00edculo 198 del C\u00f3digo Penal del Estado, el cual contempla hasta 10 a\u00f1os de c\u00e1rcel para quienes ocasionen un da\u00f1o ambiental o desequilibrio ecol\u00f3gico.<\/p>\n\n\n\n<p>Durante la sesi\u00f3n, ambos dict\u00e1menes fueron aprobados por unanimidad de votos.<\/p>\n\n\n\n<p>En entrevista posterior al desahogo de la sesi\u00f3n, el diputado local Jaime Natale, expres\u00f3 en entrevista con los medios de comunicaci\u00f3n que la ley para regular la colocaci\u00f3n de espectaculares no sufri\u00f3 grandes cambios, \u00fanicamente de redacci\u00f3n. En contraste, la ley para regular la contaminaci\u00f3n visual si sufri\u00f3 algunas modificaciones, aunque no detall\u00f3 sobre los mismos.<\/p>\n\n\n\n<p>La propuesta para regular la colocaci\u00f3n de espectaculares plantea adicionar fracciones al art\u00edculo 198 del C\u00f3digo Penal del Estado, el cual ya contempla sanciones de 2 a 10 a\u00f1os de c\u00e1rcel y multas de 2 mil 886 a 192 mil 440 pesos para quienes ocasionen un da\u00f1o ambiental o desequilibrio ecol\u00f3gico.<\/p>\n\n\n\n<p>Por su parte, la Ley de Atenci\u00f3n y Prevenci\u00f3n de la Contaminaci\u00f3n Visual y Auditiva busca regular la colocaci\u00f3n de propaganda y el ruido a terceros.<\/p>\n\n\n\n<p>Fuente: https:\/\/www.elsoldepuebla.com.mx\/local\/aprueban-en-comisiones-castigo-de-hasta-con-10-anos-de-carcel-por-instalar-espectaculares-sin-permiso-8436151.html<\/p>\n","protected":false},"excerpt":{"rendered":"<p>Por unanimidad de votos, los diputados de las comisiones unidas aprobaron la Ley de Atenci\u00f3n y Prevenci\u00f3n de la Contaminaci\u00f3n [&hellip;]<\/p>\n","protected":false},"author":1,"featured_media":29994,"comment_status":"open","ping_status":"open","sticky":false,"template":"","format":"standard","meta":{"site-sidebar-layout":"default","site-content-layout":"","ast-site-content-layout":"default","site-content-style":"default","site-sidebar-style":"default","ast-global-header-display":"","ast-banner-title-visibility":"","ast-main-header-display":"","ast-hfb-above-header-display":"","ast-hfb-below-header-display":"","ast-hfb-mobile-header-display":"","site-post-title":"","ast-breadcrumbs-content":"","ast-featured-img":"","footer-sml-layout":"","theme-transparent-header-meta":"","adv-header-id-meta":"","stick-header-meta":"","header-above-stick-meta":"","header-main-stick-meta":"","header-below-stick-meta":"","astra-migrate-meta-layouts":"default","ast-page-background-enabled":"default","ast-page-background-meta":{"desktop":{"background-color":"var(--ast-global-color-4)","background-image":"","background-repeat":"repeat","background-position":"center center","background-size":"auto","background-attachment":"scroll","background-type":"","background-media":"","overlay-type":"","overlay-color":"","overlay-opacity":"","overlay-gradient":""},"tablet":{"background-color":"","background-image":"","background-repeat":"repeat","background-position":"center center","background-size":"auto","background-attachment":"scroll","background-type":"","background-media":"","overlay-type":"","overlay-color":"","overlay-opacity":"","overlay-gradient":""},"mobile":{"background-color":"","background-image":"","background-repeat":"repeat","background-position":"center center","background-size":"auto","background-attachment":"scroll","background-type":"","background-media":"","overlay-type":"","overlay-color":"","overlay-opacity":"","overlay-gradient":""}},"ast-content-background-meta":{"desktop":{"background-color":"var(--ast-global-color-5)","background-image":"","background-repeat":"repeat","background-position":"center center","background-size":"auto","background-attachment":"scroll","background-type":"","background-media":"","overlay-type":"","overlay-color":"","overlay-opacity":"","overlay-gradient":""},"tablet":{"background-color":"var(--ast-global-color-5)","background-image":"","background-repeat":"repeat","background-position":"center center","background-size":"auto","background-attachment":"scroll","background-type":"","background-media":"","overlay-type":"","overlay-color":"","overlay-opacity":"","overlay-gradient":""},"mobile":{"background-color":"var(--ast-global-color-5)","background-image":"","background-repeat":"repeat","background-position":"center center","background-size":"auto","background-attachment":"scroll","background-type":"","background-media":"","overlay-type":"","overlay-color":"","overlay-opacity":"","overlay-gradient":""}},"footnotes":""},"categories":[8],"tags":[10776,10778],"class_list":["post-29993","post","type-post","status-publish","format-standard","has-post-thumbnail","hentry","category-noticias","tag-contaminacion-visual","tag-paisaje-urbano"],"_links":{"self":[{"href":"https:\/\/losperiodistas.com.mx\/portal\/wp-json\/wp\/v2\/posts\/29993","targetHints":{"allow":["GET"]}}],"collection":[{"href":"https:\/\/losperiodistas.com.mx\/portal\/wp-json\/wp\/v2\/posts"}],"about":[{"href":"https:\/\/losperiodistas.com.mx\/portal\/wp-json\/wp\/v2\/types\/post"}],"author":[{"embeddable":true,"href":"https:\/\/losperiodistas.com.mx\/portal\/wp-json\/wp\/v2\/users\/1"}],"replies":[{"embeddable":true,"href":"https:\/\/losperiodistas.com.mx\/portal\/wp-json\/wp\/v2\/comments?post=29993"}],"version-history":[{"count":1,"href":"https:\/\/losperiodistas.com.mx\/portal\/wp-json\/wp\/v2\/posts\/29993\/revisions"}],"predecessor-version":[{"id":29995,"href":"https:\/\/losperiodistas.com.mx\/portal\/wp-json\/wp\/v2\/posts\/29993\/revisions\/29995"}],"wp:featuredmedia":[{"embeddable":true,"href":"https:\/\/losperiodistas.com.mx\/portal\/wp-json\/wp\/v2\/media\/29994"}],"wp:attachment":[{"href":"https:\/\/losperiodistas.com.mx\/portal\/wp-json\/wp\/v2\/media?parent=29993"}],"wp:term":[{"taxonomy":"category","embeddable":true,"href":"https:\/\/losperiodistas.com.mx\/portal\/wp-json\/wp\/v2\/categories?post=29993"},{"taxonomy":"post_tag","embeddable":true,"href":"https:\/\/losperiodistas.com.mx\/portal\/wp-json\/wp\/v2\/tags?post=29993"}],"curies":[{"name":"wp","href":"https:\/\/api.w.org\/{rel}","templated":true}]}}