{"id":29967,"date":"2022-06-14T11:13:03","date_gmt":"2022-06-14T16:13:03","guid":{"rendered":"http:\/\/losperiodistas.com.mx\/portal\/?p=29967"},"modified":"2022-06-14T11:13:05","modified_gmt":"2022-06-14T16:13:05","slug":"ayuntamiento-de-puebla-habilita-micro-sitios-para-transparentar-ingreso-por-parquimetros","status":"publish","type":"post","link":"https:\/\/losperiodistas.com.mx\/portal\/ayuntamiento-de-puebla-habilita-micro-sitios-para-transparentar-ingreso-por-parquimetros\/","title":{"rendered":"Ayuntamiento de Puebla habilita micro sitios para transparentar ingreso por parqu\u00edmetros"},"content":{"rendered":"\n<ul class=\"wp-block-list\"><li><em>La p\u00e1gina web incluye datos de las entradas econ\u00f3micas semanales y mensuales; sumar\u00e1 informaci\u00f3n de los proyectos de mejora que se van a hacer en el Centro Hist\u00f3rico.<\/em><\/li><\/ul>\n\n\n\n<figure class=\"wp-block-image size-large\"><img fetchpriority=\"high\" decoding=\"async\" width=\"1024\" height=\"682\" src=\"https:\/\/losperiodistas.com.mx\/portal\/wp-content\/uploads\/2022\/06\/2c5c99ce-8357-4a2a-8e7b-febcc24ba4f5-1024x682.jpeg\" alt=\"\" class=\"wp-image-29969\" srcset=\"https:\/\/losperiodistas.com.mx\/portal\/wp-content\/uploads\/2022\/06\/2c5c99ce-8357-4a2a-8e7b-febcc24ba4f5-1024x682.jpeg 1024w, https:\/\/losperiodistas.com.mx\/portal\/wp-content\/uploads\/2022\/06\/2c5c99ce-8357-4a2a-8e7b-febcc24ba4f5-300x200.jpeg 300w, https:\/\/losperiodistas.com.mx\/portal\/wp-content\/uploads\/2022\/06\/2c5c99ce-8357-4a2a-8e7b-febcc24ba4f5-768x512.jpeg 768w, https:\/\/losperiodistas.com.mx\/portal\/wp-content\/uploads\/2022\/06\/2c5c99ce-8357-4a2a-8e7b-febcc24ba4f5.jpeg 1280w\" sizes=\"(max-width: 1024px) 100vw, 1024px\" \/><figcaption>Ayuntamiento Puebla<\/figcaption><\/figure>\n\n\n\n<p class=\"has-vivid-cyan-blue-color has-text-color has-medium-font-size\">REDACCI\u00d3N<\/p>\n\n\n\n<p>Se puso a disposici\u00f3n de la ciudadan\u00eda el micrositio https:\/\/gobiernoabierto.pueblacapital.gob.mx\/parquimetros, por lo que ahora cualquier persona puede observar cu\u00e1nto dinero generan los parqu\u00edmetros de la ciudad.<\/p>\n\n\n\n<p>Se trata de un ejercicio de transparencia proactiva que el Ayuntamiento de Puebla realiza en retribuci\u00f3n a la confianza de las y los ciudadanos, pues seg\u00fan Ad\u00e1n Dom\u00ednguez S\u00e1nchez, Gerente de Gobierno Municipal, el sitio de internet es una herramienta que dar\u00e1 certeza sobre la forma en que se usan y administran los recursos p\u00fablicos.<\/p>\n\n\n\n<p>Es por ello que semanalmente se mostrar\u00e1 el ingreso l\u00edquido \u2013sin conciliaciones\u2014que genera este sistema de parqu\u00edmetros. Tambi\u00e9n existe el compromiso por hacer p\u00fablico el ingreso final que se genere mes a mes, ya con reducciones por impuestos y por el pago a la concesionaria del servicio, explic\u00f3 Luz del Carmen Rosillo Mart\u00ednez, Coordinadora General de Transparencia y Gobierno Abierto.<\/p>\n\n\n\n<p>\u00bfQu\u00e9 sigue en una tercera etapa de rendici\u00f3n de cuentas? Democratizar el uso de los recursos p\u00fablicos y mostrar en qu\u00e9 acciones se va destinar lo recaudado, teniendo en cuenta que deber\u00e1n ser proyectos para mejorar el Centro Hist\u00f3rico con m\u00e1s luminarias, seguridad, adem\u00e1s de infraestructura vial, agreg\u00f3 la funcionaria.<\/p>\n\n\n\n<figure class=\"wp-block-image size-large\"><img decoding=\"async\" width=\"1024\" height=\"521\" src=\"https:\/\/losperiodistas.com.mx\/portal\/wp-content\/uploads\/2022\/06\/0a13ee21-8b80-4934-a798-5f9e1b9ab22d-1024x521.jpeg\" alt=\"\" class=\"wp-image-29970\" srcset=\"https:\/\/losperiodistas.com.mx\/portal\/wp-content\/uploads\/2022\/06\/0a13ee21-8b80-4934-a798-5f9e1b9ab22d-1024x521.jpeg 1024w, https:\/\/losperiodistas.com.mx\/portal\/wp-content\/uploads\/2022\/06\/0a13ee21-8b80-4934-a798-5f9e1b9ab22d-300x153.jpeg 300w, https:\/\/losperiodistas.com.mx\/portal\/wp-content\/uploads\/2022\/06\/0a13ee21-8b80-4934-a798-5f9e1b9ab22d-768x391.jpeg 768w, https:\/\/losperiodistas.com.mx\/portal\/wp-content\/uploads\/2022\/06\/0a13ee21-8b80-4934-a798-5f9e1b9ab22d.jpeg 1280w\" sizes=\"(max-width: 1024px) 100vw, 1024px\" \/><\/figure>\n\n\n\n<p>Mediante estas acciones se da cumplimiento a al mandato de Cabildo que se dictamin\u00f3 el pasado 4 de marzo, por lo que ahora la Comisi\u00f3n de Infraestructura, Movilidad y Servicios P\u00fablicos, que encabeza Fernanda Huerta L\u00f3pez, ser\u00e1 la instancia encargada de reportar mensualmente los ingresos y egresos relativos a los parqu\u00edmetros, previa validaci\u00f3n con la Secretar\u00eda de Movilidad y la Tesorer\u00eda.<\/p>\n","protected":false},"excerpt":{"rendered":"<p>La p\u00e1gina web incluye datos de las entradas econ\u00f3micas semanales y mensuales; sumar\u00e1 informaci\u00f3n de los proyectos de mejora que [&hellip;]<\/p>\n","protected":false},"author":1,"featured_media":29969,"comment_status":"open","ping_status":"open","sticky":false,"template":"","format":"standard","meta":{"site-sidebar-layout":"default","site-content-layout":"","ast-site-content-layout":"default","site-content-style":"default","site-sidebar-style":"default","ast-global-header-display":"","ast-banner-title-visibility":"","ast-main-header-display":"","ast-hfb-above-header-display":"","ast-hfb-below-header-display":"","ast-hfb-mobile-header-display":"","site-post-title":"","ast-breadcrumbs-content":"","ast-featured-img":"","footer-sml-layout":"","theme-transparent-header-meta":"","adv-header-id-meta":"","stick-header-meta":"","header-above-stick-meta":"","header-main-stick-meta":"","header-below-stick-meta":"","astra-migrate-meta-layouts":"default","ast-page-background-enabled":"default","ast-page-background-meta":{"desktop":{"background-color":"var(--ast-global-color-4)","background-image":"","background-repeat":"repeat","background-position":"center center","background-size":"auto","background-attachment":"scroll","background-type":"","background-media":"","overlay-type":"","overlay-color":"","overlay-opacity":"","overlay-gradient":""},"tablet":{"background-color":"","background-image":"","background-repeat":"repeat","background-position":"center center","background-size":"auto","background-attachment":"scroll","background-type":"","background-media":"","overlay-type":"","overlay-color":"","overlay-opacity":"","overlay-gradient":""},"mobile":{"background-color":"","background-image":"","background-repeat":"repeat","background-position":"center center","background-size":"auto","background-attachment":"scroll","background-type":"","background-media":"","overlay-type":"","overlay-color":"","overlay-opacity":"","overlay-gradient":""}},"ast-content-background-meta":{"desktop":{"background-color":"var(--ast-global-color-5)","background-image":"","background-repeat":"repeat","background-position":"center center","background-size":"auto","background-attachment":"scroll","background-type":"","background-media":"","overlay-type":"","overlay-color":"","overlay-opacity":"","overlay-gradient":""},"tablet":{"background-color":"var(--ast-global-color-5)","background-image":"","background-repeat":"repeat","background-position":"center center","background-size":"auto","background-attachment":"scroll","background-type":"","background-media":"","overlay-type":"","overlay-color":"","overlay-opacity":"","overlay-gradient":""},"mobile":{"background-color":"var(--ast-global-color-5)","background-image":"","background-repeat":"repeat","background-position":"center center","background-size":"auto","background-attachment":"scroll","background-type":"","background-media":"","overlay-type":"","overlay-color":"","overlay-opacity":"","overlay-gradient":""}},"footnotes":""},"categories":[8],"tags":[7279,7583],"class_list":["post-29967","post","type-post","status-publish","format-standard","has-post-thumbnail","hentry","category-noticias","tag-contigoyconrumbo","tag-parquimetros-puebla"],"_links":{"self":[{"href":"https:\/\/losperiodistas.com.mx\/portal\/wp-json\/wp\/v2\/posts\/29967","targetHints":{"allow":["GET"]}}],"collection":[{"href":"https:\/\/losperiodistas.com.mx\/portal\/wp-json\/wp\/v2\/posts"}],"about":[{"href":"https:\/\/losperiodistas.com.mx\/portal\/wp-json\/wp\/v2\/types\/post"}],"author":[{"embeddable":true,"href":"https:\/\/losperiodistas.com.mx\/portal\/wp-json\/wp\/v2\/users\/1"}],"replies":[{"embeddable":true,"href":"https:\/\/losperiodistas.com.mx\/portal\/wp-json\/wp\/v2\/comments?post=29967"}],"version-history":[{"count":1,"href":"https:\/\/losperiodistas.com.mx\/portal\/wp-json\/wp\/v2\/posts\/29967\/revisions"}],"predecessor-version":[{"id":29971,"href":"https:\/\/losperiodistas.com.mx\/portal\/wp-json\/wp\/v2\/posts\/29967\/revisions\/29971"}],"wp:featuredmedia":[{"embeddable":true,"href":"https:\/\/losperiodistas.com.mx\/portal\/wp-json\/wp\/v2\/media\/29969"}],"wp:attachment":[{"href":"https:\/\/losperiodistas.com.mx\/portal\/wp-json\/wp\/v2\/media?parent=29967"}],"wp:term":[{"taxonomy":"category","embeddable":true,"href":"https:\/\/losperiodistas.com.mx\/portal\/wp-json\/wp\/v2\/categories?post=29967"},{"taxonomy":"post_tag","embeddable":true,"href":"https:\/\/losperiodistas.com.mx\/portal\/wp-json\/wp\/v2\/tags?post=29967"}],"curies":[{"name":"wp","href":"https:\/\/api.w.org\/{rel}","templated":true}]}}