{"id":2996,"date":"2021-01-05T07:43:39","date_gmt":"2021-01-05T13:43:39","guid":{"rendered":"http:\/\/losperiodistas.com.mx\/portal\/?p=2996"},"modified":"2021-01-05T07:43:39","modified_gmt":"2021-01-05T13:43:39","slug":"en-mexico-se-han-detectado-110-reacciones-adversas-a-vacuna-contra-covid-19-solo-cinco-requirieron-hospitalizacion-ssa-infobae","status":"publish","type":"post","link":"https:\/\/losperiodistas.com.mx\/portal\/en-mexico-se-han-detectado-110-reacciones-adversas-a-vacuna-contra-covid-19-solo-cinco-requirieron-hospitalizacion-ssa-infobae\/","title":{"rendered":"En M\u00e9xico se han detectado 110 reacciones adversas a vacuna contra COVID-19, solo cinco requirieron hospitalizaci\u00f3n: SSa | Infobae"},"content":{"rendered":"\n<p style=\"font-size:18px\"><em>La mayor\u00eda fueron leves y sistem\u00e1ticos, es decir, presentaron s\u00edntomas como fiebre; el \u00fanico caso bajo investigaci\u00f3n es el de la m\u00e9dica con encefalomielitis<\/em><\/p>\n\n\n\n<p class=\"has-vivid-cyan-blue-color has-text-color has-medium-font-size\">INFOBAE<\/p>\n\n\n\n<p>Durante las primeras semanas de aplicaci\u00f3n de la vacuna contra&nbsp;<strong>COVID-19&nbsp;<\/strong>en M\u00e9xico, la Secretar\u00eda de Salud ha identificado a&nbsp;<strong>110 personas con reacciones adversas<\/strong>, pero&nbsp;<strong>s\u00f3lo cinco de estos casos necesitaron hospitalizaci\u00f3n temporal<\/strong>&nbsp;para atender las secuelas, mientras que los dem\u00e1s&nbsp;<strong>fueron leves y sistem\u00e1ticos<\/strong>, pues presentaron s\u00edntomas como fiebre.<\/p>\n\n\n\n<p>As\u00ed lo dio a conocer Ruy L\u00f3pez Riadura, director general del Centro Nacional de Programas Preventivos y Control de Enfermedades (<strong>Cenaprece<\/strong>) en entrevista con el diario&nbsp;<em>Milenio<\/em>, en donde tambi\u00e9n detall\u00f3 que el \u00fanico caso que se&nbsp;<strong>mantiene bajo investigaci\u00f3n<\/strong>&nbsp;es el de la m\u00e9dica coahuilense de 32 a\u00f1os que estuvo en&nbsp;<strong>terapia intensiva<\/strong>&nbsp;tras la aplicaci\u00f3n.<\/p>\n\n\n\n<p>En este sentido dijo que el 6 de enero tendr\u00e1 una reuni\u00f3n con un\u00a0<strong>grupo de expertos<\/strong>\u00a0para determinar las\u00a0<strong>caracter\u00edsticas<\/strong>\u00a0que desembocaron en las reacciones como erupci\u00f3n cut\u00e1nea,\u00a0<strong>crisis convulsivas<\/strong>, disminuci\u00f3n de la fuerza y\u00a0<strong>complicaci\u00f3n para respirar<\/strong>.\u00a0<\/p>\n\n\n\n<p>Asimismo, destac\u00f3 que la investigaci\u00f3n en torno a este caso tomar\u00e1 m\u00e1s tiempo y en ella intentar\u00e1n desentra\u00f1ar los&nbsp;<strong>efectos de la vacuna<\/strong>&nbsp;sobre la profesional de la salud, pues&nbsp;<strong>\u201cde que hubo una reacci\u00f3n al\u00e9rgica, la hubo\u201d<\/strong>, confirm\u00f3 el funcionario. Adem\u00e1s, se\u00f1al\u00f3 que la m\u00e9dica internista se reporta como&nbsp;<strong>estable<\/strong>.<img fetchpriority=\"high\" decoding=\"async\" alt=\"(Foto: Daniel Becerril\/Reuters)\" height=\"533\" src=\"https:\/\/www.infobae.com\/new-resizer\/coa7Fp70ylMrbMfn0gpgZLthTII=\/420x280\/filters:format(jpg):quality(85)\/\/cloudfront-us-east-1.images.arcpublishing.com\/infobae\/J4G4YMZEMMHK76SBGHWDT6LMZY.jpg\" width=\"800\">(Foto: Daniel Becerril\/Reuters)<\/p>\n\n\n\n<p>Por su parte, durante la conferencia de prensa vespertina, el director de Prestaciones M\u00e9dicas del Instituto Mexicano del Seguro Social (<strong>IMSS<\/strong>), V\u00edctor Hugo Borja Aburto, tambi\u00e9n confirm\u00f3 que los efectos se dieron por una&nbsp;<strong>reacci\u00f3n al\u00e9rgica al ant\u00edgeno<\/strong>, pero detall\u00f3 que la&nbsp;<strong>encefalomielitis aguda<\/strong>&nbsp;es un efecto que contin\u00faa bajo estudio.<\/p>\n\n\n\n<p>\u201cEl primer s\u00edntoma fue 20 minutos despu\u00e9s de recibir la dosis de la vacuna de Pfizer contra la COVID, fue la&nbsp;<strong>inflamaci\u00f3n de lengua, labios y salpullido en el cuello y pecho<\/strong>, lo cual se trat\u00f3 inmediatamente con medicamento contra las alergias\u201d, se\u00f1al\u00f3 el funcionario.<\/p>\n\n\n\n<p>Si bien mostr\u00f3 mejor\u00eda y volvi\u00f3 a su trabajo, m\u00e1s tarde tuvo un cuadro de&nbsp;<strong>convulsiones<\/strong>. Fue cuando ella report\u00f3 su&nbsp;<strong>alergia a las sulfas<\/strong>, \u201cque est\u00e1n presentes en algunos antibi\u00f3ticos\u201d. Sin embargo, coment\u00f3 que hasta este hecho no se hab\u00eda detectado una reacci\u00f3n como la que llev\u00f3 a estos eventos de convulsi\u00f3n o&nbsp;<strong>encefalitis<\/strong>, por lo que&nbsp;<strong>todav\u00eda no pueden confirmar que eso haya sido consecuencia de una alergia<\/strong>.<\/p>\n\n\n\n<p>La&nbsp;<strong>encefalomielitis<\/strong>, diagn\u00f3stico inicial de la Secretar\u00eda de Salud para la doctora Karla Cecilia P\u00e9rez Osorio, implica una&nbsp;<strong>inflamaci\u00f3n de la m\u00e9dula espinal<\/strong>&nbsp;que est\u00e1 relacionada, en algunos casos, con&nbsp;<strong>infecciones virales fuertes<\/strong>. Aunque este s\u00edntoma puede ser causado por una larga lista de enfermedades pre existentes.<img decoding=\"async\" alt=\"(Foto: Daniel Becerril\/Reuters)\" height=\"555\" src=\"https:\/\/www.infobae.com\/new-resizer\/dU9w3Wyp9r-gQVBzesWs9znMkbA=\/420x280\/filters:format(jpg):quality(85)\/\/cloudfront-us-east-1.images.arcpublishing.com\/infobae\/65BLWA2FAIHIODL6C6HINHZRC4.jpg\" width=\"800\">(Foto: Daniel Becerril\/Reuters)<\/p>\n\n\n\n<p>Al respecto, Borja Aburto inform\u00f3 que la mujer que trabaja en Monclova, Coahuila, padeci\u00f3 de&nbsp;<strong>COVID-19 en abril del 2020&nbsp;<\/strong>y posteriormente hab\u00eda reportado otra&nbsp;<strong>infecci\u00f3n respiratoria aguada<\/strong>, la cual, posiblemente, estuvo relacionada con este mismo evento.<\/p>\n\n\n\n<p>Otro de los casos de reacci\u00f3n adversa a la vacuna que inform\u00f3 el IMSS fue el de una especialista del Hospital General de Zona No.1, quien present\u00f3&nbsp;<strong>dolor de cabeza intenso<\/strong>, mareo y&nbsp;<strong>dificultad para respirar y pasar alimentos<\/strong>. No obstante, estos s\u00edntomas, aunque graves, pudieron ser tratados con la&nbsp;<strong>aplicaci\u00f3n de un antihistam\u00ednico<\/strong>.<\/p>\n\n\n\n<p>Durante estos d\u00edas, la&nbsp;<strong>vacuna contra COVID-19<\/strong>&nbsp;en M\u00e9xico ha tenido momentos nebulosos, pero la aplicaci\u00f3n entre la poblaci\u00f3n contin\u00faa y ya se dio otro paso para hacer llegar m\u00e1s dosis al pa\u00eds, pues la Comisi\u00f3n Federal para la Protecci\u00f3n contra Riesgos Sanitarios (<strong>Cofepris<\/strong>), aprob\u00f3 el&nbsp;<strong>uso de emergencia&nbsp;<\/strong>del ant\u00eddoto desarrollado por&nbsp;<strong>AstraZeneca<\/strong>.<\/p>\n\n\n\n<p>As\u00ed lo anunci\u00f3 en canciller, Marcelo Ebrard, quien record\u00f3 que este medicamento se\u00a0<strong>envasar\u00e1 en M\u00e9xico<\/strong>\u00a0y desde este territorio ser\u00e1\u00a0<strong>distribuido a Latinoam\u00e9rica<\/strong>. Con la aprobaci\u00f3n de AstraZeneca, son\u00a0<strong>dos las vacunas que hasta el momento se podr\u00e1n emplear en el pa\u00eds<\/strong>\u00a0en la lucha contra el coronavirus.<\/p>\n\n\n\n<p>Fuente: https:\/\/www.infobae.com\/america\/mexico\/2021\/01\/05\/en-mexico-se-han-detectado-110-reacciones-adversas-a-vacuna-contra-covid-19-solo-cinco-requirieron-hospitalizacion-ssa\/<\/p>\n","protected":false},"excerpt":{"rendered":"<p>La mayor\u00eda fueron leves y sistem\u00e1ticos, es decir, presentaron s\u00edntomas como fiebre; el \u00fanico caso bajo investigaci\u00f3n es el de [&hellip;]<\/p>\n","protected":false},"author":1,"featured_media":2997,"comment_status":"open","ping_status":"open","sticky":false,"template":"","format":"standard","meta":{"site-sidebar-layout":"default","site-content-layout":"","ast-site-content-layout":"default","site-content-style":"default","site-sidebar-style":"default","ast-global-header-display":"","ast-banner-title-visibility":"","ast-main-header-display":"","ast-hfb-above-header-display":"","ast-hfb-below-header-display":"","ast-hfb-mobile-header-display":"","site-post-title":"","ast-breadcrumbs-content":"","ast-featured-img":"","footer-sml-layout":"","theme-transparent-header-meta":"","adv-header-id-meta":"","stick-header-meta":"","header-above-stick-meta":"","header-main-stick-meta":"","header-below-stick-meta":"","astra-migrate-meta-layouts":"default","ast-page-background-enabled":"default","ast-page-background-meta":{"desktop":{"background-color":"var(--ast-global-color-4)","background-image":"","background-repeat":"repeat","background-position":"center center","background-size":"auto","background-attachment":"scroll","background-type":"","background-media":"","overlay-type":"","overlay-color":"","overlay-opacity":"","overlay-gradient":""},"tablet":{"background-color":"","background-image":"","background-repeat":"repeat","background-position":"center center","background-size":"auto","background-attachment":"scroll","background-type":"","background-media":"","overlay-type":"","overlay-color":"","overlay-opacity":"","overlay-gradient":""},"mobile":{"background-color":"","background-image":"","background-repeat":"repeat","background-position":"center center","background-size":"auto","background-attachment":"scroll","background-type":"","background-media":"","overlay-type":"","overlay-color":"","overlay-opacity":"","overlay-gradient":""}},"ast-content-background-meta":{"desktop":{"background-color":"var(--ast-global-color-5)","background-image":"","background-repeat":"repeat","background-position":"center center","background-size":"auto","background-attachment":"scroll","background-type":"","background-media":"","overlay-type":"","overlay-color":"","overlay-opacity":"","overlay-gradient":""},"tablet":{"background-color":"var(--ast-global-color-5)","background-image":"","background-repeat":"repeat","background-position":"center center","background-size":"auto","background-attachment":"scroll","background-type":"","background-media":"","overlay-type":"","overlay-color":"","overlay-opacity":"","overlay-gradient":""},"mobile":{"background-color":"var(--ast-global-color-5)","background-image":"","background-repeat":"repeat","background-position":"center center","background-size":"auto","background-attachment":"scroll","background-type":"","background-media":"","overlay-type":"","overlay-color":"","overlay-opacity":"","overlay-gradient":""}},"footnotes":""},"categories":[8],"tags":[],"class_list":["post-2996","post","type-post","status-publish","format-standard","has-post-thumbnail","hentry","category-noticias"],"_links":{"self":[{"href":"https:\/\/losperiodistas.com.mx\/portal\/wp-json\/wp\/v2\/posts\/2996","targetHints":{"allow":["GET"]}}],"collection":[{"href":"https:\/\/losperiodistas.com.mx\/portal\/wp-json\/wp\/v2\/posts"}],"about":[{"href":"https:\/\/losperiodistas.com.mx\/portal\/wp-json\/wp\/v2\/types\/post"}],"author":[{"embeddable":true,"href":"https:\/\/losperiodistas.com.mx\/portal\/wp-json\/wp\/v2\/users\/1"}],"replies":[{"embeddable":true,"href":"https:\/\/losperiodistas.com.mx\/portal\/wp-json\/wp\/v2\/comments?post=2996"}],"version-history":[{"count":1,"href":"https:\/\/losperiodistas.com.mx\/portal\/wp-json\/wp\/v2\/posts\/2996\/revisions"}],"predecessor-version":[{"id":2998,"href":"https:\/\/losperiodistas.com.mx\/portal\/wp-json\/wp\/v2\/posts\/2996\/revisions\/2998"}],"wp:featuredmedia":[{"embeddable":true,"href":"https:\/\/losperiodistas.com.mx\/portal\/wp-json\/wp\/v2\/media\/2997"}],"wp:attachment":[{"href":"https:\/\/losperiodistas.com.mx\/portal\/wp-json\/wp\/v2\/media?parent=2996"}],"wp:term":[{"taxonomy":"category","embeddable":true,"href":"https:\/\/losperiodistas.com.mx\/portal\/wp-json\/wp\/v2\/categories?post=2996"},{"taxonomy":"post_tag","embeddable":true,"href":"https:\/\/losperiodistas.com.mx\/portal\/wp-json\/wp\/v2\/tags?post=2996"}],"curies":[{"name":"wp","href":"https:\/\/api.w.org\/{rel}","templated":true}]}}