{"id":29952,"date":"2022-06-14T08:40:56","date_gmt":"2022-06-14T13:40:56","guid":{"rendered":"http:\/\/losperiodistas.com.mx\/portal\/?p=29952"},"modified":"2022-06-14T08:40:57","modified_gmt":"2022-06-14T13:40:57","slug":"mexico-anuncia-la-vacunacion-de-ninas-y-ninos-de-5-a-11-anos-contra-el-covid-19-la-lista","status":"publish","type":"post","link":"https:\/\/losperiodistas.com.mx\/portal\/mexico-anuncia-la-vacunacion-de-ninas-y-ninos-de-5-a-11-anos-contra-el-covid-19-la-lista\/","title":{"rendered":"M\u00e9xico anuncia la vacunaci\u00f3n de ni\u00f1as y ni\u00f1os de 5 a 11 a\u00f1os contra el Covid-19 | La Lista"},"content":{"rendered":"\n<p><em>La vacunaci\u00f3n de ni\u00f1as y ni\u00f1os de 5 a 11 a\u00f1os en M\u00e9xico constituir\u00e1 la s\u00e9ptima etapa de inmunizaci\u00f3n contra el Covid-19 en el pa\u00eds.<\/em><\/p>\n\n\n\n<p><\/p>\n\n\n\n<figure class=\"wp-block-image size-large\"><img fetchpriority=\"high\" decoding=\"async\" width=\"1024\" height=\"683\" src=\"https:\/\/losperiodistas.com.mx\/portal\/wp-content\/uploads\/2022\/06\/vacunacion-menores-mexico-1024x683.jpg\" alt=\"\" class=\"wp-image-29953\" srcset=\"https:\/\/losperiodistas.com.mx\/portal\/wp-content\/uploads\/2022\/06\/vacunacion-menores-mexico-1024x683.jpg 1024w, https:\/\/losperiodistas.com.mx\/portal\/wp-content\/uploads\/2022\/06\/vacunacion-menores-mexico-300x200.jpg 300w, https:\/\/losperiodistas.com.mx\/portal\/wp-content\/uploads\/2022\/06\/vacunacion-menores-mexico-768x512.jpg 768w, https:\/\/losperiodistas.com.mx\/portal\/wp-content\/uploads\/2022\/06\/vacunacion-menores-mexico.jpg 1280w\" sizes=\"(max-width: 1024px) 100vw, 1024px\" \/><\/figure>\n\n\n\n<p><\/p>\n\n\n\n<p class=\"has-vivid-cyan-blue-color has-text-color has-medium-font-size\">REDACCI\u00d3N LA LISTA<\/p>\n\n\n\n<p>Hugo L\u00f3pez-Gatell, subsecretario de Salud federal, anunci\u00f3 que M\u00e9xico iniciar\u00e1 con la vacunaci\u00f3n contra Covid-19 de ni\u00f1as y ni\u00f1os de 5 a 11 a\u00f1os.<\/p>\n\n\n\n<p>\u201cUn cambio nuevo en la pol\u00edtica de vacunaci\u00f3n contra la Covid-19, que consiste en que empezamos ya ni\u00f1as y ni\u00f1os de 5 a 11 a\u00f1os, ese es el cambio\u201d, anunci\u00f3 esta ma\u00f1ana durante&nbsp;<a href=\"https:\/\/www.youtube.com\/watch?v=TTDf6HrwPKo\" target=\"_blank\" rel=\"noreferrer noopener\">la conferencia del presidente Andr\u00e9s Manuel L\u00f3pez Obrador<\/a>.No te pierdas:<a href=\"https:\/\/la-lista.com\/salud\/2022\/06\/14\/uno-de-cada-cuatro-ninos-contagiados-llega-a-presentar-sintomas-de-long-covid-indica-estudio\">Uno de cada cuatro ni\u00f1os contagiados llega a presentar s\u00edntomas de&nbsp;<em>long<\/em>&nbsp;covid, indica estudio<\/a><\/p>\n\n\n\n<p>Esta ser\u00e1 la s\u00e9ptima fase de inmunizaci\u00f3n de la poblaci\u00f3n mexicana, misma que inici\u00f3 en las \u00faltimas semanas de 2020.&nbsp;<\/p>\n\n\n\n<p>De acuerdo con el funcionario, la vacuna que se les aplicar\u00e1 a los menores de este rango de edad es la de Pfizer, de la que se adquirir\u00e1n alrededor de 8 millones de dosis.&nbsp;<\/p>\n\n\n\n<p>\u201cYa se ha firmado el contrato con la compa\u00f1\u00eda Pfizer para la vacuna Pfizer\/BioNTech y se adquirir\u00e1n 8 millones de dosis que nos permitir\u00e1 iniciar proceso de vacunaci\u00f3n\u201d, apunt\u00f3.\u00a0<\/p>\n\n\n\n<p>El proceso de vacunaci\u00f3n ser\u00e1 por municipios y se realizar\u00e1 principalmente en m\u00f3dulos de salud y en macrocentros de inmunizaci\u00f3n.&nbsp;<\/p>\n\n\n\n<p>L\u00f3pez-Gatell solicit\u00f3 a la poblaci\u00f3n estar atentos a los avisos de los municipios, ya que ser\u00e1n estos los que anuncien las fechas para la vacunaci\u00f3n de ni\u00f1as y ni\u00f1os de 5 a 11 a\u00f1os en M\u00e9xico.&nbsp;<\/p>\n\n\n\n<h2 class=\"wp-block-heading\" id=\"h-cuando-se-abre-el-registro-para-la-vacunacion-de-ninas-y-ninos-de-5-a-11-anos-en-mexico\">\u00bfCu\u00e1ndo se abre el registro para la vacunaci\u00f3n de ni\u00f1as y ni\u00f1os de 5 a 11 a\u00f1os en M\u00e9xico?<\/h2>\n\n\n\n<p>L\u00f3pez-Gatell especific\u00f3 que ser\u00e1 este jueves 16 de junio cuando se abra el registro para este sector de la poblaci\u00f3n, a trav\u00e9s del sitio&nbsp;<a href=\"https:\/\/mivacuna.salud.gob.mx\/\" target=\"_blank\" rel=\"noreferrer noopener\">https:\/\/mivacuna.salud.gob.mx\/<\/a>.<\/p>\n\n\n\n<p>En dicha p\u00e1gina se solicitar\u00e1 a las personas llenar un formulario, que consiste en introducir el CURP de la persona que solicita ser vacunada.&nbsp;<\/p>\n\n\n\n<p>\u201cHay que registrarse, eso ayuda much\u00edsimo a la programaci\u00f3n log\u00edstica de los operativos municipales\u201d, a\u00f1adi\u00f3.&nbsp;<\/p>\n\n\n\n<p><a href=\"https:\/\/www.gob.mx\/salud\/prensa\/286-en-mexico-53-1-millones-de-personas-han-recibido-vacuna-de-refuerzo-contra-covid-19\" target=\"_blank\" rel=\"noreferrer noopener\">Cifras de la Secretar\u00eda de Salud<\/a>\u00a0detallan que hasta el 13 de junio se han aplicado 53 millones 110 mil 007 vacunas, lo que equivale a que el 66% de la poblaci\u00f3n mexicana cuenta ya con la cobertura de refuerzo contra el covid.<\/p>\n\n\n\n<p>Fuente: https:\/\/la-lista.com\/salud\/2022\/06\/14\/mexico-anuncia-la-vacunacion-de-ninas-y-ninos-5-a-11-anos-contra-el-covid-19<\/p>\n","protected":false},"excerpt":{"rendered":"<p>La vacunaci\u00f3n de ni\u00f1as y ni\u00f1os de 5 a 11 a\u00f1os en M\u00e9xico constituir\u00e1 la s\u00e9ptima etapa de inmunizaci\u00f3n contra [&hellip;]<\/p>\n","protected":false},"author":1,"featured_media":29953,"comment_status":"open","ping_status":"open","sticky":false,"template":"","format":"standard","meta":{"site-sidebar-layout":"default","site-content-layout":"","ast-site-content-layout":"default","site-content-style":"default","site-sidebar-style":"default","ast-global-header-display":"","ast-banner-title-visibility":"","ast-main-header-display":"","ast-hfb-above-header-display":"","ast-hfb-below-header-display":"","ast-hfb-mobile-header-display":"","site-post-title":"","ast-breadcrumbs-content":"","ast-featured-img":"","footer-sml-layout":"","theme-transparent-header-meta":"","adv-header-id-meta":"","stick-header-meta":"","header-above-stick-meta":"","header-main-stick-meta":"","header-below-stick-meta":"","astra-migrate-meta-layouts":"default","ast-page-background-enabled":"default","ast-page-background-meta":{"desktop":{"background-color":"var(--ast-global-color-4)","background-image":"","background-repeat":"repeat","background-position":"center center","background-size":"auto","background-attachment":"scroll","background-type":"","background-media":"","overlay-type":"","overlay-color":"","overlay-opacity":"","overlay-gradient":""},"tablet":{"background-color":"","background-image":"","background-repeat":"repeat","background-position":"center center","background-size":"auto","background-attachment":"scroll","background-type":"","background-media":"","overlay-type":"","overlay-color":"","overlay-opacity":"","overlay-gradient":""},"mobile":{"background-color":"","background-image":"","background-repeat":"repeat","background-position":"center center","background-size":"auto","background-attachment":"scroll","background-type":"","background-media":"","overlay-type":"","overlay-color":"","overlay-opacity":"","overlay-gradient":""}},"ast-content-background-meta":{"desktop":{"background-color":"var(--ast-global-color-5)","background-image":"","background-repeat":"repeat","background-position":"center center","background-size":"auto","background-attachment":"scroll","background-type":"","background-media":"","overlay-type":"","overlay-color":"","overlay-opacity":"","overlay-gradient":""},"tablet":{"background-color":"var(--ast-global-color-5)","background-image":"","background-repeat":"repeat","background-position":"center center","background-size":"auto","background-attachment":"scroll","background-type":"","background-media":"","overlay-type":"","overlay-color":"","overlay-opacity":"","overlay-gradient":""},"mobile":{"background-color":"var(--ast-global-color-5)","background-image":"","background-repeat":"repeat","background-position":"center center","background-size":"auto","background-attachment":"scroll","background-type":"","background-media":"","overlay-type":"","overlay-color":"","overlay-opacity":"","overlay-gradient":""}},"footnotes":""},"categories":[8],"tags":[38,10771,10773],"class_list":["post-29952","post","type-post","status-publish","format-standard","has-post-thumbnail","hentry","category-noticias","tag-covid-19","tag-vacunacion-infantil","tag-vacunacion-menores"],"_links":{"self":[{"href":"https:\/\/losperiodistas.com.mx\/portal\/wp-json\/wp\/v2\/posts\/29952","targetHints":{"allow":["GET"]}}],"collection":[{"href":"https:\/\/losperiodistas.com.mx\/portal\/wp-json\/wp\/v2\/posts"}],"about":[{"href":"https:\/\/losperiodistas.com.mx\/portal\/wp-json\/wp\/v2\/types\/post"}],"author":[{"embeddable":true,"href":"https:\/\/losperiodistas.com.mx\/portal\/wp-json\/wp\/v2\/users\/1"}],"replies":[{"embeddable":true,"href":"https:\/\/losperiodistas.com.mx\/portal\/wp-json\/wp\/v2\/comments?post=29952"}],"version-history":[{"count":1,"href":"https:\/\/losperiodistas.com.mx\/portal\/wp-json\/wp\/v2\/posts\/29952\/revisions"}],"predecessor-version":[{"id":29954,"href":"https:\/\/losperiodistas.com.mx\/portal\/wp-json\/wp\/v2\/posts\/29952\/revisions\/29954"}],"wp:featuredmedia":[{"embeddable":true,"href":"https:\/\/losperiodistas.com.mx\/portal\/wp-json\/wp\/v2\/media\/29953"}],"wp:attachment":[{"href":"https:\/\/losperiodistas.com.mx\/portal\/wp-json\/wp\/v2\/media?parent=29952"}],"wp:term":[{"taxonomy":"category","embeddable":true,"href":"https:\/\/losperiodistas.com.mx\/portal\/wp-json\/wp\/v2\/categories?post=29952"},{"taxonomy":"post_tag","embeddable":true,"href":"https:\/\/losperiodistas.com.mx\/portal\/wp-json\/wp\/v2\/tags?post=29952"}],"curies":[{"name":"wp","href":"https:\/\/api.w.org\/{rel}","templated":true}]}}