{"id":29942,"date":"2022-06-14T07:50:38","date_gmt":"2022-06-14T12:50:38","guid":{"rendered":"http:\/\/losperiodistas.com.mx\/portal\/?p=29942"},"modified":"2022-06-14T07:50:40","modified_gmt":"2022-06-14T12:50:40","slug":"cuantas-drogas-tomaba-marcel-proust-cinco-datos-sobre-la-vida-del-escritor-que-no-necesitas-saber-el-confidencial","status":"publish","type":"post","link":"https:\/\/losperiodistas.com.mx\/portal\/cuantas-drogas-tomaba-marcel-proust-cinco-datos-sobre-la-vida-del-escritor-que-no-necesitas-saber-el-confidencial\/","title":{"rendered":"\u00bfCu\u00e1ntas drogas tomaba Marcel Proust? Cinco datos sobre la vida del escritor que no necesitas saber | El Confidencial"},"content":{"rendered":"\n<p><em>Se publica &#8216;El proust\u00f3grafo&#8217;, una colecci\u00f3n de infograf\u00edas para captar de un golpe de vista las cifras m\u00e1s curiosas de la vida del Proust. Entre ellas, que tomaba seis tipos de somn\u00edferos y que nunca cogi\u00f3 el metro<\/em><\/p>\n\n\n\n<figure class=\"wp-block-image size-large\"><img fetchpriority=\"high\" decoding=\"async\" width=\"1024\" height=\"768\" src=\"https:\/\/losperiodistas.com.mx\/portal\/wp-content\/uploads\/2022\/06\/f.elconfidencial.com_original_ae0_297_a01_ae0297a010aacc35e9143b0e4a9888ac-1024x768.jpg\" alt=\"\" class=\"wp-image-29943\" srcset=\"https:\/\/losperiodistas.com.mx\/portal\/wp-content\/uploads\/2022\/06\/f.elconfidencial.com_original_ae0_297_a01_ae0297a010aacc35e9143b0e4a9888ac-1024x768.jpg 1024w, https:\/\/losperiodistas.com.mx\/portal\/wp-content\/uploads\/2022\/06\/f.elconfidencial.com_original_ae0_297_a01_ae0297a010aacc35e9143b0e4a9888ac-300x225.jpg 300w, https:\/\/losperiodistas.com.mx\/portal\/wp-content\/uploads\/2022\/06\/f.elconfidencial.com_original_ae0_297_a01_ae0297a010aacc35e9143b0e4a9888ac-768x576.jpg 768w, https:\/\/losperiodistas.com.mx\/portal\/wp-content\/uploads\/2022\/06\/f.elconfidencial.com_original_ae0_297_a01_ae0297a010aacc35e9143b0e4a9888ac.jpg 1200w\" sizes=\"(max-width: 1024px) 100vw, 1024px\" \/><figcaption>Marcel Proust. (EFE)<\/figcaption><\/figure>\n\n\n\n<p class=\"has-vivid-cyan-blue-color has-text-color has-medium-font-size\">ANA RAM\u00cdREZ \/ EL CONFIDENCIAL<\/p>\n\n\n\n<p><a href=\"https:\/\/www.elconfidencial.com\/cultura\/2022-01-30\/marcel-proust-los-75-folios-recherche_3362098\/\">Marcel Proust&nbsp;<\/a>se gast\u00f3 6.000 francos en drogas solo en el a\u00f1o 1919, se ret\u00f3 en duelo una vez en su vida y nunca cogi\u00f3 el metro. La frase m\u00e1s larga que escribi\u00f3 contiene 931 palabras y el animal que m\u00e1s aparece en sus novelas es el caballo, un total de 25 veces. Es probable que nadie, ni los admiradores m\u00e1s fetichistas de la obra de Proust, necesite una recopilaci\u00f3n de datos como estos. Pero, como esas cifras que se clavan en la memoria sin saber muy bien por qu\u00e9 -todo el mundo tiene las suyas-, m\u00e1s de uno pensar\u00e1 que&nbsp;<strong>no los necesitaba hasta que se los pusieron delante.&nbsp;<\/strong>\u00bfCu\u00e1ntos tipos de drogas tomaba Proust? \u00bfCu\u00e1ntas cartas redact\u00f3? \u00bfCu\u00e1l es el verbo que m\u00e1s utiliz\u00f3 al escribir &#8216;En busca del tiempo perdido&#8217;?<strong>&nbsp;&#8216;El proust\u00f3grafo&#8217; (Alianza Editorial, 2022)&nbsp;<\/strong>recoge todos esos datos, algunos reveladores y otros no tanto, en decenas de cuidadas infograf\u00edas.<\/p>\n\n\n\n<p>Es m\u00e1s un ejercicio\u00a0<strong>est\u00e9tico, matem\u00e1tico y de visualizaci\u00f3n de datos<\/strong>\u00a0-esa disciplina boyante en las \u00faltimas d\u00e9cadas- que acad\u00e9mico. &#8216;El proust\u00f3grafo&#8217; se sirve de curvas, espirales y diagramas para trazar un perfil num\u00e9rico del novelista franc\u00e9s. Sus restaurantes favoritos en Par\u00eds, el estado de su fortuna a lo largo de los a\u00f1os, las veces que aparece la palabra \u00abduquesa\u00bb en su obra cumbre o el tiempo verbal predilecto. Nicolas Ragonneau y Nicolas Beaujouan han creado el trabajo a partir de todos los datos disponibles sobre<a href=\"https:\/\/www.elconfidencial.com\/cultura\/2019-05-26\/marcel-proust-premio-goncourt-centenario_2021802\/\">\u00a0la vida y obra de Marcel Proust.<\/a>\u00a0El resultado es un libro parco en palabras dedicado a un escritor torrencial. Datos err\u00e1ticos que sirven para aproximarse a la obra del escritor dando muchos, pero que muchos rodeos. Quiz\u00e1, como a \u00e9l le hubiera gustado. Aqu\u00ed extraemos cinco datos que nunca pediste sobre Marcel Proust.<\/p>\n\n\n\n<figure class=\"wp-block-image size-large\"><img decoding=\"async\" width=\"701\" height=\"1024\" src=\"https:\/\/losperiodistas.com.mx\/portal\/wp-content\/uploads\/2022\/06\/Captura-de-Pantalla-2022-06-14-a-las-7.49.07-701x1024.jpg\" alt=\"\" class=\"wp-image-29944\" srcset=\"https:\/\/losperiodistas.com.mx\/portal\/wp-content\/uploads\/2022\/06\/Captura-de-Pantalla-2022-06-14-a-las-7.49.07-701x1024.jpg 701w, https:\/\/losperiodistas.com.mx\/portal\/wp-content\/uploads\/2022\/06\/Captura-de-Pantalla-2022-06-14-a-las-7.49.07-206x300.jpg 206w, https:\/\/losperiodistas.com.mx\/portal\/wp-content\/uploads\/2022\/06\/Captura-de-Pantalla-2022-06-14-a-las-7.49.07-768x1121.jpg 768w, https:\/\/losperiodistas.com.mx\/portal\/wp-content\/uploads\/2022\/06\/Captura-de-Pantalla-2022-06-14-a-las-7.49.07-1052x1536.jpg 1052w, https:\/\/losperiodistas.com.mx\/portal\/wp-content\/uploads\/2022\/06\/Captura-de-Pantalla-2022-06-14-a-las-7.49.07.jpg 1070w\" sizes=\"(max-width: 701px) 100vw, 701px\" \/><\/figure>\n\n\n\n<h2 class=\"wp-block-heading\">99.106 comas<\/h2>\n\n\n\n<p>Son las que suman las p\u00e1ginas de &#8216;En busca del tiempo perdido&#8217;. El siguiente signo de puntuaci\u00f3n m\u00e1s frecuente es el punto, en mucha menor medida:<strong>&nbsp;38.961 veces.<\/strong>&nbsp;El conteo revela lo que todos los lectores de Proust saben. Y los que lo han intentado, tambi\u00e9n: su ritmo es pausado y difuso, le encantan las digresiones, los recuerdos y la aproximaci\u00f3n al presente a trav\u00e9s de una gran espiral. Tras el punto, el signo m\u00e1s habitual en los siete vol\u00famenes de esa novela es el guion (5.091 veces).<\/p>\n\n\n\n<h2 class=\"wp-block-heading\">127 horas y 47 minutos<\/h2>\n\n\n\n<p>Es lo que se tarda en leer<a href=\"https:\/\/www.elconfidencial.com\/cultura\/2022-01-30\/marcel-proust-los-75-folios-recherche_3362098\/\">&nbsp;&#8216;En busca del tiempo perdido&#8217;&nbsp;<\/a>en voz alta por un lector profesional. Se necesitan algo m\u00e1s de dos meses, seg\u00fan &#8216;El proust\u00f3grafo&#8217;, para terminar la novela. Durante alg\u00fan tiempo, la obra cumbre de Proust fue una de las m\u00e1s largas de su \u00e9poca. Pero una lectura de todas las novelas que componen &#8216;La comedia humana&#8217; de Balzac llevar\u00eda 435 horas. Para que el lector moderno se haga una idea, los autores a\u00f1aden otro dato para aderezar esta informaci\u00f3n:<strong>&nbsp;la serie &#8216;Juego de tronos&#8217; dura 76 horas.<\/strong><\/p>\n\n\n\n<h2 class=\"wp-block-heading\">14 sustancias<\/h2>\n\n\n\n<p>Son el n\u00famero de&nbsp;<strong>drogas diferentes con las que el escritor se medicaba.&nbsp;<\/strong>Desde su juventud, el asma le impidi\u00f3 llevar una vida normal e incluso le oblig\u00f3 a repetir un curso del Bachillerato. De familia acomodada y burguesa, Proust se trat\u00f3 durante a\u00f1os, pero los m\u00e9dicos de finales del siglo XIX no supieron como controlar sus ataques. Adem\u00e1s, padec\u00eda insomnio, ansiedad, dolores de est\u00f3mago y desarreglos en el intestino. El tipo de droga m\u00e1s com\u00fan que consum\u00eda eran los somn\u00edferos: el opio, compuesto principal de la hero\u00edna, entre ellos. Otro f\u00e1rmaco com\u00fan era el Veronal, que lleg\u00f3 a tomar en tanta cantidad que asegur\u00f3 haber olvidado todo lo que escribi\u00f3 en uno de los vol\u00famenes de &#8216;En busca del tiempo perdido&#8217;. Tambi\u00e9n consum\u00eda estimulantes como<strong>&nbsp;la adrenalina o morfina,<\/strong>&nbsp;sustancia sintetizada por primera vez tan solo unas d\u00e9cadas antes de su nacimiento.<\/p>\n\n\n\n<h2 class=\"wp-block-heading\">28%<\/h2>\n\n\n\n<p>&#8216;El proust\u00f3grafo&#8217; incluye un desglose de los tiempos verbales utilizados a lo largo de<strong>&nbsp;&#8216;En busca del tiempo perdido&#8217;.&nbsp;<\/strong>El m\u00e1s com\u00fan, que representa un 28% del total, es lo que en espa\u00f1ol equivaldr\u00eda al pret\u00e9rito imperfecto. Y que, de nuevo, revela en forma de dato un aspecto fundamental de la escritura proustiana: la acci\u00f3n que se despliega en un lugar difuso y est\u00e1tico del pasado. El futuro es el tiempo verbal menos utilizado en la novela, ocupa tan solo un 1%.<\/p>\n\n\n\n<h2 class=\"wp-block-heading\">1 metro y 60 cent\u00edmetros<\/h2>\n\n\n\n<p>Es la longitud del manuscrito m\u00e1s largo confeccionado por<a href=\"https:\/\/blogs.elconfidencial.com\/cultura\/mala-fama\/2016-02-24\/marcel-proust-no-es-para-tanto-y-otras-barbaridades_1157229\/\">\u00a0Marcel Proust.\u00a0<\/a>Es conocida su t\u00e9cnica para llevar a cabo las correcciones de los textos: a\u00f1ad\u00eda tiras de papel pegadas en sentido vertical y horizontal, que despu\u00e9s se desplegaban en una gran columna. Las usaba para enriquecer y retocar los manuscritos originales. En comparaci\u00f3n con esa gran &#8216;paperolle&#8217; (as\u00ed se denomina la t\u00e9cnica), la estatura de Proust eran tan solo un poco m\u00e1s alta: 1 metro y 68 cent\u00edmetros.<\/p>\n\n\n\n<p>Fuente: https:\/\/www.elconfidencial.com\/cultura\/2022-06-14\/marcel-proust-escritor-datos-proustografo_3441197\/<\/p>\n","protected":false},"excerpt":{"rendered":"<p>Se publica &#8216;El proust\u00f3grafo&#8217;, una colecci\u00f3n de infograf\u00edas para captar de un golpe de vista las cifras m\u00e1s curiosas de [&hellip;]<\/p>\n","protected":false},"author":1,"featured_media":29943,"comment_status":"open","ping_status":"open","sticky":false,"template":"","format":"standard","meta":{"site-sidebar-layout":"default","site-content-layout":"","ast-site-content-layout":"default","site-content-style":"default","site-sidebar-style":"default","ast-global-header-display":"","ast-banner-title-visibility":"","ast-main-header-display":"","ast-hfb-above-header-display":"","ast-hfb-below-header-display":"","ast-hfb-mobile-header-display":"","site-post-title":"","ast-breadcrumbs-content":"","ast-featured-img":"","footer-sml-layout":"","theme-transparent-header-meta":"","adv-header-id-meta":"","stick-header-meta":"","header-above-stick-meta":"","header-main-stick-meta":"","header-below-stick-meta":"","astra-migrate-meta-layouts":"default","ast-page-background-enabled":"default","ast-page-background-meta":{"desktop":{"background-color":"var(--ast-global-color-4)","background-image":"","background-repeat":"repeat","background-position":"center center","background-size":"auto","background-attachment":"scroll","background-type":"","background-media":"","overlay-type":"","overlay-color":"","overlay-opacity":"","overlay-gradient":""},"tablet":{"background-color":"","background-image":"","background-repeat":"repeat","background-position":"center center","background-size":"auto","background-attachment":"scroll","background-type":"","background-media":"","overlay-type":"","overlay-color":"","overlay-opacity":"","overlay-gradient":""},"mobile":{"background-color":"","background-image":"","background-repeat":"repeat","background-position":"center center","background-size":"auto","background-attachment":"scroll","background-type":"","background-media":"","overlay-type":"","overlay-color":"","overlay-opacity":"","overlay-gradient":""}},"ast-content-background-meta":{"desktop":{"background-color":"var(--ast-global-color-5)","background-image":"","background-repeat":"repeat","background-position":"center center","background-size":"auto","background-attachment":"scroll","background-type":"","background-media":"","overlay-type":"","overlay-color":"","overlay-opacity":"","overlay-gradient":""},"tablet":{"background-color":"var(--ast-global-color-5)","background-image":"","background-repeat":"repeat","background-position":"center center","background-size":"auto","background-attachment":"scroll","background-type":"","background-media":"","overlay-type":"","overlay-color":"","overlay-opacity":"","overlay-gradient":""},"mobile":{"background-color":"var(--ast-global-color-5)","background-image":"","background-repeat":"repeat","background-position":"center center","background-size":"auto","background-attachment":"scroll","background-type":"","background-media":"","overlay-type":"","overlay-color":"","overlay-opacity":"","overlay-gradient":""}},"footnotes":""},"categories":[8],"tags":[7658,9406,10770],"class_list":["post-29942","post","type-post","status-publish","format-standard","has-post-thumbnail","hentry","category-noticias","tag-adicciones","tag-marcel-proust","tag-proustografo"],"_links":{"self":[{"href":"https:\/\/losperiodistas.com.mx\/portal\/wp-json\/wp\/v2\/posts\/29942","targetHints":{"allow":["GET"]}}],"collection":[{"href":"https:\/\/losperiodistas.com.mx\/portal\/wp-json\/wp\/v2\/posts"}],"about":[{"href":"https:\/\/losperiodistas.com.mx\/portal\/wp-json\/wp\/v2\/types\/post"}],"author":[{"embeddable":true,"href":"https:\/\/losperiodistas.com.mx\/portal\/wp-json\/wp\/v2\/users\/1"}],"replies":[{"embeddable":true,"href":"https:\/\/losperiodistas.com.mx\/portal\/wp-json\/wp\/v2\/comments?post=29942"}],"version-history":[{"count":1,"href":"https:\/\/losperiodistas.com.mx\/portal\/wp-json\/wp\/v2\/posts\/29942\/revisions"}],"predecessor-version":[{"id":29945,"href":"https:\/\/losperiodistas.com.mx\/portal\/wp-json\/wp\/v2\/posts\/29942\/revisions\/29945"}],"wp:featuredmedia":[{"embeddable":true,"href":"https:\/\/losperiodistas.com.mx\/portal\/wp-json\/wp\/v2\/media\/29943"}],"wp:attachment":[{"href":"https:\/\/losperiodistas.com.mx\/portal\/wp-json\/wp\/v2\/media?parent=29942"}],"wp:term":[{"taxonomy":"category","embeddable":true,"href":"https:\/\/losperiodistas.com.mx\/portal\/wp-json\/wp\/v2\/categories?post=29942"},{"taxonomy":"post_tag","embeddable":true,"href":"https:\/\/losperiodistas.com.mx\/portal\/wp-json\/wp\/v2\/tags?post=29942"}],"curies":[{"name":"wp","href":"https:\/\/api.w.org\/{rel}","templated":true}]}}