{"id":29930,"date":"2022-06-14T05:29:41","date_gmt":"2022-06-14T10:29:41","guid":{"rendered":"http:\/\/losperiodistas.com.mx\/portal\/?p=29930"},"modified":"2022-06-14T06:28:07","modified_gmt":"2022-06-14T11:28:07","slug":"registra-ssa-mil-688-nuevos-casos-y-11-decesos-por-covid-en-24-hrs-la-jornada","status":"publish","type":"post","link":"https:\/\/losperiodistas.com.mx\/portal\/registra-ssa-mil-688-nuevos-casos-y-11-decesos-por-covid-en-24-hrs-la-jornada\/","title":{"rendered":"Registra Ssa mil 688 nuevos casos y 11 decesos por covid en 24 hrs | La Jornada"},"content":{"rendered":"\n<figure class=\"wp-block-image size-large\"><img fetchpriority=\"high\" decoding=\"async\" width=\"1024\" height=\"682\" src=\"https:\/\/losperiodistas.com.mx\/portal\/wp-content\/uploads\/2022\/06\/image_large-4-1024x682.jpeg\" alt=\"\" class=\"wp-image-29931\" srcset=\"https:\/\/losperiodistas.com.mx\/portal\/wp-content\/uploads\/2022\/06\/image_large-4-1024x682.jpeg 1024w, https:\/\/losperiodistas.com.mx\/portal\/wp-content\/uploads\/2022\/06\/image_large-4-300x200.jpeg 300w, https:\/\/losperiodistas.com.mx\/portal\/wp-content\/uploads\/2022\/06\/image_large-4-768x512.jpeg 768w, https:\/\/losperiodistas.com.mx\/portal\/wp-content\/uploads\/2022\/06\/image_large-4.jpeg 1117w\" sizes=\"(max-width: 1024px) 100vw, 1024px\" \/><figcaption>Personas caminan por calles del Centro Hist\u00f3rico de la CDMX.\u00a0Foto\u00a0<strong>Roberto Garc\u00eda Ortiz<\/strong><\/figcaption><\/figure>\n\n\n\n<p class=\"has-vivid-cyan-blue-color has-text-color has-medium-font-size\">\u00c1NGELES CRUZ MART\u00cdNEZ \/ LA JORNADA<\/p>\n\n\n\n<p><em>Ciudad de M\u00e9xico.<\/em>\u00a0El reporte sobre el comportamiento de la pandemia de covid-19 de este d\u00eda indica que los contagios contin\u00faan. En las pasadas 24 horas se confirmaron mil 688 casos y 11 decesos.<\/p>\n\n\n\n<p>El registro de la Secretar\u00eda de Salud (Ssa) acumula 5 millones 825 mil 532 personas que han tenido la infecci\u00f3n causada por el virus SARS-CoV-2, de las cuales 325 mil 205 han fallecido.<\/p>\n\n\n\n<p>La ocupaci\u00f3n en los hospitales se mantiene en niveles m\u00ednimos, con 3 por ciento en las camas generales y uno por ciento en las que tienen ventilador.<\/p>\n\n\n\n<p>En cuanto a los casos activos, el n\u00famero baj\u00f3 en dos mil 678 con respecto a las reportadas el domingo.<\/p>\n\n\n\n<p>El informe de esta tarde indica que 88 millones 302 mil 201 personas de 12 a\u00f1os y m\u00e1s, han sido vacunadas con al menos una dosis. Esto equivale a una cobertura de 86 por ciento.<\/p>\n\n\n\n<p>Cuando se toma en cuenta s\u00f3lo a quienes tienen m\u00e1s de 18 a\u00f1os de edad, la cobertura nacional sube a 91 por ciento, con 81 millones 92 mil 526 adultos inmunizados.<\/p>\n\n\n\n<p>Sobre la aplicaci\u00f3n de biol\u00f3gicos de refuerzo, la SSa indic\u00f3 que el avance es de 66 por ciento.<\/p>\n\n\n\n<p>Fuente: https:\/\/www.jornada.com.mx\/notas\/2022\/06\/13\/politica\/confirman-mil-688-casos-de-covid-19-en-las-ultimas-24-horas-en-mexico\/<\/p>\n","protected":false},"excerpt":{"rendered":"<p>\u00c1NGELES CRUZ MART\u00cdNEZ \/ LA JORNADA Ciudad de M\u00e9xico.\u00a0El reporte sobre el comportamiento de la pandemia de covid-19 de este [&hellip;]<\/p>\n","protected":false},"author":1,"featured_media":29931,"comment_status":"open","ping_status":"open","sticky":false,"template":"","format":"standard","meta":{"site-sidebar-layout":"default","site-content-layout":"","ast-site-content-layout":"default","site-content-style":"default","site-sidebar-style":"default","ast-global-header-display":"","ast-banner-title-visibility":"","ast-main-header-display":"","ast-hfb-above-header-display":"","ast-hfb-below-header-display":"","ast-hfb-mobile-header-display":"","site-post-title":"","ast-breadcrumbs-content":"","ast-featured-img":"","footer-sml-layout":"","theme-transparent-header-meta":"","adv-header-id-meta":"","stick-header-meta":"","header-above-stick-meta":"","header-main-stick-meta":"","header-below-stick-meta":"","astra-migrate-meta-layouts":"default","ast-page-background-enabled":"default","ast-page-background-meta":{"desktop":{"background-color":"var(--ast-global-color-4)","background-image":"","background-repeat":"repeat","background-position":"center center","background-size":"auto","background-attachment":"scroll","background-type":"","background-media":"","overlay-type":"","overlay-color":"","overlay-opacity":"","overlay-gradient":""},"tablet":{"background-color":"","background-image":"","background-repeat":"repeat","background-position":"center center","background-size":"auto","background-attachment":"scroll","background-type":"","background-media":"","overlay-type":"","overlay-color":"","overlay-opacity":"","overlay-gradient":""},"mobile":{"background-color":"","background-image":"","background-repeat":"repeat","background-position":"center center","background-size":"auto","background-attachment":"scroll","background-type":"","background-media":"","overlay-type":"","overlay-color":"","overlay-opacity":"","overlay-gradient":""}},"ast-content-background-meta":{"desktop":{"background-color":"var(--ast-global-color-5)","background-image":"","background-repeat":"repeat","background-position":"center center","background-size":"auto","background-attachment":"scroll","background-type":"","background-media":"","overlay-type":"","overlay-color":"","overlay-opacity":"","overlay-gradient":""},"tablet":{"background-color":"var(--ast-global-color-5)","background-image":"","background-repeat":"repeat","background-position":"center center","background-size":"auto","background-attachment":"scroll","background-type":"","background-media":"","overlay-type":"","overlay-color":"","overlay-opacity":"","overlay-gradient":""},"mobile":{"background-color":"var(--ast-global-color-5)","background-image":"","background-repeat":"repeat","background-position":"center center","background-size":"auto","background-attachment":"scroll","background-type":"","background-media":"","overlay-type":"","overlay-color":"","overlay-opacity":"","overlay-gradient":""}},"footnotes":""},"categories":[8],"tags":[59,6806,3748],"class_list":["post-29930","post","type-post","status-publish","format-standard","has-post-thumbnail","hentry","category-noticias","tag-covid-mexico","tag-repunte-pandemia","tag-ssa"],"_links":{"self":[{"href":"https:\/\/losperiodistas.com.mx\/portal\/wp-json\/wp\/v2\/posts\/29930","targetHints":{"allow":["GET"]}}],"collection":[{"href":"https:\/\/losperiodistas.com.mx\/portal\/wp-json\/wp\/v2\/posts"}],"about":[{"href":"https:\/\/losperiodistas.com.mx\/portal\/wp-json\/wp\/v2\/types\/post"}],"author":[{"embeddable":true,"href":"https:\/\/losperiodistas.com.mx\/portal\/wp-json\/wp\/v2\/users\/1"}],"replies":[{"embeddable":true,"href":"https:\/\/losperiodistas.com.mx\/portal\/wp-json\/wp\/v2\/comments?post=29930"}],"version-history":[{"count":1,"href":"https:\/\/losperiodistas.com.mx\/portal\/wp-json\/wp\/v2\/posts\/29930\/revisions"}],"predecessor-version":[{"id":29932,"href":"https:\/\/losperiodistas.com.mx\/portal\/wp-json\/wp\/v2\/posts\/29930\/revisions\/29932"}],"wp:featuredmedia":[{"embeddable":true,"href":"https:\/\/losperiodistas.com.mx\/portal\/wp-json\/wp\/v2\/media\/29931"}],"wp:attachment":[{"href":"https:\/\/losperiodistas.com.mx\/portal\/wp-json\/wp\/v2\/media?parent=29930"}],"wp:term":[{"taxonomy":"category","embeddable":true,"href":"https:\/\/losperiodistas.com.mx\/portal\/wp-json\/wp\/v2\/categories?post=29930"},{"taxonomy":"post_tag","embeddable":true,"href":"https:\/\/losperiodistas.com.mx\/portal\/wp-json\/wp\/v2\/tags?post=29930"}],"curies":[{"name":"wp","href":"https:\/\/api.w.org\/{rel}","templated":true}]}}