{"id":2993,"date":"2021-01-05T04:37:04","date_gmt":"2021-01-05T10:37:04","guid":{"rendered":"http:\/\/losperiodistas.com.mx\/portal\/?p=2993"},"modified":"2021-01-05T04:37:04","modified_gmt":"2021-01-05T10:37:04","slug":"que-es-la-mirra-farmaco-cosmetico-y-simbolo-la-razon","status":"publish","type":"post","link":"https:\/\/losperiodistas.com.mx\/portal\/que-es-la-mirra-farmaco-cosmetico-y-simbolo-la-razon\/","title":{"rendered":"\u00bfQu\u00e9 es la mirra?: f\u00e1rmaco, cosm\u00e9tico y s\u00edmbolo | La Raz\u00f3n"},"content":{"rendered":"\n<p style=\"font-size:18px\"><em>Muchos no sabemos reconocer la mirra, pero esta resina ha permitido dise\u00f1ar nuevos f\u00e1rmacos y est\u00e1 presente en nuestros cosm\u00e9ticos<\/em><\/p>\n\n\n\n<p class=\"has-vivid-cyan-blue-color has-text-color has-medium-font-size\">DANIEL G\u00d3MEZ DOM\u00cdNGUEZ \/ LA RAZ\u00d3N<\/p>\n\n\n\n<p>Todos conocemos la historia. Guiados por una estrella fugaz, los Tres Reyes Magos de Oriente pusieron rumbo al Portal de Bel\u00e9n con tres regalos para el ni\u00f1o Jes\u00fas. Melchor regal\u00f3 oro, Gaspar regal\u00f3 incienso, y Baltasar mirra. La imagen est\u00e1 en nuestra cabeza, apoyada por belenes e ilustraciones, pero hay algo que muchos ignoran. \u00bfQu\u00e9 es la mirra? \u00bfPodr\u00edamos llegar a reconocerla si nos cruzamos con ella?<\/p>\n\n\n\n<p>Aunque la mirra haya desaparecido de nuestro d\u00eda a d\u00eda, seguimos usando algunos de sus componentes en productos de ba\u00f1o o la pasta de dientes. Incluso ha sido usado para nuevos medicamentos, haciendo al regalo de Baltasar uno de los m\u00e1s vers\u00e1tiles.<\/p>\n\n\n\n<h4 class=\"wp-block-heading\">L\u00e1grimas de resina<\/h4>\n\n\n\n<p>La mirra es un tipo de resina amarillenta, de aspecto s\u00f3lido y que normalmente se recoge en forma de peque\u00f1as l\u00e1grimas. Es la savia de un arbusto llamado Commiphora Myrrha, aunque a veces se encuentra combinado con la savia de otras plantas del g\u00e9nero Commiphora para abaratar costes.<\/p>\n\n\n\n<p>Para obtenerlo, se hacen peque\u00f1os cortes en la corteza del arbusto, dejando que la savia surja y se solidifique en presencia del aire. Es una t\u00e9cnica lenta, y no puede hacerse m\u00e1s de dos o tres veces al a\u00f1o sin poner en peligro la planta. Adem\u00e1s, el Commiphora Myrrha crece en ambientes des\u00e9rticos, especialmente en el noroeste de \u00c1frica, Arabia y Turqu\u00eda. Son regiones en las que no crecen demasiados arbustos por falta de agua, y sin plantaciones disponibles, la mirra es un bien escaso en el mercado, alcanzando altos precios incluso a d\u00eda de hoy. Por eso no estamos acostumbrados a verla.<\/p>\n\n\n\n<p>La mirra ha tenido muchas aplicaciones diferentes desde la antig\u00fcedad. Si se diluye la mirra en alcohol o en agua, se obtiene una mezcla pastosa con un olor agradable, similar al del incienso. A nivel qu\u00edmico, la pasta de mirra puede retener otras mol\u00e9culas arom\u00e1ticas, por lo que era usado como base para diferentes perfumes y ambientadores.<\/p>\n\n\n\n<p>Tambi\u00e9n esta pasta incluye varias grasas en su composici\u00f3n y tiene propiedades antis\u00e9pticas, siendo capaz de impedir el crecimiento de diferentes microorganismos. Por este motivo, era usado en el embalsamamiento de cad\u00e1veres importantes, ya que retrasaba el deterioro del cuerpo y manten\u00eda un mejor aspecto del mismo.<\/p>\n\n\n\n<p>Pero donde tuvo un especial \u00e9xito fue en la medicina. La mirra se describ\u00eda como remedio para decenas de enfermedades diferentes. Se usaba como antiinflamatorio para las heridas, como antibi\u00f3tico, y como relajante, para todo aquel que pudiera permitirse pagar su alto precio. Precisamente, la mirra aparece en el Nuevo Testamento con este uso. Cuando Jes\u00fas va a ser crucificado, antes le ofrecen beber un poco de vino mezclado con mirra, para ayudarle a soportar el dolor. Sin embargo, \u00e9l se niega a beberlo.<\/p>\n\n\n\n<figure class=\"wp-block-image\"><img decoding=\"async\" src=\"https:\/\/www.larazon.es\/resizer\/J3wGMgzIriG0MdZxSvwo-JT2kvA=\/840x0\/smart\/filters:format(jpg)\/cloudfront-eu-central-1.images.arcpublishing.com\/larazon\/S3U2R7YW6NFHLJSTEDYPNSK3GI.jpg\" alt=\"Ilustraci\u00f3n de las ramas de la Commiphora Myrra. Tiene espinas para mantener mejor la humedad.\"\/><figcaption>Ilustraci\u00f3n de las ramas de la Commiphora Myrra. Tiene espinas para mantener mejor la humedad.WIKIPEDIA<\/figcaption><\/figure>\n\n\n\n<h4 class=\"wp-block-heading\">Un regalo que no caduca<\/h4>\n\n\n\n<p>A lo largo de los siguientes siglos, la mirra aparece de manera recurrente entre los tratamientos farmacol\u00f3gicos naturales. Si algo aparece durante tanto tiempo, debe ser porque tiene propiedades farmacol\u00f3gicas que se puedan aprovechar. Esto hizo que durante el siglo XX, diferentes investigadores analizaran la composici\u00f3n de la mirra para comprobar su efectividad real, buscando nuevos principios activos que usar como medicamento.<\/p>\n\n\n\n<p>Y es que la mirra no es realmente un \u00fanico compuesto qu\u00edmico, sino una amalgama de 33 compuestos diferentes, cada uno con sus propias propiedades. Al experimentar por separado con cada uno de ellos, se han identificado varias mol\u00e9culas que tienen propiedades anest\u00e9sicas, antiinflamatorias o antibi\u00f3ticas, confirmando el uso medicinal de la mirra desde \u00e9poca antigua.<\/p>\n\n\n\n<p>Estos resultados no solo tuvieron valor hist\u00f3rico, sino m\u00e9dico. En la farmacia podemos encontrar antiinflamatorios y relajantes cuyo principio activo son mol\u00e9culas escondidas en la mirra, en dosis mayores para mejorar su efectividad y evitar efectos secundarios. Adem\u00e1s, estas mol\u00e9culas son generadas de manera artificial, evitando depender de la mirra pura, dif\u00edcil de obtener.<\/p>\n\n\n\n<p>De la mirra tambi\u00e9n se aislaron mol\u00e9culas arom\u00e1ticas, y su uso en perfumes y ambientadores sigue activo en la actualidad. Puede ser encontrado en colonias, desodorantes, algunos champ\u00fas, enjuagues bucales y pastas de dientes. En estos dos \u00faltimos casos, no solo se aprovechan las mol\u00e9culas capaces de retener el olor, sino tambi\u00e9n mol\u00e9culas antis\u00e9pticas que atacan las bacterias de nuestra boca que provocan las caries.<\/p>\n\n\n\n<p>Aunque la mirra siga entre nosotros, los historiadores a\u00fan debaten sobre qu\u00e9 significa el regalo de Baltasar. Muchos creen que la mirra fue regalada en calidad de f\u00e1rmaco, como recordatorio de la naturaleza humana de Jes\u00fas. Una manera de indicar que, aunque fuera alguien divino, deb\u00eda seguir manteniendo los pies en la tierra. \u00bfQu\u00e9 mejor regalo puede haber al preocuparte por la salud de alguien que el medicamento m\u00e1s vers\u00e1til de la \u00e9poca?<\/p>\n\n\n\n<h3 class=\"wp-block-heading\">QUE NO TE LA CUELEN:<\/h3>\n\n\n\n<ul class=\"wp-block-list\"><li>Muchos principios activos de medicamentos actuales proceden de la naturaleza, de diferentes plantas medicinales que se llevan usando desde hace siglos. Sin embargo, en el medicamento se potencia el efecto medicinal, ya que el f\u00e1rmaco tiene s\u00f3lo las mol\u00e9culas efectivas y en una dosis mayor. Si nos queremos curar tomando la propia planta, el efecto suele ser menor y tener efectos secundarios debido a las otras mol\u00e9culas que tambi\u00e9n tiene la planta.<\/li><li>Al igual que se ha podido confirmar efectos positivos en la mirra y que ha dado lugar a aislar principios activos importantes, tambi\u00e9n existen otros efectos atribuidos a la mirra y que no se ha encontrado una base cient\u00edfica real. Por ejemplo, la mirra se usaba tambi\u00e9n para enfermedades cardiacas, y no se ha llegado a hallar un efecto cl\u00ednico claro con ninguna de sus mol\u00e9culas, m\u00e1s all\u00e1 del efecto sedante.<\/li><\/ul>\n\n\n\n<h3 class=\"wp-block-heading\">REFERENCIAS:<\/h3>\n\n\n\n<ul class=\"wp-block-list\"><li><a rel=\"noreferrer noopener\" href=\"https:\/\/www.longdom.org\/open-access\/biological-activities-and-valuable-compounds-from-five-medicinal-plants-2329-6836-1000220.pdf\" target=\"_blank\">Getasetegn, Million, and Yirefu Tefera. \u201cBiological Activities and Valuable Compounds from Five Medicinal Plants.\u201d\u00a0<em>Nat Prod Chem Res<\/em>, vol. 4, no. 4, 2016<\/a><\/li><li><a rel=\"noreferrer noopener\" href=\"https:\/\/pubmed.ncbi.nlm.nih.gov\/16170385\/\" target=\"_blank\">Hanus, Lum\u00edr O., et al. \u201cMyrrh&#8211;Commiphora Chemistry.\u201d\u00a0<em>Biomedical Papers of the Medical Faculty of the University Palack\u00fd, Olomouc, Czechoslovakia<\/em>, vol. 149, no. 1, Biomed Pap Med Fac Univ Palacky Olomouc Czech Repub, 2005<\/a><\/li><\/ul>\n\n\n\n<p>Fuente: https:\/\/www.larazon.es\/ciencia\/20210105\/tojntk2zgvhbdoxujciic6hmwa.html<\/p>\n\n\n\n<p><\/p>\n","protected":false},"excerpt":{"rendered":"<p>Muchos no sabemos reconocer la mirra, pero esta resina ha permitido dise\u00f1ar nuevos f\u00e1rmacos y est\u00e1 presente en nuestros cosm\u00e9ticos [&hellip;]<\/p>\n","protected":false},"author":1,"featured_media":2994,"comment_status":"open","ping_status":"open","sticky":false,"template":"","format":"standard","meta":{"site-sidebar-layout":"default","site-content-layout":"","ast-site-content-layout":"default","site-content-style":"default","site-sidebar-style":"default","ast-global-header-display":"","ast-banner-title-visibility":"","ast-main-header-display":"","ast-hfb-above-header-display":"","ast-hfb-below-header-display":"","ast-hfb-mobile-header-display":"","site-post-title":"","ast-breadcrumbs-content":"","ast-featured-img":"","footer-sml-layout":"","theme-transparent-header-meta":"","adv-header-id-meta":"","stick-header-meta":"","header-above-stick-meta":"","header-main-stick-meta":"","header-below-stick-meta":"","astra-migrate-meta-layouts":"default","ast-page-background-enabled":"default","ast-page-background-meta":{"desktop":{"background-color":"var(--ast-global-color-4)","background-image":"","background-repeat":"repeat","background-position":"center center","background-size":"auto","background-attachment":"scroll","background-type":"","background-media":"","overlay-type":"","overlay-color":"","overlay-opacity":"","overlay-gradient":""},"tablet":{"background-color":"","background-image":"","background-repeat":"repeat","background-position":"center center","background-size":"auto","background-attachment":"scroll","background-type":"","background-media":"","overlay-type":"","overlay-color":"","overlay-opacity":"","overlay-gradient":""},"mobile":{"background-color":"","background-image":"","background-repeat":"repeat","background-position":"center center","background-size":"auto","background-attachment":"scroll","background-type":"","background-media":"","overlay-type":"","overlay-color":"","overlay-opacity":"","overlay-gradient":""}},"ast-content-background-meta":{"desktop":{"background-color":"var(--ast-global-color-5)","background-image":"","background-repeat":"repeat","background-position":"center center","background-size":"auto","background-attachment":"scroll","background-type":"","background-media":"","overlay-type":"","overlay-color":"","overlay-opacity":"","overlay-gradient":""},"tablet":{"background-color":"var(--ast-global-color-5)","background-image":"","background-repeat":"repeat","background-position":"center center","background-size":"auto","background-attachment":"scroll","background-type":"","background-media":"","overlay-type":"","overlay-color":"","overlay-opacity":"","overlay-gradient":""},"mobile":{"background-color":"var(--ast-global-color-5)","background-image":"","background-repeat":"repeat","background-position":"center center","background-size":"auto","background-attachment":"scroll","background-type":"","background-media":"","overlay-type":"","overlay-color":"","overlay-opacity":"","overlay-gradient":""}},"footnotes":""},"categories":[8],"tags":[],"class_list":["post-2993","post","type-post","status-publish","format-standard","has-post-thumbnail","hentry","category-noticias"],"_links":{"self":[{"href":"https:\/\/losperiodistas.com.mx\/portal\/wp-json\/wp\/v2\/posts\/2993","targetHints":{"allow":["GET"]}}],"collection":[{"href":"https:\/\/losperiodistas.com.mx\/portal\/wp-json\/wp\/v2\/posts"}],"about":[{"href":"https:\/\/losperiodistas.com.mx\/portal\/wp-json\/wp\/v2\/types\/post"}],"author":[{"embeddable":true,"href":"https:\/\/losperiodistas.com.mx\/portal\/wp-json\/wp\/v2\/users\/1"}],"replies":[{"embeddable":true,"href":"https:\/\/losperiodistas.com.mx\/portal\/wp-json\/wp\/v2\/comments?post=2993"}],"version-history":[{"count":1,"href":"https:\/\/losperiodistas.com.mx\/portal\/wp-json\/wp\/v2\/posts\/2993\/revisions"}],"predecessor-version":[{"id":2995,"href":"https:\/\/losperiodistas.com.mx\/portal\/wp-json\/wp\/v2\/posts\/2993\/revisions\/2995"}],"wp:featuredmedia":[{"embeddable":true,"href":"https:\/\/losperiodistas.com.mx\/portal\/wp-json\/wp\/v2\/media\/2994"}],"wp:attachment":[{"href":"https:\/\/losperiodistas.com.mx\/portal\/wp-json\/wp\/v2\/media?parent=2993"}],"wp:term":[{"taxonomy":"category","embeddable":true,"href":"https:\/\/losperiodistas.com.mx\/portal\/wp-json\/wp\/v2\/categories?post=2993"},{"taxonomy":"post_tag","embeddable":true,"href":"https:\/\/losperiodistas.com.mx\/portal\/wp-json\/wp\/v2\/tags?post=2993"}],"curies":[{"name":"wp","href":"https:\/\/api.w.org\/{rel}","templated":true}]}}