{"id":29926,"date":"2022-06-14T06:11:07","date_gmt":"2022-06-14T11:11:07","guid":{"rendered":"http:\/\/losperiodistas.com.mx\/portal\/?p=29926"},"modified":"2022-06-14T06:11:09","modified_gmt":"2022-06-14T11:11:09","slug":"si-hay-exclusion-en-morena-habra-division-dice-monreal-el-financiero","status":"publish","type":"post","link":"https:\/\/losperiodistas.com.mx\/portal\/si-hay-exclusion-en-morena-habra-division-dice-monreal-el-financiero\/","title":{"rendered":"\u2018Si hay exclusi\u00f3n en Morena, habr\u00e1 divisi\u00f3n\u2019, dice Monreal | El Financiero"},"content":{"rendered":"\n<p><em>El l\u00edder guinda en el Senado no denunciar\u00e1 porque quiere \u2018llevar la fiesta en paz\u2019.<\/em><\/p>\n\n\n\n<p><\/p>\n\n\n\n<figure class=\"wp-block-image size-full\"><img fetchpriority=\"high\" decoding=\"async\" width=\"800\" height=\"470\" src=\"https:\/\/losperiodistas.com.mx\/portal\/wp-content\/uploads\/2022\/06\/3GTGJLP6KFCDPISVR26V6YU22U.jpeg\" alt=\"\" class=\"wp-image-29927\" srcset=\"https:\/\/losperiodistas.com.mx\/portal\/wp-content\/uploads\/2022\/06\/3GTGJLP6KFCDPISVR26V6YU22U.jpeg 800w, https:\/\/losperiodistas.com.mx\/portal\/wp-content\/uploads\/2022\/06\/3GTGJLP6KFCDPISVR26V6YU22U-300x176.jpeg 300w, https:\/\/losperiodistas.com.mx\/portal\/wp-content\/uploads\/2022\/06\/3GTGJLP6KFCDPISVR26V6YU22U-768x451.jpeg 768w\" sizes=\"(max-width: 800px) 100vw, 800px\" \/><figcaption><strong>Ricardo Monreal\u00a0<\/strong>Los senadores Miguel \u00c1ngel Mancera, Ricardo Monreal y Miguel \u00c1ngel Osorio Chong, en la C\u00e1mara alta.\u00a0(ESPECIAL)<\/figcaption><\/figure>\n\n\n\n<p><\/p>\n\n\n\n<p class=\"has-vivid-cyan-blue-color has-text-color has-medium-font-size\">V\u00cdCTOR CH\u00c1VEZ \/ EDUARDO ORTEGA \/ EL FINANCIERO<\/p>\n\n\n\n<p>La movilizaci\u00f3n de&nbsp;<a href=\"https:\/\/www.elfinanciero.com.mx\/nacional\/2022\/06\/12\/rumbo-a-2024-morena-comenzara-encuestas-para-seleccionar-candidato-presidencial-dentro-de-un-ano\/\" target=\"_blank\" rel=\"noreferrer noopener\"><strong>Morena<\/strong>&nbsp;<strong>rumbo a 2024<\/strong><\/a>, realizada el domingo pasado en&nbsp;<strong>Toluca, Estado de M\u00e9xico<\/strong>, es un acto anticipado de campa\u00f1a realizado con recursos p\u00fablicos y, adem\u00e1s, est\u00e1 prohibido que los servidores p\u00fablicos hagan campa\u00f1a, asever\u00f3 el senador&nbsp;<strong>Ricardo Monreal,<\/strong>&nbsp;quien advirti\u00f3 que, si en el partido hay exclusi\u00f3n, habr\u00e1 divisi\u00f3n.<\/p>\n\n\n\n<p>\u201cHay jurisprudencia de que no basta con que pidas permiso o pidas que se te exente el pago del d\u00eda, o que te descuenten; no, la funci\u00f3n no tiene descanso, todos son d\u00edas en los que no te puedes quitar la camiseta por la noche y pon\u00e9rtela en la ma\u00f1ana, eso no se puede. Esa es la naturaleza jur\u00eddica de la definici\u00f3n de servidor p\u00fablico\u201d, afirm\u00f3.<\/p>\n\n\n\n<p>De acuerdo con el&nbsp;<strong>legislador zacatecano<\/strong>, nadie puede negar que&nbsp;<strong>el acto del domingo representa un acto anticipado<\/strong>&nbsp;<strong>de campa\u00f1a<\/strong>: \u201cS\u00ed hay promoci\u00f3n anticipada; yo vi ayer (el domingo) camiones, espectaculares, letreros, playeras, todo un operativo, que nadie puede negar que sean actos anticipados de campa\u00f1a\u201d.<\/p>\n\n\n\n<p>No obstante, dijo que no denunciar\u00e1 a nadie porque quiere \u201cllevar la fiesta en paz\u201d con sus correligionarios, pero, anot\u00f3, si llega a haber una denuncia ser\u00e1 el \u00f3rgano electoral quien califique y determine, y el \u00f3rgano jurisdiccional quien confirme o modifique.<\/p>\n\n\n\n<p>El presidente de la Junta de Coordinaci\u00f3n Pol\u00edtica del Senado anticip\u00f3, en rueda de prensa, que&nbsp;<strong>los siguientes meses \u201cser\u00e1n dif\u00edciles y de constantes enfrentamientos entre unos y otros (en Morena)<\/strong>\u201d, porque \u201ces una mala idea enfrentar a los militantes con tanto tiempo de anticipaci\u00f3n\u201d.<\/p>\n\n\n\n<p>\u201cSi se generan facciones en el partido, pues va a terminar mal, si hay exclusi\u00f3n en el partido, pues habr\u00e1 divisi\u00f3n al final, aunque se simule y aunque se lleven miles y miles de personas a actos que previamente fueron seleccionados por los aspirantes\u201d, agreg\u00f3.<\/p>\n\n\n\n<p><strong>Monreal refiri\u00f3 que no lo invitaron al \u201cdesayuno de la unidad<\/strong>\u201d que fue previo al acto masivo realizado en Toluca el domingo; no obstante, inform\u00f3, el dirigente nacional de Morena,&nbsp;<strong>Mario Delgado<\/strong>, se comunic\u00f3 con \u00e9l para invitar, por conducto suyo, a todos los integrantes de la bancada de Morena en el Senado, pero a \u00e9l, en espec\u00edfico, no lo invitaron para que estuviera en el templete.<\/p>\n\n\n\n<p>\u201cEs un timbre de orgullo que me excluyan\u201d, solt\u00f3 el legislador, quien se\u00f1al\u00f3 que la Ley General de Instituciones y Procedimientos Electorales establece que los actos anticipados de campa\u00f1a pueden sancionarse hasta con la p\u00e9rdida del derecho a registrarse como candidato presidencial.<\/p>\n\n\n\n<p>Pese a su exclusi\u00f3n, refrend\u00f3 su intenci\u00f3n de participar en el proceso interno de Morena para obtener la candidatura a la Presidencia de 2024, por lo que, subray\u00f3, insistir\u00e1 en que se fijen reglas claras en la contienda,\u00a0<strong>sin favoritismos<\/strong>, para que sea la poblaci\u00f3n la que decida.<\/p>\n\n\n\n<p>\u201cAspiro a ser candidato, porque quiero que se d\u00e9 paso a una sociedad sin odio y sin rencor. Lo he dicho con todas sus letras, aspiro a ser el presidente de la reconciliaci\u00f3n nacional\u201d, a\u00f1adi\u00f3.<\/p>\n\n\n\n<p>La vicecoordinadora morenista en la C\u00e1mara de Diputados, Aleida Alavez Ruiz, consider\u00f3 que Monreal no debe \u201cdesprenderse\u201d de Morena, se debe \u201ctransitar de manera conjunta\u201d, porque entre los hoy&nbsp;<strong>presidenciables<\/strong>&nbsp;del partido \u201cnadie vale m\u00e1s ni vale menos\u201d.<\/p>\n\n\n\n<p>\u201cEs un pol\u00edtico muy experimentado y yo creo que podr\u00edamos transitar de manera conjunta. No entiendo por qu\u00e9 no asisti\u00f3 al evento de Toluca; a m\u00ed me hubiera gustado que estuviera, es respetable su opini\u00f3n, pero el llamado es a la unidad, no a los desprendimientos\u201d, coment\u00f3 la legisladora federal.<\/p>\n\n\n\n<p>Fuente: https:\/\/www.elfinanciero.com.mx\/nacional\/2022\/06\/14\/si-hay-exclusion-en-morena-habra-division-advierte-monreal\/<\/p>\n","protected":false},"excerpt":{"rendered":"<p>El l\u00edder guinda en el Senado no denunciar\u00e1 porque quiere \u2018llevar la fiesta en paz\u2019. V\u00cdCTOR CH\u00c1VEZ \/ EDUARDO ORTEGA [&hellip;]<\/p>\n","protected":false},"author":1,"featured_media":29927,"comment_status":"open","ping_status":"open","sticky":false,"template":"","format":"standard","meta":{"site-sidebar-layout":"default","site-content-layout":"","ast-site-content-layout":"default","site-content-style":"default","site-sidebar-style":"default","ast-global-header-display":"","ast-banner-title-visibility":"","ast-main-header-display":"","ast-hfb-above-header-display":"","ast-hfb-below-header-display":"","ast-hfb-mobile-header-display":"","site-post-title":"","ast-breadcrumbs-content":"","ast-featured-img":"","footer-sml-layout":"","theme-transparent-header-meta":"","adv-header-id-meta":"","stick-header-meta":"","header-above-stick-meta":"","header-main-stick-meta":"","header-below-stick-meta":"","astra-migrate-meta-layouts":"default","ast-page-background-enabled":"default","ast-page-background-meta":{"desktop":{"background-color":"var(--ast-global-color-4)","background-image":"","background-repeat":"repeat","background-position":"center center","background-size":"auto","background-attachment":"scroll","background-type":"","background-media":"","overlay-type":"","overlay-color":"","overlay-opacity":"","overlay-gradient":""},"tablet":{"background-color":"","background-image":"","background-repeat":"repeat","background-position":"center center","background-size":"auto","background-attachment":"scroll","background-type":"","background-media":"","overlay-type":"","overlay-color":"","overlay-opacity":"","overlay-gradient":""},"mobile":{"background-color":"","background-image":"","background-repeat":"repeat","background-position":"center center","background-size":"auto","background-attachment":"scroll","background-type":"","background-media":"","overlay-type":"","overlay-color":"","overlay-opacity":"","overlay-gradient":""}},"ast-content-background-meta":{"desktop":{"background-color":"var(--ast-global-color-5)","background-image":"","background-repeat":"repeat","background-position":"center center","background-size":"auto","background-attachment":"scroll","background-type":"","background-media":"","overlay-type":"","overlay-color":"","overlay-opacity":"","overlay-gradient":""},"tablet":{"background-color":"var(--ast-global-color-5)","background-image":"","background-repeat":"repeat","background-position":"center center","background-size":"auto","background-attachment":"scroll","background-type":"","background-media":"","overlay-type":"","overlay-color":"","overlay-opacity":"","overlay-gradient":""},"mobile":{"background-color":"var(--ast-global-color-5)","background-image":"","background-repeat":"repeat","background-position":"center center","background-size":"auto","background-attachment":"scroll","background-type":"","background-media":"","overlay-type":"","overlay-color":"","overlay-opacity":"","overlay-gradient":""}},"footnotes":""},"categories":[8],"tags":[10764,2098],"class_list":["post-29926","post","type-post","status-publish","format-standard","has-post-thumbnail","hentry","category-noticias","tag-morena-2024","tag-ricardo-monreal"],"_links":{"self":[{"href":"https:\/\/losperiodistas.com.mx\/portal\/wp-json\/wp\/v2\/posts\/29926","targetHints":{"allow":["GET"]}}],"collection":[{"href":"https:\/\/losperiodistas.com.mx\/portal\/wp-json\/wp\/v2\/posts"}],"about":[{"href":"https:\/\/losperiodistas.com.mx\/portal\/wp-json\/wp\/v2\/types\/post"}],"author":[{"embeddable":true,"href":"https:\/\/losperiodistas.com.mx\/portal\/wp-json\/wp\/v2\/users\/1"}],"replies":[{"embeddable":true,"href":"https:\/\/losperiodistas.com.mx\/portal\/wp-json\/wp\/v2\/comments?post=29926"}],"version-history":[{"count":1,"href":"https:\/\/losperiodistas.com.mx\/portal\/wp-json\/wp\/v2\/posts\/29926\/revisions"}],"predecessor-version":[{"id":29928,"href":"https:\/\/losperiodistas.com.mx\/portal\/wp-json\/wp\/v2\/posts\/29926\/revisions\/29928"}],"wp:featuredmedia":[{"embeddable":true,"href":"https:\/\/losperiodistas.com.mx\/portal\/wp-json\/wp\/v2\/media\/29927"}],"wp:attachment":[{"href":"https:\/\/losperiodistas.com.mx\/portal\/wp-json\/wp\/v2\/media?parent=29926"}],"wp:term":[{"taxonomy":"category","embeddable":true,"href":"https:\/\/losperiodistas.com.mx\/portal\/wp-json\/wp\/v2\/categories?post=29926"},{"taxonomy":"post_tag","embeddable":true,"href":"https:\/\/losperiodistas.com.mx\/portal\/wp-json\/wp\/v2\/tags?post=29926"}],"curies":[{"name":"wp","href":"https:\/\/api.w.org\/{rel}","templated":true}]}}