{"id":29921,"date":"2022-06-14T05:52:59","date_gmt":"2022-06-14T10:52:59","guid":{"rendered":"http:\/\/losperiodistas.com.mx\/portal\/?p=29921"},"modified":"2022-06-14T05:59:20","modified_gmt":"2022-06-14T10:59:20","slug":"suman-con-amlo-55-articulos-de-la-carta-magna-reformados-el-economista","status":"publish","type":"post","link":"https:\/\/losperiodistas.com.mx\/portal\/suman-con-amlo-55-articulos-de-la-carta-magna-reformados-el-economista\/","title":{"rendered":"Suman con AMLO 55 art\u00edculos de la Carta Magna reformados | El Economista"},"content":{"rendered":"\n<p><em>En el periodo similar del sexenio de Enrique Pe\u00f1a Nieto, seg\u00fan el seguimiento que lleva la C\u00e1mara de Diputados del tema, se hab\u00edan reformado unos 70 art\u00edculos de la Constituci\u00f3n.<\/em><\/p>\n\n\n\n<figure class=\"wp-block-image size-large\"><img fetchpriority=\"high\" decoding=\"async\" width=\"1024\" height=\"614\" src=\"https:\/\/losperiodistas.com.mx\/portal\/wp-content\/uploads\/2022\/06\/diputados_ingresos_3.jpg_1147515590-1024x614.jpg\" alt=\"\" class=\"wp-image-29924\" srcset=\"https:\/\/losperiodistas.com.mx\/portal\/wp-content\/uploads\/2022\/06\/diputados_ingresos_3.jpg_1147515590-1024x614.jpg 1024w, https:\/\/losperiodistas.com.mx\/portal\/wp-content\/uploads\/2022\/06\/diputados_ingresos_3.jpg_1147515590-300x180.jpg 300w, https:\/\/losperiodistas.com.mx\/portal\/wp-content\/uploads\/2022\/06\/diputados_ingresos_3.jpg_1147515590-768x461.jpg 768w, https:\/\/losperiodistas.com.mx\/portal\/wp-content\/uploads\/2022\/06\/diputados_ingresos_3.jpg_1147515590.jpg 1120w\" sizes=\"(max-width: 1024px) 100vw, 1024px\" \/><\/figure>\n\n\n\n<p><\/p>\n\n\n\n<p><\/p>\n\n\n\n<p class=\"has-vivid-cyan-blue-color has-text-color has-medium-font-size\">MARITZA P\u00c9REZ \/ EL ECONOMISTA<\/p>\n\n\n\n<p>El presidente Andr\u00e9s Manuel L\u00f3pez Obrador, de la mano de Morena, PVEM y el PT, ha impulsado en lo que va su mandato 25 reformas constitucionales.<\/p>\n\n\n\n<p>En lo que va del mandato de AMLO suman, en esas reformas, 55 art\u00edculos de la Carta Magna modificados, seg\u00fan el seguimiento que lleva del tema la C\u00e1mara de Diputados.<\/p>\n\n\n\n<p>Para el periodo similar de Enrique Pe\u00f1a Nieto, se hab\u00edan reformado unos 70 art\u00edculos.<\/p>\n\n\n\n<p>A pocos d\u00edas de llegar al poder y tal como lo hab\u00eda prometido en campa\u00f1a, el 13 de diciembre de 2018 el mandatario present\u00f3 su primera iniciativa de reforma constitucional en materia Educativa, y con la cual derog\u00f3 las normativas realizadas por su antecesor.<\/p>\n\n\n\n<p>En agosto de 2019, el mandatario mandar\u00eda al Congreso otra iniciativa de reforma para imposibilitar la condonaci\u00f3n de contribuciones a los deudores fiscales, a fin de inhibir tratos preferenciales a las empresas.<\/p>\n\n\n\n<p>Posteriormente, en noviembre de 2019 propuso las m\u00e1s importantes de sus reformas: Crear la Secretar\u00eda de Bienestar y plasmar en la constituci\u00f3n la pensi\u00f3n para adultos mayores y personas con discapacidad, as\u00ed como las becas para los estudiantes de todos los niveles escolares en familias en condiciones de pobreza.<\/p>\n\n\n\n<p>Para febrero de 2020, L\u00f3pez Obrador envi\u00f3 al Congreso una reforma a los art\u00edculos 108 y 111 de la Constituci\u00f3n con el fin ampliar las causales por las que se puede eliminar el fuero al presidente de la Rep\u00fablica, incluida la traici\u00f3n a la patria, hechos de corrupci\u00f3n, delitos electorales y todos aquellos delitos por los que podr\u00eda ser juzgado cualquier ciudadano com\u00fan.<\/p>\n\n\n\n<p>Tan s\u00f3lo dos d\u00edas despu\u00e9s, tambi\u00e9n remiti\u00f3 una iniciativa de reforma para fortalecer al Poder Judicial Federal.<\/p>\n\n\n\n<p>Con lo anterior, hasta la fecha, se han promulgado cinco reformas constitucionales a propuesta del presidente.<\/p>\n\n\n\n<h2 class=\"wp-block-heading\">Iniciativas de partidos<\/h2>\n\n\n\n<p>En el Congreso de la Uni\u00f3n, las y los legisladores de Morena y sus aliados (PVEM y PT) integrantes de la LXIV Legislatura, lograron impulsar 20 modificaciones a la Constituci\u00f3n.<\/p>\n\n\n\n<p>De estas reformas constitucionales, destacan la creaci\u00f3n de la Guardia Nacional, la ampliaci\u00f3n de delitos merecedores de prisi\u00f3n preventiva, entre ellos el robo de hidrocarburos, actos de corrupci\u00f3n y delitos electorales.<\/p>\n\n\n\n<p>El establecer el procesos de Revocaci\u00f3n de Mandato, las consultas populares, adem\u00e1s de plantear las bases para garantizar la paridad de g\u00e9nero a lo largo de los tres poderes de la Uni\u00f3n.<\/p>\n\n\n\n<p>Asimismo, se plasm\u00f3 en la Constituci\u00f3n el reconocimiento de las personas afrodescendientes, la eliminaci\u00f3n de las llamadas partidas secretas en el PEF y establecer que los servicios de seguridad privada ser\u00e1n auxiliares de la seguridad p\u00fablica en las entidades federativas y municipios en emergencia o desastres.<\/p>\n\n\n\n<h2 class=\"wp-block-heading\">Oposici\u00f3n<\/h2>\n\n\n\n<p>Tras la conformaci\u00f3n de la alianza Va por M\u00e9xico, en septiembre del 2021, no se ha aprobado ninguna reforma constitucional en el Congreso e incluso, el mandatario mexicano sufri\u00f3 un rev\u00e9s con el rechazo de su reforma en materia el\u00e9ctrica.<\/p>\n\n\n\n<p>Mientras que se mantienen en vilo dos grandes proyectos legislativos: una reforma electoral, para disminuir el financiamiento p\u00fablico a los partidos y reducir el n\u00famero de legisladores federales.<\/p>\n\n\n\n<p>Adem\u00e1s de una reforma constitucional a la Guardia Nacional, para que sus labores sean integradas al Ej\u00e9rcito. (Con informaci\u00f3n de Redacci\u00f3n)<\/p>\n\n\n\n<p><a href=\"mailto:maritza.perez@eleconomista.mx\">maritza.perez@eleconomista.mx<\/a><\/p>\n\n\n\n<p>Fuente: https:\/\/www.eleconomista.com.mx\/politica\/Suman-con-AMLO-55-articulos-de-la-Carta-Magna-reformados-20220614-0010.html<\/p>\n","protected":false},"excerpt":{"rendered":"<p>En el periodo similar del sexenio de Enrique Pe\u00f1a Nieto, seg\u00fan el seguimiento que lleva la C\u00e1mara de Diputados del [&hellip;]<\/p>\n","protected":false},"author":1,"featured_media":29924,"comment_status":"open","ping_status":"open","sticky":false,"template":"","format":"standard","meta":{"site-sidebar-layout":"default","site-content-layout":"","ast-site-content-layout":"default","site-content-style":"default","site-sidebar-style":"default","ast-global-header-display":"","ast-banner-title-visibility":"","ast-main-header-display":"","ast-hfb-above-header-display":"","ast-hfb-below-header-display":"","ast-hfb-mobile-header-display":"","site-post-title":"","ast-breadcrumbs-content":"","ast-featured-img":"","footer-sml-layout":"","theme-transparent-header-meta":"","adv-header-id-meta":"","stick-header-meta":"","header-above-stick-meta":"","header-main-stick-meta":"","header-below-stick-meta":"","astra-migrate-meta-layouts":"default","ast-page-background-enabled":"default","ast-page-background-meta":{"desktop":{"background-color":"var(--ast-global-color-4)","background-image":"","background-repeat":"repeat","background-position":"center center","background-size":"auto","background-attachment":"scroll","background-type":"","background-media":"","overlay-type":"","overlay-color":"","overlay-opacity":"","overlay-gradient":""},"tablet":{"background-color":"","background-image":"","background-repeat":"repeat","background-position":"center center","background-size":"auto","background-attachment":"scroll","background-type":"","background-media":"","overlay-type":"","overlay-color":"","overlay-opacity":"","overlay-gradient":""},"mobile":{"background-color":"","background-image":"","background-repeat":"repeat","background-position":"center center","background-size":"auto","background-attachment":"scroll","background-type":"","background-media":"","overlay-type":"","overlay-color":"","overlay-opacity":"","overlay-gradient":""}},"ast-content-background-meta":{"desktop":{"background-color":"var(--ast-global-color-5)","background-image":"","background-repeat":"repeat","background-position":"center center","background-size":"auto","background-attachment":"scroll","background-type":"","background-media":"","overlay-type":"","overlay-color":"","overlay-opacity":"","overlay-gradient":""},"tablet":{"background-color":"var(--ast-global-color-5)","background-image":"","background-repeat":"repeat","background-position":"center center","background-size":"auto","background-attachment":"scroll","background-type":"","background-media":"","overlay-type":"","overlay-color":"","overlay-opacity":"","overlay-gradient":""},"mobile":{"background-color":"var(--ast-global-color-5)","background-image":"","background-repeat":"repeat","background-position":"center center","background-size":"auto","background-attachment":"scroll","background-type":"","background-media":"","overlay-type":"","overlay-color":"","overlay-opacity":"","overlay-gradient":""}},"footnotes":""},"categories":[8],"tags":[199,2601,10763],"class_list":["post-29921","post","type-post","status-publish","format-standard","has-post-thumbnail","hentry","category-noticias","tag-amlo","tag-pena-nieto","tag-reformas-constitucionales"],"_links":{"self":[{"href":"https:\/\/losperiodistas.com.mx\/portal\/wp-json\/wp\/v2\/posts\/29921","targetHints":{"allow":["GET"]}}],"collection":[{"href":"https:\/\/losperiodistas.com.mx\/portal\/wp-json\/wp\/v2\/posts"}],"about":[{"href":"https:\/\/losperiodistas.com.mx\/portal\/wp-json\/wp\/v2\/types\/post"}],"author":[{"embeddable":true,"href":"https:\/\/losperiodistas.com.mx\/portal\/wp-json\/wp\/v2\/users\/1"}],"replies":[{"embeddable":true,"href":"https:\/\/losperiodistas.com.mx\/portal\/wp-json\/wp\/v2\/comments?post=29921"}],"version-history":[{"count":1,"href":"https:\/\/losperiodistas.com.mx\/portal\/wp-json\/wp\/v2\/posts\/29921\/revisions"}],"predecessor-version":[{"id":29925,"href":"https:\/\/losperiodistas.com.mx\/portal\/wp-json\/wp\/v2\/posts\/29921\/revisions\/29925"}],"wp:featuredmedia":[{"embeddable":true,"href":"https:\/\/losperiodistas.com.mx\/portal\/wp-json\/wp\/v2\/media\/29924"}],"wp:attachment":[{"href":"https:\/\/losperiodistas.com.mx\/portal\/wp-json\/wp\/v2\/media?parent=29921"}],"wp:term":[{"taxonomy":"category","embeddable":true,"href":"https:\/\/losperiodistas.com.mx\/portal\/wp-json\/wp\/v2\/categories?post=29921"},{"taxonomy":"post_tag","embeddable":true,"href":"https:\/\/losperiodistas.com.mx\/portal\/wp-json\/wp\/v2\/tags?post=29921"}],"curies":[{"name":"wp","href":"https:\/\/api.w.org\/{rel}","templated":true}]}}