{"id":29918,"date":"2022-06-14T05:54:34","date_gmt":"2022-06-14T10:54:34","guid":{"rendered":"http:\/\/losperiodistas.com.mx\/portal\/?p=29918"},"modified":"2022-06-14T05:54:36","modified_gmt":"2022-06-14T10:54:36","slug":"munoz-ledo-pidio-al-ine-y-a-la-uif-terminar-con-narcoelecciones-en-mexico-infobae","status":"publish","type":"post","link":"https:\/\/losperiodistas.com.mx\/portal\/munoz-ledo-pidio-al-ine-y-a-la-uif-terminar-con-narcoelecciones-en-mexico-infobae\/","title":{"rendered":"Mu\u00f1oz Ledo pidi\u00f3 al INE y a la UIF terminar con \u201cnarcoelecciones\u201d en M\u00e9xico | Infobae"},"content":{"rendered":"\n<p><em>En d\u00edas anteriores, el pol\u00edtico arremeti\u00f3 contra AMLO al asegurar que en M\u00e9xico hab\u00eda un \u201cnarco gobierno\u201d<\/em><\/p>\n\n\n\n<p><\/p>\n\n\n\n<figure class=\"wp-block-image size-large\"><img fetchpriority=\"high\" decoding=\"async\" width=\"1024\" height=\"683\" src=\"https:\/\/losperiodistas.com.mx\/portal\/wp-content\/uploads\/2022\/06\/PHD2NG4PXZGIVBZOAKWBLT6GEI-1024x683.jpg\" alt=\"\" class=\"wp-image-29919\" srcset=\"https:\/\/losperiodistas.com.mx\/portal\/wp-content\/uploads\/2022\/06\/PHD2NG4PXZGIVBZOAKWBLT6GEI-1024x683.jpg 1024w, https:\/\/losperiodistas.com.mx\/portal\/wp-content\/uploads\/2022\/06\/PHD2NG4PXZGIVBZOAKWBLT6GEI-300x200.jpg 300w, https:\/\/losperiodistas.com.mx\/portal\/wp-content\/uploads\/2022\/06\/PHD2NG4PXZGIVBZOAKWBLT6GEI-768x512.jpg 768w, https:\/\/losperiodistas.com.mx\/portal\/wp-content\/uploads\/2022\/06\/PHD2NG4PXZGIVBZOAKWBLT6GEI.jpg 1440w\" sizes=\"(max-width: 1024px) 100vw, 1024px\" \/><figcaption>Porfirio Mu\u00f1oz Ledo, ex presidente de la C\u00e1mara de Diputados (FOTO: GRACIELA L\u00d3PEZ \/CUARTOSCURO.COM)<\/figcaption><\/figure>\n\n\n\n<p class=\"has-vivid-cyan-blue-color has-text-color has-medium-font-size\">INFOBAE<\/p>\n\n\n\n<p>Por medio de un escrito dirigido a cada dependencia, el ex presidente de la C\u00e1mara de Diputados&nbsp;<strong>pidi\u00f3 que se cumplimenten las investigaciones mandatadas por el Tribunal Electoral del Poder Judicial de la Federaci\u00f3n (TEPJF),&nbsp;<\/strong>luego de que el pol\u00edtico asegur\u00f3 que en las elecciones internas para presidir al&nbsp;<strong>Movimiento de Regeneraci\u00f3n Nacional (Morena)<\/strong>&nbsp;en 2021, se utilizaron recursos de procedencia il\u00edcita en su contra.<\/p>\n\n\n\n<p>\u201cLa circulaci\u00f3n de dinero il\u00edcito en las elecciones fue probado desde 2021, cuando fue usado en contra de mi candidatura en los comicios internos de Morena. Es un asunto de Estado y no una querella personal corresponde al INE y a la UIF\u201d, public\u00f3 a trav\u00e9s de su cuenta de Twitter.<img decoding=\"async\" alt=\"Pablo G\u00f3mez, titular de la UIF y Lorenzo C\u00f3rdova, consejero presidente del INE (Fotos: Twitter\/@PabloGomez1968 \/\/ EFE\/S\u00e1shenka Guti\u00e9rrez)\" height=\"1080\" width=\"1920\" class=\"\" src=\"https:\/\/cloudfront-us-east-1.images.arcpublishing.com\/infobae\/36JOYOXFFRHK5HLINV5BGKUAA4.jpg\" srcset=\"https:\/\/www.infobae.com\/new-resizer\/suxh4jvZ8-Y09H-cLYjgcRd5bxY=\/420x236\/filters:format(webp):quality(85)\/cloudfront-us-east-1.images.arcpublishing.com\/infobae\/36JOYOXFFRHK5HLINV5BGKUAA4.jpg 420w,https:\/\/www.infobae.com\/new-resizer\/7IgoUoQlW6ramijQG-GG1vl2yVM=\/768x432\/filters:format(webp):quality(85)\/cloudfront-us-east-1.images.arcpublishing.com\/infobae\/36JOYOXFFRHK5HLINV5BGKUAA4.jpg 768w,https:\/\/www.infobae.com\/new-resizer\/rfSxsdJm39z8tdjQkPSVQKZU2RM=\/992x558\/filters:format(webp):quality(85)\/cloudfront-us-east-1.images.arcpublishing.com\/infobae\/36JOYOXFFRHK5HLINV5BGKUAA4.jpg 992w,https:\/\/www.infobae.com\/new-resizer\/hXEUzJhHu9yF8gsgxrruC0ZyfsA=\/1200x675\/filters:format(webp):quality(85)\/cloudfront-us-east-1.images.arcpublishing.com\/infobae\/36JOYOXFFRHK5HLINV5BGKUAA4.jpg 1200w,https:\/\/www.infobae.com\/new-resizer\/O4z9JNaAxSPCIu1fx29dwNZSV1k=\/1440x810\/filters:format(webp):quality(85)\/cloudfront-us-east-1.images.arcpublishing.com\/infobae\/36JOYOXFFRHK5HLINV5BGKUAA4.jpg 1440w\">Pablo G\u00f3mez, titular de la UIF y Lorenzo C\u00f3rdova, consejero presidente del INE (Fotos: Twitter\/@PabloGomez1968 \/\/ EFE\/S\u00e1shenka Guti\u00e9rrez)<\/p>\n\n\n\n<p>Por medio de una misiva dirigida a Pablo G\u00f3mez, titular de la UIF y al consejero presidente del INE, Lorenzo C\u00f3rdova,&nbsp;<strong>Mu\u00f1oz Ledo solicit\u00f3 en calidad de ciudadano y en el ejercicio de su derecho de petici\u00f3n, que se le d\u00e9 cumplimiento<\/strong>&nbsp;\u201ccon la mayor prontitud, objetividad e imparcialidad\u201d a la investigaci\u00f3n del TEPJF.<\/p>\n\n\n\n<p>En el escrito se lee que de acuerdo con una resoluci\u00f3n emitida el pasado 25 de marzo del 2021, el Tribunal Electoral orden\u00f3 \u201cdar vista a la Unidad T\u00e9cnica de Fiscalizaci\u00f3n del&nbsp;<strong>Instituto Nacional Electoral<\/strong>&nbsp;(INE), as\u00ed como a la&nbsp;<strong>Unidad de Inteligencia Financiera<\/strong>&nbsp;(UIF), de la Secretar\u00eda de Hacienda y Cr\u00e9dito P\u00fablico\u201d respecto al \u201cuso de recursos utilizados durante la contienda por la Presidencia del Partido Pol\u00edtico Morena\u201d en dicho a\u00f1o.<\/p>\n\n\n\n<p>Por su parte, se establece que la misiva se sustenta en que ambas instituciones tienen atribuciones suficientes para \u201cllevar a cabo actividades de fiscalizaci\u00f3n de los recursos que permitan verificar si su orden deriva de actividades o actos il\u00edcitos sancionados por las normas como delitos; controversia que s\u00f3lo puede ser dirimida\u201d por las instituciones que presiden G\u00f3mez \u00c1lvarez y C\u00f3rdova Vianello.<img decoding=\"async\" alt=\"Porfirio Mu\u00f1oz Ledo junto a Andr\u00e9s Manuel L\u00f3pez Obrador (FOTO: DIEGO SIM\u00d3N S\u00c1NCHEZ \/CUARTOSCURO.COM)\" height=\"850\" width=\"1280\" class=\"\" src=\"https:\/\/cloudfront-us-east-1.images.arcpublishing.com\/infobae\/UHUBG7HNIRGU3JEXUFSRZXHBRM.jpeg\" srcset=\"https:\/\/www.infobae.com\/new-resizer\/ZUTKqdXSE9TbRjCjitmfpD41HeI=\/420x280\/filters:format(webp):quality(85)\/cloudfront-us-east-1.images.arcpublishing.com\/infobae\/UHUBG7HNIRGU3JEXUFSRZXHBRM.jpeg 420w,https:\/\/www.infobae.com\/new-resizer\/Sl-AuA9HTUV3TekqhwH6kJAtKCw=\/768x512\/filters:format(webp):quality(85)\/cloudfront-us-east-1.images.arcpublishing.com\/infobae\/UHUBG7HNIRGU3JEXUFSRZXHBRM.jpeg 768w,https:\/\/www.infobae.com\/new-resizer\/nWfHERTHmz4UBPARqh7-a1XHTWQ=\/992x661\/filters:format(webp):quality(85)\/cloudfront-us-east-1.images.arcpublishing.com\/infobae\/UHUBG7HNIRGU3JEXUFSRZXHBRM.jpeg 992w,https:\/\/www.infobae.com\/new-resizer\/DKKwRsMWv99JoiLLZmQN8Dp7RDg=\/1200x800\/filters:format(webp):quality(85)\/cloudfront-us-east-1.images.arcpublishing.com\/infobae\/UHUBG7HNIRGU3JEXUFSRZXHBRM.jpeg 1200w,https:\/\/www.infobae.com\/new-resizer\/cW8EsNAk0BHaNHs1xqNhvI3cds4=\/1440x960\/filters:format(webp):quality(85)\/cloudfront-us-east-1.images.arcpublishing.com\/infobae\/UHUBG7HNIRGU3JEXUFSRZXHBRM.jpeg 1440w\">Porfirio Mu\u00f1oz Ledo junto a Andr\u00e9s Manuel L\u00f3pez Obrador (FOTO: DIEGO SIM\u00d3N S\u00c1NCHEZ \/CUARTOSCURO.COM)<\/p>\n\n\n\n<p>Asimismo, el fundador de Partido de la Revoluci\u00f3n Democr\u00e1tica (<strong>PRD<\/strong>) afirm\u00f3 que actuar&nbsp;<strong>es una \u201cresponsabilidad ineludible<\/strong>&nbsp;que favorecer\u00e1 a la pol\u00edtica del debate cr\u00edtico sobre el presente,&nbsp;<strong>fortalecer\u00e1 el sistema electoral en M\u00e9xico y marcar\u00e1 precedente para la eliminaci\u00f3n de toda forma de uso ostentoso y abusivo de recursos ilegales<\/strong>, para beneficiarse por encima de los principios y valores democr\u00e1ticos\u201d.<\/p>\n\n\n\n<p>Finaliz\u00f3 el texto esperando respuesta de los funcionarios, al tiempo que dijo esperar que se \u201cd\u00e9 a la brevedad posible las conclusiones a que llegue sobre este delicado asunto\u201d. Por su parte, el a\u00fan miembro de Morena public\u00f3 un segundo tuit en el que incit\u00f3 a&nbsp;<strong>restaurar la Constituci\u00f3n y la ley.<\/strong><\/p>\n\n\n\n<p>En d\u00edas anteriores, durante la XL Reuni\u00f3n Plenaria de la Conferencia Permanente de Partidos Pol\u00edticos de Am\u00e9rica Latina (COPPPAL), el pol\u00edtico expres\u00f3 que \u201c<strong>Andr\u00e9s Manuel L\u00f3pez Obrador debe entender que su contubernio o alianza con el narco no es heredable<\/strong>, porque es un hecho que -en todos lados- se entiende con el que va a llegar\u201d.<img loading=\"lazy\" decoding=\"async\" alt=\"Porfirio Mu\u00f1oz Ledo asegur\u00f3 que AMLO tiene envejecimiento cerebral (Foto: Cuartoscuro)\" height=\"1632\" width=\"3264\" class=\"\" src=\"https:\/\/cloudfront-us-east-1.images.arcpublishing.com\/infobae\/Y4CN6VMP4NEPHEZIO62D5H2PPI.jpg\" srcset=\"https:\/\/www.infobae.com\/new-resizer\/ICxEIUp9465v1rsxLtTQdRJ8z-c=\/420x187\/filters:format(webp):quality(85)\/cloudfront-us-east-1.images.arcpublishing.com\/infobae\/Y4CN6VMP4NEPHEZIO62D5H2PPI.jpg 420w,https:\/\/www.infobae.com\/new-resizer\/EssQRU50Y7oiJjyS7ntKzLrIJe4=\/768x341\/filters:format(webp):quality(85)\/cloudfront-us-east-1.images.arcpublishing.com\/infobae\/Y4CN6VMP4NEPHEZIO62D5H2PPI.jpg 768w,https:\/\/www.infobae.com\/new-resizer\/a14YBw5dVYC5IdPnGc6acYdOlso=\/992x441\/filters:format(webp):quality(85)\/cloudfront-us-east-1.images.arcpublishing.com\/infobae\/Y4CN6VMP4NEPHEZIO62D5H2PPI.jpg 992w,https:\/\/www.infobae.com\/new-resizer\/V-DtcdNr9JcA6GrMwENUAPSjDCg=\/1200x533\/filters:format(webp):quality(85)\/cloudfront-us-east-1.images.arcpublishing.com\/infobae\/Y4CN6VMP4NEPHEZIO62D5H2PPI.jpg 1200w\">Porfirio Mu\u00f1oz Ledo asegur\u00f3 que AMLO tiene envejecimiento cerebral (Foto: Cuartoscuro)<\/p>\n\n\n\n<p>De igual forma, asegur\u00f3 que el narcotr\u00e1fico va a prescindir del presidente y habr\u00e1 peligro de que exija m\u00e1s a los nuevos actores pol\u00edticos que vengan.<\/p>\n\n\n\n<p>Por su parte,&nbsp;<strong>AMLO lament\u00f3 las declaraciones de Mu\u00f1oz Ledo&nbsp;<\/strong>y consider\u00f3 como \u201ccorriente y vulgar\u201d que las haya emitido en la v\u00edspera de las elecciones.&nbsp;<strong>\u201cMe conoce muy bien y se atreve a sostener que el gobierno tiene v\u00ednculos con el narco<\/strong>, sin juicio ni fundamento\u201d, expres\u00f3 el mandatario mexicano.<\/p>\n\n\n\n<p>A lo que Mu\u00f1oz Ledo respondi\u00f3 por medio de un tuit: \u201cEl presidente me descalifica pol\u00edticamente por mi edad. \u00bfEn d\u00f3nde qued\u00f3 su respeto a los adultos mayores? Se afirma en cambio que \u00e9l padece envejecimiento cerebral. Que pruebe lo contrario\u201d.<\/p>\n\n\n\n<p>Fuente: https:\/\/www.infobae.com\/america\/mexico\/2022\/06\/13\/munoz-ledo-pidio-al-ine-y-a-la-uif-terminar-con-narcoelecciones-en-mexico\/<\/p>\n","protected":false},"excerpt":{"rendered":"<p>En d\u00edas anteriores, el pol\u00edtico arremeti\u00f3 contra AMLO al asegurar que en M\u00e9xico hab\u00eda un \u201cnarco gobierno\u201d INFOBAE Por medio [&hellip;]<\/p>\n","protected":false},"author":1,"featured_media":29919,"comment_status":"open","ping_status":"open","sticky":false,"template":"","format":"standard","meta":{"site-sidebar-layout":"default","site-content-layout":"","ast-site-content-layout":"default","site-content-style":"default","site-sidebar-style":"default","ast-global-header-display":"","ast-banner-title-visibility":"","ast-main-header-display":"","ast-hfb-above-header-display":"","ast-hfb-below-header-display":"","ast-hfb-mobile-header-display":"","site-post-title":"","ast-breadcrumbs-content":"","ast-featured-img":"","footer-sml-layout":"","theme-transparent-header-meta":"","adv-header-id-meta":"","stick-header-meta":"","header-above-stick-meta":"","header-main-stick-meta":"","header-below-stick-meta":"","astra-migrate-meta-layouts":"default","ast-page-background-enabled":"default","ast-page-background-meta":{"desktop":{"background-color":"var(--ast-global-color-4)","background-image":"","background-repeat":"repeat","background-position":"center center","background-size":"auto","background-attachment":"scroll","background-type":"","background-media":"","overlay-type":"","overlay-color":"","overlay-opacity":"","overlay-gradient":""},"tablet":{"background-color":"","background-image":"","background-repeat":"repeat","background-position":"center center","background-size":"auto","background-attachment":"scroll","background-type":"","background-media":"","overlay-type":"","overlay-color":"","overlay-opacity":"","overlay-gradient":""},"mobile":{"background-color":"","background-image":"","background-repeat":"repeat","background-position":"center center","background-size":"auto","background-attachment":"scroll","background-type":"","background-media":"","overlay-type":"","overlay-color":"","overlay-opacity":"","overlay-gradient":""}},"ast-content-background-meta":{"desktop":{"background-color":"var(--ast-global-color-5)","background-image":"","background-repeat":"repeat","background-position":"center center","background-size":"auto","background-attachment":"scroll","background-type":"","background-media":"","overlay-type":"","overlay-color":"","overlay-opacity":"","overlay-gradient":""},"tablet":{"background-color":"var(--ast-global-color-5)","background-image":"","background-repeat":"repeat","background-position":"center center","background-size":"auto","background-attachment":"scroll","background-type":"","background-media":"","overlay-type":"","overlay-color":"","overlay-opacity":"","overlay-gradient":""},"mobile":{"background-color":"var(--ast-global-color-5)","background-image":"","background-repeat":"repeat","background-position":"center center","background-size":"auto","background-attachment":"scroll","background-type":"","background-media":"","overlay-type":"","overlay-color":"","overlay-opacity":"","overlay-gradient":""}},"footnotes":""},"categories":[8],"tags":[10762,10649,1100],"class_list":["post-29918","post","type-post","status-publish","format-standard","has-post-thumbnail","hentry","category-noticias","tag-narcoelecciones","tag-narcopolitica-mexico","tag-porfirio-munoz-ledo"],"_links":{"self":[{"href":"https:\/\/losperiodistas.com.mx\/portal\/wp-json\/wp\/v2\/posts\/29918","targetHints":{"allow":["GET"]}}],"collection":[{"href":"https:\/\/losperiodistas.com.mx\/portal\/wp-json\/wp\/v2\/posts"}],"about":[{"href":"https:\/\/losperiodistas.com.mx\/portal\/wp-json\/wp\/v2\/types\/post"}],"author":[{"embeddable":true,"href":"https:\/\/losperiodistas.com.mx\/portal\/wp-json\/wp\/v2\/users\/1"}],"replies":[{"embeddable":true,"href":"https:\/\/losperiodistas.com.mx\/portal\/wp-json\/wp\/v2\/comments?post=29918"}],"version-history":[{"count":1,"href":"https:\/\/losperiodistas.com.mx\/portal\/wp-json\/wp\/v2\/posts\/29918\/revisions"}],"predecessor-version":[{"id":29920,"href":"https:\/\/losperiodistas.com.mx\/portal\/wp-json\/wp\/v2\/posts\/29918\/revisions\/29920"}],"wp:featuredmedia":[{"embeddable":true,"href":"https:\/\/losperiodistas.com.mx\/portal\/wp-json\/wp\/v2\/media\/29919"}],"wp:attachment":[{"href":"https:\/\/losperiodistas.com.mx\/portal\/wp-json\/wp\/v2\/media?parent=29918"}],"wp:term":[{"taxonomy":"category","embeddable":true,"href":"https:\/\/losperiodistas.com.mx\/portal\/wp-json\/wp\/v2\/categories?post=29918"},{"taxonomy":"post_tag","embeddable":true,"href":"https:\/\/losperiodistas.com.mx\/portal\/wp-json\/wp\/v2\/tags?post=29918"}],"curies":[{"name":"wp","href":"https:\/\/api.w.org\/{rel}","templated":true}]}}