{"id":29910,"date":"2022-06-14T05:50:25","date_gmt":"2022-06-14T10:50:25","guid":{"rendered":"http:\/\/losperiodistas.com.mx\/portal\/?p=29910"},"modified":"2022-06-14T05:50:29","modified_gmt":"2022-06-14T10:50:29","slug":"contracorriente-no-soy-felipe-calderon-dice-amlo-pero-como-se-parece-dw","status":"publish","type":"post","link":"https:\/\/losperiodistas.com.mx\/portal\/contracorriente-no-soy-felipe-calderon-dice-amlo-pero-como-se-parece-dw\/","title":{"rendered":"Contracorriente | \u00abNo soy Felipe Calder\u00f3n\u00bb, dice AMLO. Pero c\u00f3mo se parece | DW"},"content":{"rendered":"\n<p><\/p>\n\n\n\n<p><em>El art\u00edculo en este espacio sobre el narcopacto electoral entre el Cartel de Sinaloa y MORENA levanto \u00e1mpula en Palacio Nacional y fue motivo de preocupaci\u00f3n en Sinaloa. Pero no solo en M\u00e9xico hay narcoacuerdos<\/em>.<\/p>\n\n\n\n<figure class=\"wp-block-image size-full\"><img fetchpriority=\"high\" decoding=\"async\" width=\"700\" height=\"394\" src=\"https:\/\/losperiodistas.com.mx\/portal\/wp-content\/uploads\/2022\/06\/62046020_303.jpeg\" alt=\"\" class=\"wp-image-29911\" srcset=\"https:\/\/losperiodistas.com.mx\/portal\/wp-content\/uploads\/2022\/06\/62046020_303.jpeg 700w, https:\/\/losperiodistas.com.mx\/portal\/wp-content\/uploads\/2022\/06\/62046020_303-300x169.jpeg 300w\" sizes=\"(max-width: 700px) 100vw, 700px\" \/><figcaption>Andr\u00e9s Manuel L\u00f3pez Obrador, presidente de M\u00e9xico<\/figcaption><\/figure>\n\n\n\n<p class=\"has-vivid-cyan-blue-color has-text-color has-medium-font-size\">ANABEL HERN\u00c1NDEZ \/ Contracorriente \/ DW<\/p>\n\n\n\n<p>\u00ab\u00bfCu\u00e1l es mi vinculaci\u00f3n con el narcotr\u00e1fico en M\u00e9xico? Yo no soy Felipe Calder\u00f3n, aunque no les guste, no s\u00f3lo a sus m\u00e1s cercanos simpatizantes, sino a muchos que votaron por \u00e9l\u201d, afirm\u00f3 el presidente de M\u00e9xico Andr\u00e9s Manuel L\u00f3pez Obrador ante los se\u00f1alamientos de miembros del partido Dem\u00f3crata y Republicano de Estados Unidos, que lo acusaron de proteger al narcotr\u00e1fico.<\/p>\n\n\n\n<p>Las afirmaciones de los congresistas se dieron luego de que AMLO se rehusara a asistir a la Cumbre de las Am\u00e9ricas en protesta porque no fueron invitados los mandatarios Daniel Ortega, de Nicaragua; Nicol\u00e1s Maduro, de Venezuela, y Cuba. Los dos primeros son se\u00f1alados por el gobierno de Estados Unidos de violaciones graves a derechos humanos y v\u00ednculos con el narcotr\u00e1fico.<\/p>\n\n\n\n<p>Y se dieron tras la publicaci\u00f3n de&nbsp;<a href=\"https:\/\/www.dw.com\/es\/el-narcopacto-electoral-entre-los-hijos-y-hermanos-de-el-chapo-con-morena\/a-62030598\">mi art\u00edculo en este espacio<\/a>&nbsp;la semana pasada: \u00abEl narcopacto electoral entre hijos y hermanos de El Chapo con MORENA\u201d, el cual caus\u00f3 profunda \u00e1mpula en Palacio Nacional y fue motivo de preocupaci\u00f3n en Sinaloa, donde se fraguaron dichos acuerdos.<\/p>\n\n\n\n<p>Se supone que, en estricto sentido, en materia ideol\u00f3gica entre AMLO y Calder\u00f3n, hay un abismo. Uno dice encabezar un movimiento de izquierda que llama Cuarta Transformaci\u00f3n, el segundo fue militante por d\u00e9cadas del Partido Acci\u00f3n Nacional de derecha, y fue candidato de ese partido en las elecciones presidenciales de 2006. AMLO acus\u00f3 a Calder\u00f3n de robarse la elecci\u00f3n y desde entonces se supone que son enemigos declarados.<\/p>\n\n\n\n<p>Pero en realidad en otros aspectos emblem\u00e1ticos y profundos ambos mandatarios se asemejan y tienen comportamientos e intereses en com\u00fan similares, m\u00e1s de lo que se piensa. Es posible que ah\u00ed est\u00e9 la respuesta de por qu\u00e9 AMLO hasta ahora no ha denunciado penalmente a Calder\u00f3n ante las instancias correspondientes como lo obliga el C\u00f3digo Federal de Procedimientos Penales que a la letra dice: \u00abQuien en ejercicio de funciones p\u00fablicas tenga conocimiento de la probable existencia de un hecho que la ley se\u00f1ale como delito, est\u00e1 obligado a denunciarlo inmediatamente al Ministerio P\u00fablico, proporcion\u00e1ndole todos los datos que tuviere\u2026Quien tenga el deber jur\u00eddico de denunciar y no lo haga, ser\u00e1 acreedor a las sanciones correspondientes\u201d.<\/p>\n\n\n\n<figure class=\"wp-block-image size-full\"><img decoding=\"async\" width=\"700\" height=\"394\" src=\"https:\/\/losperiodistas.com.mx\/portal\/wp-content\/uploads\/2022\/06\/60353826_401.jpeg\" alt=\"\" class=\"wp-image-29916\" srcset=\"https:\/\/losperiodistas.com.mx\/portal\/wp-content\/uploads\/2022\/06\/60353826_401.jpeg 700w, https:\/\/losperiodistas.com.mx\/portal\/wp-content\/uploads\/2022\/06\/60353826_401-300x169.jpeg 300w\" sizes=\"(max-width: 700px) 100vw, 700px\" \/><figcaption>Felipe Calder\u00f3n Hinojosa, expresidente de M\u00e9xico<\/figcaption><\/figure>\n\n\n\n<p>Pero AMLO no ha denunciado penalmente a Calder\u00f3n de narcotr\u00e1fico, aunque lo acusa de ello. \u00bfPor qu\u00e9?<\/p>\n\n\n\n<p>En el presente art\u00edculo mencionar\u00e9&nbsp;<strong>4 similitudes<\/strong>&nbsp;entre Calder\u00f3n y AMLO.&nbsp; Quienes a su vez tienen similitudes con los gobiernos emanados del PRI. Todos crecieron y se alimentaron del mismo sistema de abuso de poder y corrupci\u00f3n.<\/p>\n\n\n\n<p>AMLO dice que no es Calder\u00f3n, pero c\u00f3mo se parecen. No vaya siendo que termine de la misma forma.<\/p>\n\n\n\n<p><strong>Antecedentes<\/strong><\/p>\n\n\n\n<p>Sobre el ex Presidente Calder\u00f3n penden serias acusaciones de miembros del crimen organizado de haber hecho acuerdos con el narcotr\u00e1fico durante su mandato. El primero en hacer una acusaci\u00f3n puntual y expl\u00edcita fue el narcotraficante Edgar Vald\u00e9z Villarreal a trav\u00e9s de una misiva que me envi\u00f3 desde en noviembre de 2012 y la cual&nbsp; fue publicada por el peri\u00f3dico&nbsp;<em>Reforma&nbsp;<\/em>en su portada.<\/p>\n\n\n\n<p>En el juicio llevado a cabo contra el narcotraficante Joaqu\u00edn Guzm\u00e1n Loera \u00abEl Chapo\u201d, uno de los l\u00edderes del Cartel de Sinaloa, hubo se\u00f1alamientos de testigos de la Fiscal\u00eda de que Calder\u00f3n hab\u00eda recibido financiamiento de La Federaci\u00f3n en su campa\u00f1a presidencial del 2006.<\/p>\n\n\n\n<p>Hoy su ex Secretario Federal de Seguridad P\u00fablica, Genaro Garc\u00eda Luna, est\u00e1 detenido en Estados Unidos acusado de narcotr\u00e1fico y corrupci\u00f3n.<\/p>\n\n\n\n<p><strong>1. Militarizaci\u00f3n<\/strong><\/p>\n\n\n\n<p>Cuando inici\u00f3 su mandato, Calder\u00f3n hizo una supuesta declaratoria de guerra contra el narco. Para ello dio al Ejercito Mexicano la tarea de patrullajes y seguridad p\u00fablica.<\/p>\n\n\n\n<p>La salida de los cuarteles provoc\u00f3 violaciones graves a derechos humanos de los ciudadanos y tambi\u00e9n facilit\u00f3 el acceso de los carteles de la droga a los mandos militares. Si bien la complicidad entre narcotraficantes y ej\u00e9rcito es hist\u00f3rica, \u00e9sta se multiplic\u00f3 en el sexenio.<\/p>\n\n\n\n<p>Al inicio de su gobierno fue exonerado el general Mario Arturo Acosta Chaparro, quien ten\u00eda severas acusaciones de nexos con el narcotr\u00e1fico. En 2008 lo condecor\u00f3 y despu\u00e9s us\u00f3 sus contactos con los carteles de la droga.<\/p>\n\n\n\n<p>Cuando AMLO estaba en campa\u00f1a, en 2017 y 2018, dijo que iba a regresar al ej\u00e9rcito a sus cuarteles. No lo hizo. Al contrario, la militarizaci\u00f3n se extendi\u00f3 en Aduanas y en las obras p\u00fablicas m\u00e1s importantes del gobierno federal, aumentando de manera desproporcional el poder del Ej\u00e9rcito.<\/p>\n\n\n\n<p>Al inicio de su gobierno, en Estados Unidos fue detenido el ex Secretario de la Defensa Nacional Salvador Cienfuegos, acusado de narcotr\u00e1fico. La administraci\u00f3n de AMLO, en un pacto con la administraci\u00f3n de Donald Trump, consigui\u00f3 que lo repatriaran a M\u00e9xico a cambio de hacer una seria investigaci\u00f3n en su contra.<\/p>\n\n\n\n<p>Una semana de pobres pesquisas de la Fiscal\u00eda General de la Rep\u00fablica sirvieron para exonerarlo instant\u00e1neamente. Cienfuegos, al igual que Acosta Chaparro en su momento, ha sido legitimado por el gobierno de AMLO. El pol\u00e9mico militar cuya administraci\u00f3n est\u00e1 implicada en la desaparici\u00f3n de los 43 normalistas de Ayotzinapa ha sido invitado a eventos oficiales como la inauguraci\u00f3n del Aeropuerto Internacional Felipe \u00c1ngeles.<\/p>\n\n\n\n<p><strong>2. Protecci\u00f3n al Cartel de Sinaloa<\/strong><\/p>\n\n\n\n<p>La llamada guerra contra el narco de Calder\u00f3n era falsa. Su gobierno, a trav\u00e9s de Genaro Garc\u00eda Luna, Secretario de Seguridad P\u00fablica Federal y su equipo m\u00e1s cercano, daba protecci\u00f3n a La Federaci\u00f3n, integrada por el Cartel de Sinaloa, Cartel de Ju\u00e1rez y Cartel de los Beltr\u00e1n Leyva, entre otros, seg\u00fan expedientes de la FGR (antes PGR) y la acusaci\u00f3n criminal que hay en su contra en la Corte de Distrito Este de Nueva York.<\/p>\n\n\n\n<p>Los blancos prioritarios del gobierno de Calder\u00f3n, seg\u00fan los documentos internos a los que tuve acceso en su sexenio, eran los enemigos de La Federaci\u00f3n. Las mayores detenciones se concentraron en ese grupo, y aunque hubo algunas detenciones de gente del Cartel de Sinaloa, gracias al diario escrito por\u00a0 Vicente Zambada Niebla, hijo de Ismael Zambada del cual tengo copia, se puede saber que eran personas traicionadas por el propio Cartel.<\/p>\n\n\n\n<figure class=\"wp-block-image size-full\"><img decoding=\"async\" width=\"700\" height=\"394\" src=\"https:\/\/losperiodistas.com.mx\/portal\/wp-content\/uploads\/2022\/06\/53352999_401.jpeg\" alt=\"\" class=\"wp-image-29915\" srcset=\"https:\/\/losperiodistas.com.mx\/portal\/wp-content\/uploads\/2022\/06\/53352999_401.jpeg 700w, https:\/\/losperiodistas.com.mx\/portal\/wp-content\/uploads\/2022\/06\/53352999_401-300x169.jpeg 300w\" sizes=\"(max-width: 700px) 100vw, 700px\" \/><figcaption>Calder\u00f3n (der.) y su secretario de Seguridad P\u00fablica, Genaro Garc\u00eda Luna<\/figcaption><\/figure>\n\n\n\n<p>Al inicio de su mandato, AMLO dio a conocer su pol\u00edtica p\u00fablica hacia el crimen organizado:&nbsp; \u00ababrazos no balazos\u201d. En 2019 AMLO orden\u00f3 la liberaci\u00f3n del narcotraficante Ovidio Guzm\u00e1n, hijo de El Chapo, quien hab\u00eda sido eficazmente arrestado en Sinaloa por orden de extradici\u00f3n a USA.&nbsp; Su liberaci\u00f3n de hecho protege y auspicia las actividades criminales del cartel porque Ovidio es una parte operativa junto con sus hermanos \u00abLos Chapitos\u201d.<\/p>\n\n\n\n<p>Meses despu\u00e9s, en 2020 el Presidente detuvo su gira presidencial en el&nbsp; Triangulo Dorado, zona bajo control del Cartel de Sinaloa, y se encontr\u00f3 con Consuelo Loera a quien le dio un cordial saludo. Es madre de \u00abEl Chapo\u00bb y de otros tres narcotraficantes, uno de ellos Aureliano Guzm\u00e1n Loera narco activo y pr\u00f3fugo de la justicia, mejor conocido como \u00abEl Guano\u201d, con quien Morena en Sinaloa hizo un narcopacto electoral en 2021.<\/p>\n\n\n\n<p>En las elecciones del 2021, en las que MORENA result\u00f3 el partido ganador en un corredor de estados dominado mayoritariamente por el Cartel de Sinaloa, pese a las acciones de violencia e intimidaci\u00f3n contra candidatos opositores, AMLO felicit\u00f3 p\u00fablicamente a los criminales y dijo que \u00abse portaron muy bien\u201d.<\/p>\n\n\n\n<p><strong>3. B\u00fasqueda de la&nbsp;<\/strong><strong><em>Pax mafiosa<\/em><\/strong><\/p>\n\n\n\n<p>En el gobierno de Calder\u00f3n la violencia se multiplic\u00f3. Aumentaron en todo el pa\u00eds el n\u00famero de personas desaparecidas, homicidios, secuestros y extrosiones entre otros delitos.<\/p>\n\n\n\n<p>La protecci\u00f3n inicial del gobierno de Calder\u00f3n a La Federaci\u00f3n, provoc\u00f3 que los carteles de la droga contrarios, principalmente el Cartel del Golfo y su grupo armado Los Zetas, explotaran contra La Federaci\u00f3n y contra el gobierno que la proteg\u00eda.<\/p>\n\n\n\n<p>La Federaci\u00f3n se fragment\u00f3 en 2008. Rompi\u00f3 el Cartel de Sinaloa con Los Beltr\u00e1n Leyva y Ju\u00e1rez y aument\u00f3 la violencia. Calder\u00f3n encarg\u00f3 a Mouri\u00f1o enviar a Acosta Chaparro a negociar la\u00a0<em>pax mafiosa\u00a0<\/em>con los carteles en conflicto. El general iba como emisario de la Presidencia seg\u00fan se confirma en el diario de Zambada Niebla.<\/p>\n\n\n\n<figure class=\"wp-block-image size-full\"><img loading=\"lazy\" decoding=\"async\" width=\"700\" height=\"394\" src=\"https:\/\/losperiodistas.com.mx\/portal\/wp-content\/uploads\/2022\/06\/50879902_401.jpeg\" alt=\"\" class=\"wp-image-29914\" srcset=\"https:\/\/losperiodistas.com.mx\/portal\/wp-content\/uploads\/2022\/06\/50879902_401.jpeg 700w, https:\/\/losperiodistas.com.mx\/portal\/wp-content\/uploads\/2022\/06\/50879902_401-300x169.jpeg 300w\" sizes=\"(max-width: 700px) 100vw, 700px\" \/><figcaption>La toma de Culiac\u00e1n por parte de grupos fuertemente armados dio lugar a la liberaci\u00f3n de Ovidio Guzm\u00e1n, en 2019<\/figcaption><\/figure>\n\n\n\n<p>De acuerdo a informantes del gobierno federal, el gobierno de AMLO envi\u00f3 al ex subsecretario de gobernaci\u00f3n Ricardo Peralta, a reunirse con carteles de la droga, incluso antag\u00f3nicos para hacer la&nbsp;<em>pax mafiosa<\/em>. El objetivo principal era que disminuyeran los homicidios dolosos y algunos tipos de criminalidad a cambio de que el gobierno local y federal se&nbsp;<a href=\"https:\/\/www.dw.com\/es\/amlo-y-las-negociaciones-con-el-narco\/a-58019228\">hiciera de la vista gorda<\/a>&nbsp;del negocio de producci\u00f3n y tr\u00e1fico de estupefacientes.<\/p>\n\n\n\n<p>Un aliado de Peralta en esa operaci\u00f3n es el abogado Sergio Ram\u00edrez, quien ha sido representante legal y amigo personal de integrantes del grupo criminal La Uni\u00f3n de Tepito. Ram\u00edrez es muy cercano a Morena, presume sus fotograf\u00edas con el ex l\u00edder nacional de ese partido y ahora Secretario de Gobierno de la Ciudad de M\u00e9xico, Mart\u00ed Batres, brazo derecho de Claudia Sheinbaum, y sus fotos con la ex Secretaria de Gobernaci\u00f3n Olga S\u00e1nchez Cordero cuando era jefa de Peralta.<\/p>\n\n\n\n<p>Su socio Juan Pablo Penilla ha sido abogado de integrantes del cartel del Golfo y Los Zetas. Un reportaje del semanario&nbsp;<em>Proceso&nbsp;<\/em>de 2015&nbsp; transcribe expedientes judiciales en que se acusa a Penilla de haber sido c\u00f3mplice del testigo protegido de la PGR \u00abKaren\u201d para que no declarara contra Miguen Angel Trevi\u00f1o Morales alias \u00abZ40\u201d, l\u00edder de Los Zetas.<\/p>\n\n\n\n<p><strong>4. Ataques a la libertad de expresi\u00f3n y al periodismo de investigaci\u00f3n<\/strong><\/p>\n\n\n\n<p>Desde 2001 a la fecha, como periodista, ejerciendo mi derecho a la libertad de expresi\u00f3n y en base a la informaci\u00f3n documental y testimonial recabada en mis investigaciones, he cuestionado el poder presidencial y he puesto luz sobre los pactos entre miembros del gobierno de diferentes partidos pol\u00edticos: PRI, PAN, PRD, MORENA, Partido Sinaloense, etc., con el crimen organizado.<\/p>\n\n\n\n<p>Otra semejanza entre el r\u00e9gimen de AMLO y el de Calder\u00f3n es el uso de esbirros para crear desinformaci\u00f3n en la sociedad y a tacar a los periodistas independientes.<\/p>\n\n\n\n<p>Durante el gobierno de Calder\u00f3n , en los cuatro a\u00f1os que publiqu\u00e9 reportajes sobre actos como homicidios, corrupci\u00f3n, vinculaci\u00f3n con el narcotr\u00e1fico, enriquecimiento il\u00edcito y abuso de autoridad en los que estaban involucrados Genaro Garc\u00eda Luna (GGL) y sus allegados, personeros del gobierno e incluso comunicadores y periodistas lanzaron una campa\u00f1a para proteger a GGL y su grupo, me atacaron y desinformaron sobre mis investigaciones.<\/p>\n\n\n\n<p>Tras la publicaci\u00f3n de mi libro&nbsp;<em>Los Se\u00f1ores del Narco<\/em>, fui notificada de un plan para asesinarme orquestado por Garc\u00eda Luna y Luis C\u00e1rdenas Palomino, uno de sus colaboradores m\u00e1s cercanos. Hubieron intentos de censura y ataques de armados y de intimidaci\u00f3n espec\u00edficos a mi persona.<\/p>\n\n\n\n<p>En la administraci\u00f3n de AMLO, la funcionaria de la Presidencia Ana Elizabeth Garc\u00eda Vilchis en Palacio Nacional, el 8 de junio pasado, invent\u00f3 contenidos de mis art\u00edculos, desviando as\u00ed el contenido real. La servidora p\u00fablica dijo: \u00abEn v\u00edspera de las elecciones, la periodista Anabel Hern\u00e1ndez public\u00f3, otra vez sin ning\u00fan documento de prueba, que Morena habr\u00eda pactado en 2018 con el c\u00e1rtel Sinaloa para ganar las elecciones en las que result\u00f3 vencedor el presidente L\u00f3pez Obrador\u201d. Eso no fue publicado en mi art\u00edculo.<\/p>\n\n\n\n<p>El Presidente estaba al flanco de la funcionaria como aval, mientras\u00a0 ella ment\u00eda y me atacaba. Garc\u00eda Vilchis es el nuevo \u00abcuadrazo\u201d, como a AMLO le gusta llamar a las colaboradoras d\u00f3ciles y obedientes que hacen lo que \u00e9l diga aunque sea ilegal o inmoral.<\/p>\n\n\n\n<div class=\"wp-block-image\"><figure class=\"alignleft size-thumbnail\"><img loading=\"lazy\" decoding=\"async\" width=\"150\" height=\"150\" src=\"https:\/\/losperiodistas.com.mx\/portal\/wp-content\/uploads\/2022\/06\/48914858_404-150x150.jpeg\" alt=\"\" class=\"wp-image-29913\"\/><figcaption>Anabel Hern\u00e1ndez, periodista mexicana y autora de esta columna<\/figcaption><\/figure><\/div>\n\n\n\n<p><a href=\"https:\/\/www.dw.com\/es\/no-soy-felipe-calder%C3%B3n-dice-amlo-pero-c%C3%B3mo-se-parece\/a-62113191#\"><\/a><\/p>\n\n\n\n<p>Lejos qued\u00f3 el tiempo en que AMLO alababa mi trabajo. El 11 de diciembre de 2019 afirm\u00f3 sobre mi persona y trabajo, en el contexto de la detenci\u00f3n de Garc\u00eda Luna en Estados Unidos: \u00abEn ese sentido es muy bueno esto para que los que se sent\u00edan intocables y pensaban que, con el dinero, con las influencias lo pod\u00edan todo, pues que se den cuenta de que no es as\u00ed, no es as\u00ed.<\/p>\n\n\n\n<p>\u00abY tambi\u00e9n nos ayuda, en el caso de los medios de comunicaci\u00f3n, para darle atenci\u00f3n a las buenas investigaciones period\u00edsticas. Esta periodista, Anabel Hern\u00e1ndez, ha hecho trabajos muy buenos de investigaci\u00f3n arriesgando su vida y ha sido ninguneada, hasta mal vista, porque ese periodismo no se hac\u00eda o se hac\u00eda y se ve\u00eda como algo marginal. Ahora es como para reconocerle que ella ha estado tratando el tema, y as\u00ed otras periodistas\u2026\u201d<\/p>\n\n\n\n<p>El 5 de mayo de 2020, el mismo AMLO asegur\u00f3: \u00abEsta periodista Anabel Hern\u00e1ndez ha hecho trabajos de investigaci\u00f3n de primer orden, es una mujer profesional del periodismo y valiente. Es una mujer excepcional\u2026\u00bb<\/p>\n\n\n\n<p>En ese momento yo agradec\u00ed en lo personal las palabras de Andr\u00e9s Manuel como individuo, como un ciudadano m\u00e1s, y advert\u00ed que como funcionario p\u00fablico, \u00e9l, al igual que sus antecesores, debe rendir cuentas y anticip\u00e9: \u00abYo siempre ser\u00e9 una cr\u00edtica al poder cuando esto corresponda\u201d.<\/p>\n\n\n\n<p>Hubiera sido \u2018c\u00f3modo&#8217; agazaparme a los pies del patriarca, como los hacen muchos periodistas y comunicadores de poco profesionalismo y memoria, d\u00f3ciles bajo la palma del amo. Me causa cierta curiosidad morbosa c\u00f3mo lo hacen, qu\u00e9 botones dentro de s\u00ed les impulsa a ser domesticados.<\/p>\n\n\n\n<p>Los periodistas, los comunicadores, cualquiera que tenga una plataforma peque\u00f1a o grande de comunicaci\u00f3n, tienen como funci\u00f3n cuestionar al poder y servir a la sociedad comunicando la verdad. Esa es mi convicci\u00f3n profunda y nunca he declinado a ella.<\/p>\n\n\n\n<p>En una campa\u00f1a bien coordinada, a la par que se me atacaba desde Palacio Nacional\u00a0 a trav\u00e9s de redes sociales y comunicadores al servicio del poder, se ha intensificado la campa\u00f1a de desinformaci\u00f3n sobre mi trabajo. Se sacan de contexto mis afirmaciones porque sacarlas completas no funciona para sus fines de propaganda. E incluso se cre\u00f3 una cuenta falsa en Twitter usurpando mi identidad e imagen. <\/p>\n\n\n\n<figure class=\"wp-block-embed is-type-video is-provider-youtube wp-block-embed-youtube wp-embed-aspect-16-9 wp-has-aspect-ratio\"><div class=\"wp-block-embed__wrapper\">\n<iframe title=\"La verdad sobre el crimen y la corrupci\u00f3n - Anabel Hern\u00e1ndez | DW Documental\" width=\"500\" height=\"281\" src=\"https:\/\/www.youtube.com\/embed\/8zC4UdZlYpg?feature=oembed\" frameborder=\"0\" allow=\"accelerometer; autoplay; clipboard-write; encrypted-media; gyroscope; picture-in-picture; web-share\" referrerpolicy=\"strict-origin-when-cross-origin\" allowfullscreen><\/iframe>\n<\/div><\/figure>\n\n\n\n<p>Usando dicha cuenta se enga\u00f1\u00f3 a la sociedad y se dijo que yo denunci\u00e9 una amenaza de muerte a ra\u00edz de la columna publicada aqu\u00ed la semana pasada. Era falso el mensaje, pero muy grave y peligroso. La publicaci\u00f3n de amenazas falsas contra periodistas es perversa y tiene como finalidad restar credibilidad a las amenazas verdaderas vulnerando a\u00fan m\u00e1s la vida y trabajo de los periodistas.<\/p>\n\n\n\n<p>Si no fueron las loas de AMLO a mi trabajo lo que me detuvo a investigar sobre los narcopactos electorales entre MORENA y el Cartel de Sinaloa, mucho menos ser\u00e1n las agresiones desde Palacio Nacional o los fantasmas de las redes sociales los que puedan detener mis indagatorias.<\/p>\n\n\n\n<p>Ante un funcionario del Mecanismo de Protecci\u00f3n para Personas Defensoras de Derechos Humanos y Periodistas, es decir ante el propio gobierno de AMLO, hice el 8 de junio una denuncia por la falsa cuenta de Twitter y los ataques desde Palacio Nacional.<\/p>\n\n\n\n<p>Por desgracia, los narcopactos electorales no han existido y existen solo en M\u00e9xico, sino tambi\u00e9n en otras latitudes del planeta. El crimen organizado extiende sus tent\u00e1culos para controlar Palermo, la capital de Sicilia, a trav\u00e9s de pol\u00edticos del partido Fuerza Italia de Silvio Berlusconi, de acuerdo a documentos judiciales que tengo en mi poder.<\/p>\n\n\n\n<p>\u00bfQu\u00e9 tienen en com\u00fan el narcopacto electoral en Sicilia y en Sinaloa? De eso hablar\u00e1 mi pr\u00f3xima columna.<\/p>\n\n\n\n<p>Fuente: https:\/\/www.dw.com\/es\/no-soy-felipe-calder%C3%B3n-dice-amlo-pero-c%C3%B3mo-se-parece\/a-62113191<\/p>\n","protected":false},"excerpt":{"rendered":"<p>El art\u00edculo en este espacio sobre el narcopacto electoral entre el Cartel de Sinaloa y MORENA levanto \u00e1mpula en Palacio [&hellip;]<\/p>\n","protected":false},"author":1,"featured_media":29911,"comment_status":"open","ping_status":"open","sticky":false,"template":"","format":"standard","meta":{"site-sidebar-layout":"default","site-content-layout":"","ast-site-content-layout":"default","site-content-style":"default","site-sidebar-style":"default","ast-global-header-display":"","ast-banner-title-visibility":"","ast-main-header-display":"","ast-hfb-above-header-display":"","ast-hfb-below-header-display":"","ast-hfb-mobile-header-display":"","site-post-title":"","ast-breadcrumbs-content":"","ast-featured-img":"","footer-sml-layout":"","theme-transparent-header-meta":"","adv-header-id-meta":"","stick-header-meta":"","header-above-stick-meta":"","header-main-stick-meta":"","header-below-stick-meta":"","astra-migrate-meta-layouts":"default","ast-page-background-enabled":"default","ast-page-background-meta":{"desktop":{"background-color":"var(--ast-global-color-4)","background-image":"","background-repeat":"repeat","background-position":"center center","background-size":"auto","background-attachment":"scroll","background-type":"","background-media":"","overlay-type":"","overlay-color":"","overlay-opacity":"","overlay-gradient":""},"tablet":{"background-color":"","background-image":"","background-repeat":"repeat","background-position":"center center","background-size":"auto","background-attachment":"scroll","background-type":"","background-media":"","overlay-type":"","overlay-color":"","overlay-opacity":"","overlay-gradient":""},"mobile":{"background-color":"","background-image":"","background-repeat":"repeat","background-position":"center center","background-size":"auto","background-attachment":"scroll","background-type":"","background-media":"","overlay-type":"","overlay-color":"","overlay-opacity":"","overlay-gradient":""}},"ast-content-background-meta":{"desktop":{"background-color":"var(--ast-global-color-5)","background-image":"","background-repeat":"repeat","background-position":"center center","background-size":"auto","background-attachment":"scroll","background-type":"","background-media":"","overlay-type":"","overlay-color":"","overlay-opacity":"","overlay-gradient":""},"tablet":{"background-color":"var(--ast-global-color-5)","background-image":"","background-repeat":"repeat","background-position":"center center","background-size":"auto","background-attachment":"scroll","background-type":"","background-media":"","overlay-type":"","overlay-color":"","overlay-opacity":"","overlay-gradient":""},"mobile":{"background-color":"var(--ast-global-color-5)","background-image":"","background-repeat":"repeat","background-position":"center center","background-size":"auto","background-attachment":"scroll","background-type":"","background-media":"","overlay-type":"","overlay-color":"","overlay-opacity":"","overlay-gradient":""}},"footnotes":""},"categories":[8],"tags":[199,824,10761,1735,10470,2917],"class_list":["post-29910","post","type-post","status-publish","format-standard","has-post-thumbnail","hentry","category-noticias","tag-amlo","tag-cartel-sinaloa","tag-chapo-guzman","tag-felipe-calderon","tag-narcopolitica","tag-ovidio-guzman"],"_links":{"self":[{"href":"https:\/\/losperiodistas.com.mx\/portal\/wp-json\/wp\/v2\/posts\/29910","targetHints":{"allow":["GET"]}}],"collection":[{"href":"https:\/\/losperiodistas.com.mx\/portal\/wp-json\/wp\/v2\/posts"}],"about":[{"href":"https:\/\/losperiodistas.com.mx\/portal\/wp-json\/wp\/v2\/types\/post"}],"author":[{"embeddable":true,"href":"https:\/\/losperiodistas.com.mx\/portal\/wp-json\/wp\/v2\/users\/1"}],"replies":[{"embeddable":true,"href":"https:\/\/losperiodistas.com.mx\/portal\/wp-json\/wp\/v2\/comments?post=29910"}],"version-history":[{"count":1,"href":"https:\/\/losperiodistas.com.mx\/portal\/wp-json\/wp\/v2\/posts\/29910\/revisions"}],"predecessor-version":[{"id":29917,"href":"https:\/\/losperiodistas.com.mx\/portal\/wp-json\/wp\/v2\/posts\/29910\/revisions\/29917"}],"wp:featuredmedia":[{"embeddable":true,"href":"https:\/\/losperiodistas.com.mx\/portal\/wp-json\/wp\/v2\/media\/29911"}],"wp:attachment":[{"href":"https:\/\/losperiodistas.com.mx\/portal\/wp-json\/wp\/v2\/media?parent=29910"}],"wp:term":[{"taxonomy":"category","embeddable":true,"href":"https:\/\/losperiodistas.com.mx\/portal\/wp-json\/wp\/v2\/categories?post=29910"},{"taxonomy":"post_tag","embeddable":true,"href":"https:\/\/losperiodistas.com.mx\/portal\/wp-json\/wp\/v2\/tags?post=29910"}],"curies":[{"name":"wp","href":"https:\/\/api.w.org\/{rel}","templated":true}]}}